{"id":277057,"date":"2025-12-08T04:43:22","date_gmt":"2025-12-08T04:43:22","guid":{"rendered":"https:\/\/www.europesays.com\/es\/277057\/"},"modified":"2025-12-08T04:43:22","modified_gmt":"2025-12-08T04:43:22","slug":"soy-mas-amigo-de-satan-la-iglesia-ha-hecho-muchisimo-dano-a-la-hora-de-silenciar-el-vih","status":"publish","type":"post","link":"https:\/\/www.europesays.com\/es\/277057\/","title":{"rendered":"Soy m\u00e1s amigo de Sat\u00e1n, la Iglesia ha hecho much\u00edsimo da\u00f1o a la hora de silenciar el VIH"},"content":{"rendered":"<p id=\"paragraph_1\"><strong>Eduardo Casanova<\/strong> (<strong>Madrid<\/strong>, <strong>1991<\/strong>) no deja indiferente a nadie. Para muchos es odiado, para otros muchos, querido. Es buen anfitri\u00f3n y lo demuestra al abrir las puertas de su peque\u00f1o adosado a las afueras de <strong>Madrid<\/strong>, donde recibe a <a href=\"https:\/\/www.elespanol.com\/reportajes\/20251123\/sara-salamo-comparto-isco-mismos-valores-feminismo-primero-apoyar-jennifer-hermoso\/1003744024777_0.html?utm_cmp_rs=linksinline\" rel=\"nofollow noopener\" target=\"_blank\">EL ESPA\u00d1OL<\/a>. En la planta baja alberga una especie de despacho-museo donde exhibe una gran colecci\u00f3n de logros profesionales, esos que una parte del <a href=\"https:\/\/www.elespanol.com\/reportajes\/20251103\/viva-suecia-bob-dylan-no-pensaba-enfadarian-cantar-follas-mujer-lloras-chica\/1003743964628_0.html?utm_cmp_rs=linksinline\" rel=\"nofollow noopener\" target=\"_blank\">p\u00fablico patrio<\/a> denosta, a pesar de contar con el prestigioso respaldo de los cert\u00e1menes de cine internacionales.<\/p>\n<p class=\"paragraph\" id=\"paragraph_2\">Durante el encuentro, queremos entender el porqu\u00e9 del odio que recae sobre su figura. <strong>\u00c9l asegura que ese desprecio proviene de otro mundo, el de las redes sociales<\/strong>, \u201cal que no hay que prestar mucha atenci\u00f3n\u201d. Desde luego, <strong>Eduardo<\/strong> es esquivo y a la vez pele\u00f3n. Est\u00e1 predispuesto para responder al ataque, pero se equivoca de enemigo. Intuye amenaza en nuestras preguntas cuando s\u00f3lo hay curiosidad genuina por descubrir por qu\u00e9 le persigue una turba que lo acusa de que su cine, por falta de calidad, no deber\u00eda recibir subvenciones.<\/p>\n<p class=\"paragraph\" id=\"paragraph_3\"><strong>Eduardo<\/strong> asegura haber sido siempre <strong>director de cine<\/strong>. Lejos queda ya aquel personaje que interpret\u00f3 siendo ni\u00f1o en la m\u00edtica serie A\u00edda, donde, sin quererlo, marc\u00f3 una impronta en <strong>visibilizar la homosexualidad<\/strong> en la televisi\u00f3n espa\u00f1ola. A pesar de ello, dice nunca haberse sentido actor, una profesi\u00f3n que requiere un talento que \u00e9l cree no tener. Lo suyo es dirigir, aunque moleste a muchos. Su <strong>obra<\/strong>, grotesca y bella a partes iguales, a ratos provocativa en lo visual, hace uso de una est\u00e9tica cuyo sello no puede ser otro que el suyo propio. Ah\u00ed radica gran parte de su talento.<\/p>\n<p><img decoding=\"async\" alt=\"El director Eduardo Casanova.\" data-imgm=\"true\" height=\"180\" loading=\"lazy\"  src=\"https:\/\/www.europesays.com\/es\/wp-content\/uploads\/2025\/12\/1003744045211_260350249_1024x576.jpg\"  width=\"320\"\/><\/p>\n<p>                                                            El director Eduardo Casanova.<\/p>\n<p>                    Cristina Villarino<\/p>\n<p>                    EL ESPA\u00d1OL<\/p>\n<p class=\"paragraph\" id=\"paragraph_4\">Ahora presenta su \u00faltimo proyecto, Silencio (estrenada el pasado 1 de diciembre en Movistar plus), <strong>una serie vamp\u00edrica<\/strong> donde mezcla fantas\u00eda con una realidad oculta: la de las personas que sufren en <strong>silencio el sida<\/strong>, una enfermedad que, a d\u00eda de hoy y a pesar de los avances m\u00e9dicos, sigue siendo tab\u00fa. \u201c<strong>La Iglesia ha hecho much\u00edsimo da\u00f1o a la hora de silenciar esta enfermedad. Por eso, yo soy m\u00e1s amigo de Sat\u00e1n<\/strong>\u201d, expresa.<strong> Eduardo Casanova<\/strong> es \u00fanico.<\/p>\n<p class=\"paragraph\" id=\"paragraph_5\"><strong>Pregunta.\u2013 \u00bfPor qu\u00e9 en Silencio decide abordar el estigma que hay alrededor del VIH?<\/strong><\/p>\n<p class=\"paragraph\" id=\"paragraph_6\"><strong>Respuesta.\u2013<\/strong> Bueno, el proyecto nace de una propuesta que me hace la ONG Apoyo Positivo, la cual est\u00e1 dedicada a la visibilizaci\u00f3n y concienciaci\u00f3n del VIH. Entonces, yo considero que es un buen momento para hablar de forma diferente sobre la pandemia del VIH y del sida. Todos tenemos en el imaginario pel\u00edculas como Philadelphia o 120 pulsaciones por minuto en las que se retrata esta enfermedad desde una \u00f3ptica pasada. Y creo que es importante contarlo desde la problem\u00e1tica actual. Si no, nos quedamos con una narrativa a\u00f1eja en la que se enfoca esta enfermedad siempre desde la tristeza, lo cual genera un pensamiento colectivo no evolutivo.<\/p>\n<p class=\"paragraph\" id=\"paragraph_7\"><strong>P.\u2013 \u00bfY c\u00f3mo puede la comedia aportar esa lucidez necesaria sobre el tema y c\u00f3mo ayuda a desestigmatizar esta enfermedad?<\/strong><\/p>\n<p class=\"paragraph\" id=\"paragraph_8\"><strong>R.\u2013<\/strong> En Silencio la comedia no banaliza ni frivoliza ni le resta importancia a la problem\u00e1tica de la pandemia del VIH. La realidad es que el 76% de las personas con VIH no son visibles y lo sufren en silencio; sin embargo, cabe destacar que no toda su vida es horrible. Son humanos y humanas y tienen una vida lo m\u00e1s normal posible. A pesar de que, por ejemplo, a la hora de viajar tengan que esconder su medicaci\u00f3n ya que hay pa\u00edses en los que no est\u00e1 permitido ser seropositivo. Por tanto, y a pesar de ser un tema duro, entend\u00ed que la mejor forma de concienciar sobre este tema era a trav\u00e9s de la comedia. Creo que para concienciar con efectividad hay que entretener al espectador.<\/p>\n<p class=\"paragraph\" id=\"paragraph_9\"><strong>P.\u2013 \u00bfY por qu\u00e9 decide abordar el tema desde la fantas\u00eda y esta est\u00e9tica vamp\u00edrica?<\/strong><\/p>\n<p class=\"paragraph\" id=\"paragraph_10\"><strong>R.\u2013<\/strong> Bueno, mi forma de expresarme va muy de la mano de la est\u00e9tica. Mi cine es muy est\u00e9tico, y esa es mi forma de hacerlo.<\/p>\n<p><img loading=\"lazy\" decoding=\"async\" alt=\"Sara S\u00e1lamo presenta 'En silencio, la resiliencia de Isco Alarc\u00f3n'.\" height=\"180\" src=\"https:\/\/www.europesays.com\/es\/wp-content\/uploads\/2025\/12\/1003744024810_260348628_320x180.jpg\" width=\"320\" data-lazy-status=\"processed\" data-lazy-info=\"remove loading item 1\"\/><\/p>\n<p class=\"paragraph\" id=\"paragraph_11\"><strong>P.\u2013 \u00bfY por qu\u00e9 vampiras y no vampiros? \u00bfQuer\u00eda establecer una analog\u00eda con las mujeres, las grandes olvidadas, que padecen VIH en silencio?<\/strong><\/p>\n<p class=\"paragraph\" id=\"paragraph_12\"><strong>R.\u2013<\/strong> S\u00ed, las mujeres siempre han sido las m\u00e1s silenciadas en todo, y a todos y a todas nos atraviesa la misoginia y el patriarcado; pero con respecto al VIH las mujeres han sido silenciadas mucho m\u00e1s a\u00fan. A la hora de documentarme, tuve en cuenta una frase de una campa\u00f1a que dice: \u00abNo conozco a ninguna lesbiana con sida, ahora ya conoces a una\u00bb. Y es que el VIH parece que siempre ha sido una enfermedad de hombres homosexuales, cuando no es as\u00ed.<\/p>\n<p class=\"paragraph\" id=\"paragraph_13\">Y, partiendo de esa idea, me di cuenta de que las vampiras tambi\u00e9n han sido otras grandes silenciadas en la ficci\u00f3n, con lo cual, creo que enlazaba muy bien el hecho de escoger a vampiras para hablar sobre mujeres que padecen VIH. Las vampiras no existen en la vida real, pero si existieran me interesar\u00eda entenderlas desde ese punto de vista de que son monstruas a las que no les puede dar la luz y, adem\u00e1s, son culpadas de transmitir la peste negra en el siglo XIV. As\u00ed que creo que ese paralelismo serv\u00eda para contar esta historia.<\/p>\n<p class=\"paragraph\" id=\"paragraph_14\"><strong>P.\u2013 \u00bfY por qu\u00e9, a diferencia de otras enfermedades, el sida sigue siendo un tema tab\u00fa?<\/strong><\/p>\n<p class=\"paragraph\" id=\"paragraph_15\"><strong>R.\u2013<\/strong> Porque no hay educaci\u00f3n sexual respecto a esto. La medicina ha hecho su trabajo, que es conseguir que la vida de una persona con VIH sea completamente normal, donde puedes tener sexo con tu pareja si tienes una relaci\u00f3n cerrada y eres indetectable. Y no tienen efectos secundarios, y su longevidad es como la de una persona no enferma. Es decir, a nivel m\u00e9dico ha avanzado mucho, lo que no ha avanzado tanto es en lo social. Hasta 2023 las personas con VIH no pod\u00edan portar armas en Espa\u00f1a. Y hace s\u00f3lo tres meses se aprob\u00f3 que las personas seropositivas pudieran donar \u00f3rganos a otras personas seropositivas. As\u00ed que imag\u00ednate las personas con VIH que habr\u00e1n muerto por no poder recibir un trasplante.<\/p>\n<p class=\"paragraph\" id=\"paragraph_16\"><strong>P.\u2013 \u00bfHa conocido a alguien de su entorno que haya sufrido ese silencio que arrastra esta enfermedad?<\/strong><\/p>\n<p class=\"paragraph\" id=\"paragraph_17\"><strong>R.\u2013<\/strong> S\u00ed, sobre todo a ra\u00edz de empezar a trabajar con Apoyo Positivo en este proyecto. De hecho, en Silencio aparece la historia de Mar\u00eda Jos\u00e9 Fuster en el personaje que interpreta Mar\u00eda Le\u00f3n. Ella es una mujer heterosexual que consumi\u00f3 drogas en los 80 y le detectaron sida. Y ella es una referente ahora en este campo. Yo tambi\u00e9n soy gay y, aunque el VIH no es monopolio de la homosexualidad, siempre te encuentras con relatos de gente que lo ha padecido y te lo cuenta a posteriori. Y ah\u00ed te das cuenta de lo que han tenido que sufrir en silencio hasta el punto de no cont\u00e1rselo ni a su mejor amigo. No me parece justo.<\/p>\n<p><img decoding=\"async\" alt=\"Eduardo Casanova, durante una entrevista con EL ESPA\u00d1OL.\" data-imgm=\"true\" height=\"180\" loading=\"lazy\"  src=\"https:\/\/www.europesays.com\/es\/wp-content\/uploads\/2025\/12\/1003744045213_260350273_1024x576.jpg\"  width=\"320\"\/><\/p>\n<p>                                                            Eduardo Casanova, durante una entrevista con EL ESPA\u00d1OL.<\/p>\n<p>                    Cristina Villarino<\/p>\n<p>                    EL ESPA\u00d1OL<\/p>\n<p class=\"paragraph\" id=\"paragraph_18\"><strong>P.\u2013 \u00bfCree que el estigma sobre el sida siempre va de la mano de la homofobia?<\/strong><\/p>\n<p class=\"paragraph\" id=\"paragraph_19\"><strong>R.\u2013<\/strong> No, cuidado con eso. La homofobia juega un papel fundamental, pero desde la ignorancia de la enfermedad. Porque el mayor n\u00famero de personas con VIH son mujeres heterosexuales. A muchas mujeres les diagnostican VIH porque sus maridos se van con mujeres prostituidas.<\/p>\n<p class=\"paragraph\" id=\"paragraph_20\"><strong>P.\u2013 \u00bfY qu\u00e9 papel juega la Iglesia a la hora de ocultar y estigmatizar la enfermedad? En ese caso, la homofobia s\u00ed que sale a relucir.<\/strong><\/p>\n<p class=\"paragraph\" id=\"paragraph_21\"><strong>R.\u2013<\/strong> Bueno, la iglesia nombr\u00f3 al VIH en sus inicios como una bendici\u00f3n divina para acabar con la homosexualidad. As\u00ed que la culpa cristiana y la instituci\u00f3n de la Iglesia ha hecho much\u00edsimo da\u00f1o. Aunque luego hay muchas personas creyentes que s\u00ed rebaten esto que dijo la iglesia en su momento.<\/p>\n<p class=\"paragraph\" id=\"paragraph_22\"><strong>P.\u2013 \u00bfCree que ha habido una cierta apertura por parte de la instituci\u00f3n eclesi\u00e1stica, sobre todo a ra\u00edz del mandato del \u00faltimo papa, donde se entiende la homosexualidad de otra manera?<\/strong><\/p>\n<p class=\"paragraph\" id=\"paragraph_23\"><strong>R.\u2013<\/strong> Yo con la iglesia prefiero no meterme&#8230; Pero s\u00ed que te voy a decir que soy mucho m\u00e1s amigo de Sat\u00e1n.<\/p>\n<p class=\"paragraph\" id=\"paragraph_24\"><strong>P.\u2013 Antes ha citado algunas pel\u00edculas en las que se trata la problem\u00e1tica del VIH desde un prisma derrotista y triste. A ra\u00edz de esto, hace poco declar\u00f3 que tras ver estas pel\u00edculas muchas personas homosexuales empezaron a \u201cfollar con miedo\u201d. \u00bfAlguna vez ha tenido eso en su cabeza a la hora de mantener relaciones sexuales?<\/strong><strong\/><\/p>\n<p class=\"paragraph\" id=\"paragraph_25\"><strong>R.\u2013<\/strong> S\u00ed, claro. \u00bfT\u00fa eres una persona LGBT?<\/p>\n<p class=\"paragraph\" id=\"paragraph_26\"><strong>P.\u2013 No.<\/strong><\/p>\n<p class=\"paragraph\" id=\"paragraph_27\"><strong>R.\u2013<\/strong> \u00bfY tienes amigos LGBT?<\/p>\n<p class=\"paragraph\" id=\"paragraph_28\"><strong>P.\u2013 S\u00ed, claro.<\/strong><\/p>\n<p class=\"paragraph\" id=\"paragraph_29\"><strong>R.\u2013<\/strong> Pues preg\u00fantale a ellos. Y te van a decir que todas las personas homosexuales hemos tenido eso en la cabeza a la hora de tener sexo.<\/p>\n<p><img decoding=\"async\" alt=\"Anabel Alonso habla con EL ESPA\u00d1OL tras su estreno de 'La Mujer Rota' de Simone de Beauvoir, en el Teatro Infanta Isabel de Madrid.\" height=\"180\" loading=\"lazy\" width=\"320\" data-lazy-status=\"processed\" id=\"bad5445b20\" src=\"https:\/\/www.elespanol.com\/reportajes\/20251207\/eduardo-casanova-amigo-satan-iglesia-hecho-muchisimo-dano-hora-silenciar-vih\/[\" https:=\"\" data-lazy-info=\"changed src\"\/><\/p>\n<p class=\"paragraph\" id=\"paragraph_30\"><strong>P.\u2013 \u00bfY hasta qu\u00e9 punto eso le ha llegado a influir a la hora de decidir mantener una relaci\u00f3n sexual?<\/strong><\/p>\n<p class=\"paragraph\" id=\"paragraph_31\"><strong>R.\u2013<\/strong> Pues he de decir que las personas homosexuales llevamos ventaja sobre las personas heterosexuales ya que este tipo de narrativas sobre el miedo a contagiarnos ha hecho que nos protejamos mucho m\u00e1s. Para una persona heterosexual parece que su \u00fanico miedo es el de quedarse embarazada. Y para los hombres ya ni te cuento, para ellos las ETS (Enfermedades de Transmisi\u00f3n Sexual) son de otro mundo, parece.<\/p>\n<p class=\"paragraph\" id=\"paragraph_32\"><strong>P.\u2013 Por desgracia, es m\u00e1s com\u00fan de lo que parece.<\/strong><\/p>\n<p class=\"paragraph\" id=\"paragraph_33\"><strong>R.\u2013<\/strong> Yo he tenido ladillas y s\u00edfilis. Pero me faltan muchas para completar mi colecci\u00f3n (bromea).<\/p>\n<p class=\"paragraph\" id=\"paragraph_34\"><strong>P.\u2013 Hablando sobre su carrera. En una entrevista dijo que, a pesar de haber obtenido un amplio reconocimiento por su personaje en la m\u00edtica serie A\u00edda, no se consideraba actor, ya que no se sent\u00eda a la altura. \u00bfPor qu\u00e9?<\/strong><\/p>\n<p class=\"paragraph\" id=\"paragraph_35\"><strong>R.\u2013<\/strong> Ser actor es una profesi\u00f3n muy complicada, donde se requiere mucho talento, y yo no me considero que tenga ese talento. Es como ponerme una chapa de una profesi\u00f3n que no me pertenece. Y he trabajado como actor y lo he hecho lo mejor que he sabido. Tambi\u00e9n era muy peque\u00f1o, ten\u00eda 12 a\u00f1os, y las responsabilidades eran menores. Yo siempre fui director de cine.<\/p>\n<p class=\"paragraph\" id=\"paragraph_36\"><strong>P.\u2013 \u00bfDe d\u00f3nde nace esa inquietud por querer dirigir?<\/strong><\/p>\n<p class=\"paragraph\" id=\"paragraph_37\"><strong>R.\u2013<\/strong> Hay veces que no sabes de d\u00f3nde nace. No te voy a preguntar, porque es de mala educaci\u00f3n, de d\u00f3nde nace tu inter\u00e9s por ser periodista. Hay profesiones que son vocacionales. Y creo que en mi caso tiene que ver con la necesidad de querer comunicar y contar cosas diferentes.<\/p>\n<p><img decoding=\"async\" alt=\"Eduardo Casanova.\" data-imgm=\"true\" height=\"180\" loading=\"lazy\"  src=\"https:\/\/www.europesays.com\/es\/wp-content\/uploads\/2025\/12\/1003744045214_260350318_1024x576.jpg\"  width=\"320\"\/><\/p>\n<p>                                                            Eduardo Casanova.<\/p>\n<p>                    Cristina Villarino<\/p>\n<p>                    EL ESPA\u00d1OL<\/p>\n<p class=\"paragraph\" id=\"paragraph_38\"><strong>P.\u2013 \u00bfSe siente orgulloso de lo que ese personaje le aport\u00f3?<\/strong><\/p>\n<p class=\"paragraph\" id=\"paragraph_39\"><strong>R.\u2013<\/strong> S\u00ed, claro. S\u00faper orgulloso. Si tuviese que elegir un personaje que me catapultase a la fama ser\u00eda Fidel, que fue el primer ni\u00f1o gay de la televisi\u00f3n espa\u00f1ola. Y fue en consonancia con lo que yo soy a d\u00eda de hoy. Ah\u00ed no era consciente todav\u00eda de la visibilidad al colectivo LGTB que estaba haciendo, yo hac\u00eda lo que me dec\u00edan, pero luego s\u00ed que fui consciente.<\/p>\n<p class=\"paragraph\" id=\"paragraph_40\"><strong>P.\u2013 \u00bfFueron muy exigentes aquellas jornadas de rodaje para un ni\u00f1o que acababa de empezar?<\/strong><\/p>\n<p class=\"paragraph\" id=\"paragraph_41\"><strong>R.\u2013<\/strong> S\u00ed, eran muchas horas de rodaje, y hab\u00eda otra legislaci\u00f3n. Ahora se controla mucho m\u00e1s cuando hay un menor en un rodaje. Pero yo decid\u00ed actuar y lo iba a hacer s\u00ed o s\u00ed. Y a m\u00ed me vino muy bien estar en un plat\u00f3 de rodaje antes que en un colegio. Aprend\u00ed mucho m\u00e1s, desde luego.<\/p>\n<p class=\"paragraph\" id=\"paragraph_42\"><strong>P.\u2013 A pesar de todo lo positivo que le aport\u00f3, \u00bfrecibi\u00f3 alg\u00fan ataque hom\u00f3fobo por la calle a ra\u00edz de hacerse conocido por ese personaje?<\/strong><\/p>\n<p class=\"paragraph\" id=\"paragraph_43\"><strong>R.\u2013<\/strong> La verdad es que por la calle nunca he recibido insultos. Me siento muy querido. Llevo muchos a\u00f1os siendo conocido y la gente me quiere mogoll\u00f3n.<\/p>\n<p class=\"paragraph\" id=\"paragraph_44\"><strong>P.\u2013 \u00bfLe cost\u00f3 que lo tomaran en serio como director de cine despu\u00e9s de venir de hacer una serie televisiva como actor?<\/strong><\/p>\n<p class=\"paragraph\" id=\"paragraph_45\"><strong>R.\u2013<\/strong> Me sabe mal dec\u00edrtelo, pero tampoco. Yo empec\u00e9 a dirigir a los 11 a\u00f1os haciendo cortos. Y pasaban m\u00e1s desapercibidos porque los cortometrajes siempre pasan desapercibidos. Sin embargo, a pesar de ello, todos han tenido un recorrido incre\u00edble. Y mi primera pel\u00edcula la produjo \u00c1lex de la Iglesia y se estren\u00f3 en la Berlinale. Entonces, no fue eso de: \u00abah, \u00bfpero que este chaval dirige?\u00bb.<\/p>\n<p><img decoding=\"async\" alt=\"La banda musical Viva Suecia.\" height=\"180\" loading=\"lazy\" width=\"320\" data-lazy-status=\"processed\" id=\"4687b4a2c7\" src=\"https:\/\/www.elespanol.com\/reportajes\/20251207\/eduardo-casanova-amigo-satan-iglesia-hecho-muchisimo-dano-hora-silenciar-vih\/[\" https:=\"\" data-lazy-info=\"changed src\"\/><\/p>\n<p class=\"paragraph\" id=\"paragraph_46\"><strong>P.\u2013 En alguna ocasi\u00f3n ha dicho que, antes de Silencio, su obra era \u201cpedante\u201d. \u00bfQu\u00e9 identifica hoy como pedanter\u00eda en sus obras anteriores?<\/strong><\/p>\n<p class=\"paragraph\" id=\"paragraph_47\"><strong>R.\u2013<\/strong> S\u00ed, bueno, creo que hac\u00eda como un tipo de cine m\u00e1s rebuscado, m\u00e1s denso, menos comprometido con el entretenimiento. Aunque siempre he pretendido entretener. Pero esta serie marca un final. Yo, de todas formas, a veces tiendo a ser pedante, pero no lo siento tanto ahora.<\/p>\n<p class=\"paragraph\" id=\"paragraph_48\"><strong>P.\u2013 Lo que s\u00ed prevalece siempre en su cine es esa est\u00e9tica que conjuga la belleza con lo grotesco. Eso le ha llevado, en ocasiones, a que el p\u00fablico no pueda evitar \u00abtaparse los ojos\u00bb, seg\u00fan dijo usted en una entrevista. \u00bfLo hace conscientemente para provocar esa contradicci\u00f3n o rechazo en el espectador?<\/strong><\/p>\n<p class=\"paragraph\" id=\"paragraph_49\"><strong>R.\u2013<\/strong> La verdad es que rechazo no busco.<\/p>\n<p class=\"paragraph\" id=\"paragraph_50\"><strong>P.\u2013 Bueno, un impacto.<\/strong><\/p>\n<p class=\"paragraph\" id=\"paragraph_51\"><strong>R.\u2013<\/strong> Me gusta mucho el arte pl\u00e1stico y que eso genere emociones. Pero no busco que cierren los ojos. Si dedic\u00e1ndome al cine buscara que la gente cerrara los ojos estar\u00eda bastante fastidiado.<\/p>\n<p class=\"paragraph\" id=\"paragraph_52\"><strong>P.\u2013 Al margen de ese impacto por la est\u00e9tica de su cine, ha sufrido el odio y el desprecio hacia sus trabajos, sobre todo a trav\u00e9s de redes sociales, \u00bfpor qu\u00e9?<\/strong><\/p>\n<p class=\"paragraph\" id=\"paragraph_53\"><strong>R.\u2013<\/strong> No lo s\u00e9, porque yo no vivo en las redes sociales. Las redes son un mundo aparte. Much\u00edsima gente se ha ido de Twitter. Y en el mundo real, Silencio ha sido estrenada en Locarno, uno de los festivales de mayor prestigio internacional, y ha recibido unas cr\u00edticas incre\u00edbles. Y una plataforma tan respetable como Movistar ha seleccionado Silencio y est\u00e1 siendo una de las series m\u00e1s vistas. Y bueno, yo te invito a que nos demos un paseo por la calle ahora y vas a ver c\u00f3mo recibo muestras de cari\u00f1o. No s\u00e9 si es que la gente pueda ser muy falsa o no, pero vamos, no creo. La gente me quiere. Habr\u00e1 gente a la que le gustar\u00e9 m\u00e1s o menos, eso es l\u00f3gico. Pero a lo que sucede en redes sociales hay que prestarle poca atenci\u00f3n.<\/p>\n<p><img decoding=\"async\" alt=\"El actor y director Eduardo Casanova.\" data-imgm=\"true\" height=\"180\" loading=\"lazy\"  src=\"https:\/\/www.europesays.com\/es\/wp-content\/uploads\/2025\/12\/1003744045217_260350363_1024x576.jpg\"  width=\"320\"\/><\/p>\n<p>                                                            El actor y director Eduardo Casanova.<\/p>\n<p>                    Cristina Villarino<\/p>\n<p>                    EL ESPA\u00d1OL<\/p>\n<p class=\"paragraph\" id=\"paragraph_54\"><strong>P.\u2013 Pero m\u00e1s all\u00e1 de que a alguien le pueda gustar m\u00e1s o menos, hay un denominador com\u00fan en esas cr\u00edticas y es que casi siempre van enfocadas a que su cine, por falta de calidad, no deber\u00eda recibir subvenciones. \u00bfQu\u00e9 opina de esto?<\/strong><\/p>\n<p class=\"paragraph\" id=\"paragraph_55\"><strong>R.\u2013<\/strong> Hay cr\u00edticas que hacen los cr\u00edticos de cine, y estamos recibiendo unas cr\u00edticas muy buenas, y luego est\u00e1n las cr\u00edticas que son las que t\u00fa dices. Yo no decido c\u00f3mo funciona la producci\u00f3n de las pel\u00edculas. Yo no soy productor y no he legislado c\u00f3mo se financian las cosas. Yo hago mi trabajo, escribo un guion y se lo mando a un productor o productora y, si le gusta, lo produce. Y despu\u00e9s me asignan un sueldo.<\/p>\n<p class=\"paragraph\" id=\"paragraph_56\"><strong>P.\u2013 \u00bfPero est\u00e1 a favor de las subvenciones para poder sacar adelante los proyectos?<\/strong><\/p>\n<p class=\"paragraph\" id=\"paragraph_57\"><strong>R.\u2013<\/strong> Creo que es importante que Espa\u00f1a tenga la capacidad de demostrar su arte a todo el mundo. Y este es uno de los motivos por los que se reciben este tipo de ayudas: para mostrar la marca Espa\u00f1a fuera de nuestras fronteras. Y generar econom\u00eda. Y hay subvenciones para los partidos pol\u00edticos, para la tauromaquia, para todo\u2026<\/p>\n<p class=\"paragraph\" id=\"paragraph_58\"><strong>P.\u2013 Sin embargo, es algo que mucha gente no entiende. Gran parte de las cr\u00edticas que ha recibido vinieron a ra\u00edz de que en la gala de los Goya usted pidiera \u00abm\u00e1s subvenciones y m\u00e1s dinero\u00bb para el cine espa\u00f1ol. \u00bfPor qu\u00e9 eso no se entiende?<\/strong><\/p>\n<p class=\"paragraph\" id=\"paragraph_59\"><strong>R.\u2013<\/strong> \u00bfMe est\u00e1s haciendo una entrevista para hacer sangre y sacar titulares?<\/p>\n<p class=\"paragraph\" id=\"paragraph_60\"><strong>P.\u2013 Para nada, simplemente le estoy preguntando por la pol\u00e9mica que hay alrededor de la cuesti\u00f3n de las subvenciones en el cine y sobre los ataques directos que usted recibe por ese tema.<\/strong><\/p>\n<p class=\"paragraph\" id=\"paragraph_61\"><strong>R.\u2013<\/strong> Pero t\u00fa sabes que van a salir esos titulares.<\/p>\n<p class=\"paragraph\" id=\"paragraph_62\"><strong>P.\u2013 Saldr\u00e1n los que me cuente. Y usted es libre de contar y opinar lo que considere acerca de este tema.<\/strong><\/p>\n<p class=\"paragraph\" id=\"paragraph_63\"><strong>R.\u2013<\/strong> Pero t\u00fa sabes lo que va a salir.<\/p>\n<p class=\"paragraph\" id=\"paragraph_64\"><strong>P.\u2013 Yo lo que s\u00e9 es que simplemente intento entender por qu\u00e9 ese odio hacia las subvenciones que recibe el cine espa\u00f1ol, en general, y el odio que recibe usted, en particular. Estas preguntas se las hago a usted al igual que se las hago a Antonio de la Torre o a cualquier otro actor o director que entreviste.<\/strong><\/p>\n<p class=\"paragraph\" id=\"paragraph_65\"><strong>R.\u2013<\/strong> Pero la gente no se comporta con Antonio de la Torre igual que se comportan conmigo.<\/p>\n<p class=\"paragraph\" id=\"paragraph_66\"><strong>P.\u2013 Pues justo eso es lo que quiero entender.<\/strong><\/p>\n<p class=\"paragraph\" id=\"paragraph_67\"><strong>R.\u2013<\/strong> Pues tendr\u00e1s que preguntarle a la gente. Puedes hacer una especie de flashmob con mogoll\u00f3n de gente y les preguntas a todos.<\/p>\n<p class=\"paragraph\" id=\"paragraph_68\"><strong>P.\u2013 Ser\u00eda incre\u00edble, la verdad. Pero como no puedo hacer eso le quiero preguntar a usted de d\u00f3nde piensa que nacen esas cr\u00edticas.<\/strong><\/p>\n<p class=\"paragraph\" id=\"paragraph_69\">(Eduardo guarda silencio)<\/p>\n<p class=\"paragraph\" id=\"paragraph_70\"><strong>P.\u2013 \u00bfCree que las cr\u00edticas que recibe est\u00e1n sesgadas por un corte ideol\u00f3gico? \u00bfExiste un fascismo encubierto en esos ataques?<\/strong><\/p>\n<p class=\"paragraph\" id=\"paragraph_71\">(Eduardo vuelve a guardar silencio)<\/p>\n<p><img decoding=\"async\" alt=\"Eduardo Casanova, presentando su nuevo trabajo, 'Silencio'.\" data-imgm=\"true\" height=\"180\" loading=\"lazy\"  src=\"https:\/\/www.europesays.com\/es\/wp-content\/uploads\/2025\/12\/1003744045218_260350387_1024x576.jpg\"  width=\"320\"\/><\/p>\n<p>                                                            Eduardo Casanova, presentando su nuevo trabajo, &#8216;Silencio&#8217;.<\/p>\n<p>                    Cristina Villarino<\/p>\n<p>                    EL ESPA\u00d1OL<\/p>\n<p class=\"paragraph\" id=\"paragraph_72\"><strong>P.\u2013 \u00bfY qu\u00e9 le gustar\u00eda que el p\u00fablico entendiera mejor de usted o de su obra?<\/strong><\/p>\n<p class=\"paragraph\" id=\"paragraph_73\"><strong>R.<\/strong>\u2013 Que la disfruten, que para eso est\u00e1. Y creo que se lo pueden pasar muy bien. Adem\u00e1s, est\u00e1 comprobado, la gente se mea de la risa en las salas cuando ha visto la serie.<\/p>\n<p class=\"paragraph\" id=\"paragraph_74\"><strong>P.\u2013 Para acabar, h\u00e1bleme de sus pr\u00f3ximos proyectos.<\/strong><\/p>\n<p class=\"paragraph\" id=\"paragraph_75\"><strong>R.\u2013<\/strong> Pues me encantar\u00eda que hubiese segunda temporada de Silencio. Yo ya la tengo escrita y no depende de m\u00ed que se haga. Si de m\u00ed dependiera ya la estar\u00eda rodando. Adem\u00e1s, el p\u00fablico la pide, a la gente se le queda corta la primera temporada.<\/p>\n<p class=\"paragraph\" id=\"paragraph_76\"><strong>P.\u2013 Y vuelve, en formato largometraje, A\u00edda. Se llama A\u00edda y vuelta y estar\u00e1 disponible en cines el 30 de enero de 2026.<\/strong><\/p>\n<p class=\"paragraph\" id=\"paragraph_77\"><strong>R.\u2013<\/strong> Yo no la he visto todav\u00eda, pero he hecho la pel\u00edcula y he le\u00eddo el guion y es una pel\u00edcula maravillosa, sobre todo porque est\u00e1 dirigida por uno de los grandes autores que tenemos en este pa\u00eds, que es Paco Le\u00f3n, y aparte que es una pel\u00edcula muy pedida por el p\u00fablico.<\/p>\n","protected":false},"excerpt":{"rendered":"Eduardo Casanova (Madrid, 1991) no deja indiferente a nadie. Para muchos es odiado, para otros muchos, querido. Es&hellip;\n","protected":false},"author":2,"featured_media":277058,"comment_status":"","ping_status":"","sticky":false,"template":"","format":"standard","meta":{"footnotes":""},"categories":[91],"tags":[1014,65733,146,147,2958,25,24,44466,4286,23],"class_list":{"0":"post-277057","1":"post","2":"type-post","3":"status-publish","4":"format-standard","5":"has-post-thumbnail","7":"category-entretenimiento","8":"tag-actores","9":"tag-eduardo-casanova","10":"tag-entertainment","11":"tag-entretenimiento","12":"tag-entrevistas","13":"tag-es","14":"tag-espana","15":"tag-porfolio","16":"tag-reportajes","17":"tag-spain"},"share_on_mastodon":{"url":"https:\/\/pubeurope.com\/@es\/115682123881085381","error":""},"_links":{"self":[{"href":"https:\/\/www.europesays.com\/es\/wp-json\/wp\/v2\/posts\/277057","targetHints":{"allow":["GET"]}}],"collection":[{"href":"https:\/\/www.europesays.com\/es\/wp-json\/wp\/v2\/posts"}],"about":[{"href":"https:\/\/www.europesays.com\/es\/wp-json\/wp\/v2\/types\/post"}],"author":[{"embeddable":true,"href":"https:\/\/www.europesays.com\/es\/wp-json\/wp\/v2\/users\/2"}],"replies":[{"embeddable":true,"href":"https:\/\/www.europesays.com\/es\/wp-json\/wp\/v2\/comments?post=277057"}],"version-history":[{"count":0,"href":"https:\/\/www.europesays.com\/es\/wp-json\/wp\/v2\/posts\/277057\/revisions"}],"wp:featuredmedia":[{"embeddable":true,"href":"https:\/\/www.europesays.com\/es\/wp-json\/wp\/v2\/media\/277058"}],"wp:attachment":[{"href":"https:\/\/www.europesays.com\/es\/wp-json\/wp\/v2\/media?parent=277057"}],"wp:term":[{"taxonomy":"category","embeddable":true,"href":"https:\/\/www.europesays.com\/es\/wp-json\/wp\/v2\/categories?post=277057"},{"taxonomy":"post_tag","embeddable":true,"href":"https:\/\/www.europesays.com\/es\/wp-json\/wp\/v2\/tags?post=277057"}],"curies":[{"name":"wp","href":"https:\/\/api.w.org\/{rel}","templated":true}]}}