{"id":277082,"date":"2025-12-08T05:06:19","date_gmt":"2025-12-08T05:06:19","guid":{"rendered":"https:\/\/www.europesays.com\/es\/277082\/"},"modified":"2025-12-08T05:06:19","modified_gmt":"2025-12-08T05:06:19","slug":"la-novela-no-tiene-definicion-y-eso-es-lo-que-la-hace-increible","status":"publish","type":"post","link":"https:\/\/www.europesays.com\/es\/277082\/","title":{"rendered":"\u00abla novela no tiene definici\u00f3n y eso es lo que la hace incre\u00edble\u00bb"},"content":{"rendered":"<p style=\"\">Al Petit Cervin se llega tras ascender la cima Bianche Laghi, cerca de Breuil-Cervinia, una zona de los Alpes italianos conocida por sus lagos de monta\u00f1a y que forma parte de la ruta hacia el Mont-Blanc. A m\u00e1s de tres mil metros de  &#8230; altura, encajado en la cumbre del Cervino y entre el valle de Aosta, el escritor <a href=\"https:\/\/www.abc.es\/cultura\/libros\/carrere-cuenta-sobre-madre-jkfaskhfkjahsfhlkjhsfjakjshfjhasfasdfa-20250908170255-nt.html\" target=\"_blank\" data-voc-vtm-id=\"in-text-traffic\" title=\"Emmanuel Carr\u00e8re\" data-mrf-link=\"www.abc.es\" rel=\"nofollow noopener\">Emmanuel Carr\u00e8re<\/a> posa ante las c\u00e1maras. Sostiene su novela <strong>&#8216;Kolkhoze&#8217;,<\/strong> que acaba de recibir el <strong>Prix Grand Continent<\/strong>, un reconocimiento que distingue obras que ofrecen una mirada relevante sobre Europa. Instalado en la monta\u00f1a del yo, Carr\u00e8re hace cumbre con este h\u00edbrido entre ficci\u00f3n y no ficci\u00f3n.<\/p>\n<p class=\"voc-p\" style=\"\">&#8216;Kolkhoze&#8217; es un ejercicio de arqueolog\u00eda familiar. Parte del encuentro entre los futuros padres de su madre y se adentra en un pasado marcado por guerras, exilios y fracturas culturales. La joven germano-rusa protagonista procede de un linaje aristocr\u00e1tico derrumbado por la Revoluci\u00f3n y el estalinismo, mientras su pareja representa la Francia burguesa de posguerra. Ese choque permite a Carr\u00e8re explorar la Europa convulsa del siglo XX: migraciones forzadas, p\u00e9rdida de identidad, pobreza de los ap\u00e1tridas y peso de la historia sobre las vidas privadas. La suya incluida.<\/p>\n<p class=\"voc-p\" style=\"\">El t\u00edtulo -&#8216;Kolkhoze&#8217;, referencia a las granjas colectivas sovi\u00e9ticas- simboliza el trasfondo pol\u00edtico que configura la biograf\u00eda de su familia. No es solo un lugar, sino un sistema que determina destinos y fractura genealog\u00edas. La novela conecta ese paisaje hist\u00f3rico con el presente del escritor, que reconstruye <a href=\"https:\/\/www.abc.es\/cultura\/libros\/carrere-cuenta-sobre-madre-jkfaskhfkjahsfhlkjhsfjakjshfjhasfasdfa-20250908170255-nt.html\" target=\"_blank\" data-voc-vtm-id=\"in-text-traffic\" title=\"la vida de su madre\" data-mrf-link=\"www.abc.es\" rel=\"nofollow noopener\">la vida de su madre<\/a> para entender su car\u00e1cter y su aspiraci\u00f3n a ser reconocida por Francia. El argumento se sit\u00faa en el marco de la historia europea del siglo XX, donde identidad, memoria y afectos quedan unidos. El camino de ascenso est\u00e1 marcado por el punto de vista de Carr\u00e8re: \u00e9l es el macizo donde ocurre esta exploraci\u00f3n.<\/p>\n<p>\nCordillera de s\u00ed mismo\n<\/p>\n<p class=\"voc-p\" style=\"\">A Carr\u00e8re el yo le resulta tan natural como familiar. Para \u00e9l, la novela es aquello que se pone al servicio de una exploraci\u00f3n. No entiende que \u00aba un autor se le reproche hablar de s\u00ed mismo\u00bb, ni que se discuta si una obra es ficci\u00f3n o no ficci\u00f3n. \u00abLa novela es algo incre\u00edble, porque no tiene una definici\u00f3n. Cuando cuentas algo sobre la vida, se acerca m\u00e1s a la no ficci\u00f3n. Esa es la ventaja de la realidad: la libertad de lo que hacemos con ella\u00bb, explica. El yo es su territorio, la ladera por la que avanza o la cima a la que se sujeta con la escritura. Le basta su circunstancia.<\/p>\n<p class=\"voc-p\" style=\"\"><strong>\u2014 Este premio reconoce una mirada sobre todo un continente. \u00bfSe siente escritor europeo?<\/strong><\/p>\n<p class=\"voc-p\" style=\"\">\u2014 Yo soy un escritor franc\u00e9s que escribe en franc\u00e9s.<\/p>\n<p class=\"voc-p\" style=\"\"><strong>\u2014 Tambi\u00e9n europeo.<\/strong><\/p>\n<p class=\"voc-p\" style=\"\">\u2014 Soy franc\u00e9s porque mi lengua es el franc\u00e9s. Es lo \u00fanico que cuenta.<\/p>\n<p class=\"voc-p\" style=\"\"><strong>\u2014 En sus libros, Europa encarna parte de su reflexi\u00f3n.<\/strong><\/p>\n<p class=\"voc-p\" style=\"\">\u2014 Lo \u00fanico que habito es mi lengua. No existe tal cosa como una lengua europea.<\/p>\n<p><img decoding=\"async\" loading=\"lazy\" src=\"https:\/\/www.europesays.com\/es\/wp-content\/uploads\/2025\/12\/Carrere_Mario_CRuz-U72343076704WDK-758x470@diario_abc.jpg\" class=\"voc-d-c-combo-3__img\" width=\"758\" height=\"470\" alt=\"Imagen principal - Carr\u00e8re en los Alpes italianos.\"\/><\/p>\n<p><img decoding=\"async\" loading=\"lazy\" src=\"https:\/\/www.europesays.com\/es\/wp-content\/uploads\/2025\/12\/04Carrere_Mario_Cruz-U41161844762jUW-464x329@diario_abc.jpg\" class=\"voc-d-c-combo-3__img\" width=\"464\" height=\"329\" alt=\"Imagen secundaria 1 - Carr\u00e8re en los Alpes italianos.\"\/><\/p>\n<p><img decoding=\"async\" loading=\"lazy\" src=\"https:\/\/www.europesays.com\/es\/wp-content\/uploads\/2025\/12\/02CArrere_Mario_CRuz-U77203607178WAV-278x329@diario_abc.jpg\" class=\"voc-d-c-combo-3__img\" width=\"278\" height=\"329\" alt=\"Imagen secundaria 2 - Carr\u00e8re en los Alpes italianos.\"\/><\/p>\n<p>Carr\u00e8re en los Alpes italianos.<br \/>\nMario Cruz<\/p>\n<p>\nDistancia de Rusia\n<\/p>\n<p class=\"voc-p\" style=\"\">Emmanuel Carr\u00e8re naci\u00f3 en 1957. Creci\u00f3 en un ambiente intelectual marcado por su madre, la historiadora y acad\u00e9mica <strong>H\u00e9l\u00e8ne Carr\u00e8re d&#8217;Encausse<\/strong>. Ese trasfondo de memoria familiar y debates hist\u00f3ricos aparece en su obra. Comenz\u00f3 escribiendo novelas como &#8216;El bigote&#8217;, pero pronto su escritura se orient\u00f3 hacia un g\u00e9nero h\u00edbrido entre investigaci\u00f3n documental e introspecci\u00f3n. Esa mezcla alcanz\u00f3 su madurez con &#8216;El adversario&#8217;, relato estremecedor del caso Romand. Desde entonces explora vidas ajenas y propias con una obsesi\u00f3n constante por la verdad en libros como &#8216;Una novela rusa&#8217;, &#8216;De vidas ajenas&#8217;, &#8216;Lim\u00f3nov&#8217;, &#8216;El Reino&#8217; o &#8216;Yoga&#8217;.<\/p>\n<p class=\"voc-p\" style=\"\">La novela &#8216;Kolkhoze&#8217;, por la que esta semana ha recibido el premio Grand Continent, gira en torno a la muerte de su madre. Ese fue el detonante del libro, pero el proceso es m\u00e1s largo: el duelo impuls\u00f3 una excavaci\u00f3n m\u00e1s profunda. Carr\u00e8re deb\u00eda viajar a Mosc\u00fa el 24 de febrero de 2022, al inicio de la invasi\u00f3n rusa de Ucrania, para un proyecto cinematogr\u00e1fico. La guerra lo cambi\u00f3 todo: cancel\u00f3 el viaje y luego volvi\u00f3 para hacer reportajes y observar la situaci\u00f3n de primera mano. Esa experiencia aparece en su mirada sobre Rusia.<\/p>\n<p class=\"voc-p\" style=\"\">Tras la invasi\u00f3n, Carr\u00e8re modific\u00f3 su percepci\u00f3n tradicionalmente m\u00e1s comprensiva del pa\u00eds: \u00abYa no puedes amar a Rusia, pero s\u00ed a algunos rusos\u00bb. Esa grieta se percibe en &#8216;Kolkhoze&#8217;. En su investigaci\u00f3n mezcla el relato de sus ancestros rusos y georgianos con acontecimientos del siglo XX y XXI. La invasi\u00f3n de Ucrania no es tema central, pero s\u00ed un trasfondo hist\u00f3rico ineludible que contextualiza su reflexi\u00f3n sobre Rusia, la familia y la identidad europea. Aunque insiste en definirse como escritor de su lengua, su universo atiende a la hibridaci\u00f3n: como los Alpes, algo m\u00e1s amplio lo atraviesa y \u00e9l intenta cincelarlo mediante su yo literario, que percute sobre cuanto toca, incluido el periodismo. Por eso, en ocasiones, \u00e9l mismo deviene g\u00e9nero literario.<\/p>\n<p class=\"voc-p\" style=\"\"><strong>\u2014 En usted conviven un novelista y un periodista.<\/strong><\/p>\n<p class=\"voc-p\" style=\"\">\u2014 Hago periodismo todo el tiempo. Es algo que realmente me apasiona. Escribo reportajes exactamente igual que escribo libros. La \u00fanica diferencia es que tengo un editor. Es como si fuera un escritor de ficci\u00f3n que escribe novelas y tambi\u00e9n relatos. Yo no escribo relatos, pero escribo reportajes. Escribo igual que en los libros.<\/p>\n<p class=\"voc-p\" style=\"\"><strong>\u2014 \u00bfHasta qu\u00e9 punto el periodismo influye en el que hace ficci\u00f3n?<\/strong><\/p>\n<p class=\"voc-p\" style=\"\">\u2014 Considero que el periodismo es un g\u00e9nero literario. Tengo la suerte y el lujo de poder hacer reportajes con la misma libertad que un libro. Eso es seguro. Soy muy consciente de que es un privilegio raro\u00bb.<\/p>\n<p>\n\u00abA pesar de todo, comprender\u00bb\n<\/p>\n<p class=\"voc-p\" style=\"\">El ascenso alpino junto a Emmanuel Carr\u00e8re termina en la cumbre del Petit Cervin. All\u00ed pronuncia su discurso de aceptaci\u00f3n del premio Grand Continet, una reflexi\u00f3n sobre c\u00f3mo mirar el mundo. O acaso la constataci\u00f3n de que \u00e9l mismo es la cumbre de una forma de entender el mundo. \u00abHoy hay dos formas de ver las cosas: una relativamente optimista y otra radicalmente pesimista\u00bb, sentencia. \u00abLos optimistas piensan que atravesamos una fase de caos tr\u00e1gico que ya ha ocurrido antes y que la humanidad superar\u00e1. Los pesimistas creen que nunca ha existido un caos semejante y que no es una fase, sino el fin. El principal y, en mi opini\u00f3n, \u00fanico argumento a favor del enfoque relativamente optimista es que, desde los albores de la humanidad, siempre ha habido gente que ha dicho lo mismo -que antes era mejor y que el fin del mundo era inminente-\u00bb, dice mientras sostiene un folio entre sus manos. <\/p>\n<p class=\"voc-p\" style=\"\">El cielo luce impecable, un azul de ventana reci\u00e9n lustrada. Y ah\u00ed contin\u00faa el premiado, enunciando el mundo. \u00abUn gran latinista, Lucien Jerphagnon, escribi\u00f3 un libro muy divertido que es una antolog\u00eda de estas predicciones angustiosas a lo largo de la historia romana. Nada nuevo bajo el sol -eso ser\u00eda tranquilizador-\u00bb, dice. \u00abSin embargo, me parece evidente que no, que no siempre ha sido as\u00ed. Aunque consideremos como una constante la propensi\u00f3n del ser humano a angustiarse, sus motivos para angustiarse son nuevos e inapelables. No hace falta ser muy inteligente ni estar muy informado para enumerarlos. La primera de todas es que somos ocho mil millones en la Tierra y eso es demasiado. Las dem\u00e1s razones para angustiarnos se derivan de ello. Primero, el desastre ecol\u00f3gico, ahora irreversible. Segundo, la crisis migratoria: m\u00e1s de la mitad del planeta se est\u00e1 volviendo inhabitable, por lo que los habitantes de esa mitad quieren irse a vivir a la otra\u00bb. <\/p>\n<p class=\"voc-p\" style=\"\">En la mitad de su enumeraci\u00f3n hacia el Apocalipsis, Carr\u00e8re construye dos escalones m\u00e1s. \u00abTercero, la inteligencia artificial, que nos est\u00e1 devorando, pero a\u00fan no sabemos c\u00f3mo ni hasta qu\u00e9 punto\u00bb. Y finalmente el cuarto, que sirve de cornisa para despe\u00f1arse, cuesta abajo, \u00abque es el fin de la democracia, el fin de todos nuestros valores, pero es menos importante, ya que s\u00f3lo nos afecta a nosotros y, fuera de nosotros, nadie parece considerarlo una gran p\u00e9rdida\u00bb. El v\u00e9rtigo de su discurso no est\u00e1 en la altura desde la que es pronunciado, sino en la inminencia de su diagn\u00f3stico.<\/p>\n<p class=\"voc-p\" style=\"\">\u00abHe dicho que no hace falta ser muy inteligente ni estar muy informado para ser consciente de todo esto. Pero, aun as\u00ed, ser muy inteligente e informado ayuda. No sabemos muy bien en qu\u00e9, pero aun as\u00ed ayuda. Ayuda tener una conciencia m\u00e1s amplia y m\u00e1s aguda. Se llama conciencia hist\u00f3rica. Incluso en la situaci\u00f3n de la rana que se cuece a fuego lento y que s\u00f3lo descubre poco a poco lo que le est\u00e1 pasando, es bueno, a pesar de todo, comprender.\u00bb. A m\u00e1s de tres mil quinientos metros de altura, Carr\u00e8re acaba su discurso entre aplausos.<\/p>\n","protected":false},"excerpt":{"rendered":"Al Petit Cervin se llega tras ascender la cima Bianche Laghi, cerca de Breuil-Cervinia, una zona de los&hellip;\n","protected":false},"author":2,"featured_media":277083,"comment_status":"","ping_status":"","sticky":false,"template":"","format":"standard","meta":{"footnotes":""},"categories":[91],"tags":[29398,3563,67442,67441,146,147,25,24,7982,12857,1645,23],"class_list":{"0":"post-277082","1":"post","2":"type-post","3":"status-publish","4":"format-standard","5":"has-post-thumbnail","7":"category-entretenimiento","8":"tag-carrere","9":"tag-cumbre","10":"tag-definicion","11":"tag-emmanuelle","12":"tag-entertainment","13":"tag-entretenimiento","14":"tag-es","15":"tag-espana","16":"tag-increible","17":"tag-literario","18":"tag-novela","19":"tag-spain"},"share_on_mastodon":{"url":"https:\/\/pubeurope.com\/@es\/115682213441593436","error":""},"_links":{"self":[{"href":"https:\/\/www.europesays.com\/es\/wp-json\/wp\/v2\/posts\/277082","targetHints":{"allow":["GET"]}}],"collection":[{"href":"https:\/\/www.europesays.com\/es\/wp-json\/wp\/v2\/posts"}],"about":[{"href":"https:\/\/www.europesays.com\/es\/wp-json\/wp\/v2\/types\/post"}],"author":[{"embeddable":true,"href":"https:\/\/www.europesays.com\/es\/wp-json\/wp\/v2\/users\/2"}],"replies":[{"embeddable":true,"href":"https:\/\/www.europesays.com\/es\/wp-json\/wp\/v2\/comments?post=277082"}],"version-history":[{"count":0,"href":"https:\/\/www.europesays.com\/es\/wp-json\/wp\/v2\/posts\/277082\/revisions"}],"wp:featuredmedia":[{"embeddable":true,"href":"https:\/\/www.europesays.com\/es\/wp-json\/wp\/v2\/media\/277083"}],"wp:attachment":[{"href":"https:\/\/www.europesays.com\/es\/wp-json\/wp\/v2\/media?parent=277082"}],"wp:term":[{"taxonomy":"category","embeddable":true,"href":"https:\/\/www.europesays.com\/es\/wp-json\/wp\/v2\/categories?post=277082"},{"taxonomy":"post_tag","embeddable":true,"href":"https:\/\/www.europesays.com\/es\/wp-json\/wp\/v2\/tags?post=277082"}],"curies":[{"name":"wp","href":"https:\/\/api.w.org\/{rel}","templated":true}]}}