{"id":277099,"date":"2025-12-08T05:24:35","date_gmt":"2025-12-08T05:24:35","guid":{"rendered":"https:\/\/www.europesays.com\/es\/277099\/"},"modified":"2025-12-08T05:24:35","modified_gmt":"2025-12-08T05:24:35","slug":"rtve-lanza-la-promo-de-aria-su-talent-show-con-ruth-lorenzo-y-juanjo-bona-que-busca-a-la-nueva-estrella-de-la-opera","status":"publish","type":"post","link":"https:\/\/www.europesays.com\/es\/277099\/","title":{"rendered":"RTVE lanza la promo de &#8216;ARIA&#8217;, su talent show con Ruth Lorenzo y Juanjo Bona que busca a la nueva estrella de la \u00f3pera"},"content":{"rendered":"<p class=\"article-text\">\n        <strong>RTVE<\/strong> ya ha comenzado a promocionar <strong>ARIA, locos por la \u00f3pera<\/strong>, su nuevo talent show. La radiotelevisi\u00f3n p\u00fablica estrenar\u00e1 \u201cmuy pronto\u201d este formato conducido por <strong>Ruth Lorenzo<\/strong>, que contar\u00e1 con <strong>Juanjo Bona<\/strong> (OT 2023, MasterChef Celebrity 10) en el backstage y con el actor, pianista y creador de contenidos <strong>Mario Marzo<\/strong> (Los Protegidos, Bake Off) como maestro de ceremonias de cada una de las obras musicales que se interpreten en el programa.\n    <\/p>\n<p>    <a href=\"https:\/\/www.eldiario.es\/vertele\/noticias\/rtve-presenta-talent-opera-aria-concreta-papel-juanjo-bona-ruth-lorenzo-jurado_1_12796707.html\" data-mrf-recirculation=\"saber-mas\" data-dl-event=\"saber-mas\" rel=\"nofollow noopener\" target=\"_blank\"><\/p>\n<p class=\"know-more__title\">RTVE presenta el talent de \u00f3pera &#8216;ARIA&#8217;, concreta el papel de Juanjo Bona junto a Ruth Lorenzo y descubre el jurado<\/p>\n<p>            <img decoding=\"async\" class=\"lazy\" loading=\"lazy\" data-src=\"https:\/\/static.eldiario.es\/clip\/c958bfda-d00d-4a04-ae2d-4097db96838d_16-9-aspect-ratio_default_0.jpg\" src=\"data:image\/svg+xml,%3Csvg xmlns=\" http:=\"\" viewbox=\"0 0 880 495\" alt=\"RTVE presenta el talent de \u00f3pera 'ARIA', concreta el papel de Juanjo Bona junto a Ruth Lorenzo y descubre el jurado\"\/><\/p>\n<p>                        <\/a><\/p>\n<p class=\"article-text\">\n        Precisamente los tres son los protagonistas de la promo oficial lanzada por la Corporaci\u00f3n. Como si de un cuento se tratara, los tres cuentan el punto de partida de este espacio producido por <strong>Gestmusic (Banijay Iberia)<\/strong>: \u201cDiez an\u00f3nimos que esconden un gran talento y un d\u00eda el destino les pone sobre un escenario y cumplen el sue\u00f1o de sus vidas: emocionar al mundo entero. Pero solo uno llegar\u00e1 a ser la nueva estrella de la l\u00edrica\u201d.\n    <\/p>\n<blockquote class=\"twitter-tweet\" data-lang=\"es\"><p><a href=\"https:\/\/twitter.com\/X\/status\/1996926319108522205?ref_src=twsrc%5Etfw\" rel=\"nofollow noopener\" target=\"_blank\"><\/p><\/blockquote>\n<p>    Cuatro galas para buscar a la pr\u00f3xima estrella de la l\u00edrica<\/p>\n<p class=\"article-text\">\n        Bona, como dec\u00edamos, se encargar\u00e1 de<strong>\u00a0mostrar todo lo que ocurra en el backstage<\/strong>\u00a0durante las cuatro galas que componen el formato. \u201cMe siento muy identificado con el respeto que los participantes muestran a la \u00f3pera. Estoy deseando que la gente se d\u00e9 cuenta de que la \u00f3pera puede gustar a todo el mundo\u201d, asegur\u00f3 el cantante durante la presentaci\u00f3n del formato, celebrada <a href=\"https:\/\/www.eldiario.es\/vertele\/noticias\/rtve-presenta-talent-opera-aria-concreta-papel-juanjo-bona-ruth-lorenzo-jurado_1_12796707.html\" target=\"_blank\" data-mrf-recirculation=\"links-noticia\" class=\"link\" rel=\"nofollow noopener\">a finales de noviembre<\/a>.\n    <\/p>\n<p class=\"article-text\">\n        El joven conectar\u00e1 de manera recurrente con\u00a0<strong>Ruth Lorenzo<\/strong>, la presentadora titular de\u00a0ARIA, locos por la \u00f3pera, quien consolida su presencia en RTVE con otro proyecto tras haber estado al frente tanto de\u00a0Cover Night\u00a0como del Benidorm Fest en dos ediciones. La int\u00e9rprete mostr\u00f3 su gratitud en la rueda de prensa: \u201c<strong>Gracias por el amor que ten\u00e9is a la m\u00fasica<\/strong>\u00a0y por luchar por formatos como estos. Lo m\u00e1s bonito es ver a talento joven teniendo esta oportunidad, con una gu\u00eda de apoyo y con esta orquesta maravillosa\u201d.\n    <\/p>\n<p class=\"article-text\">\n        Marzo, por su parte, \u201crealizar\u00e1 una personal introducci\u00f3n de cada obra\u201d que interpreten los concursantes y \u201cdescubrir\u00e1 las historias que hay detr\u00e1s de ellas\u201d. Despu\u00e9s, los participantes del programa tendr\u00e1n que cantarlas sobre el escenario ante la atenta mirada del jurado, que estar\u00e1 compuesto por la soprano\u00a0<strong>Isabel Rey<\/strong>; el m\u00fasico\u00a0<strong>Jos\u00e9 Manuel Zapata<\/strong>, que ya fue jurado de otro talent de La 1 (Prodigios); y la directora Honor\u00edfica de la Orquesta Sinf\u00f3nica de Murcia\u00a0<strong>Virginia Mart\u00ednez<\/strong>. Tinet Rubira, director de Gestmusic, anunci\u00f3 durante la rueda de prensa la existencia de<strong>\u00a0un jurado secreto<\/strong>: \u201cEs alguien top del mundo de la \u00f3pera, que est\u00e1 jugando en las ligas mayores. Se desvelar\u00e1 en la \u00faltima gala y decide qui\u00e9n se queda y qui\u00e9n se va\u201d.\n    <\/p>\n<p class=\"article-text\">\n        El talento nacional tambi\u00e9n estar\u00e1 representado en el programa por una orquesta en plat\u00f3: la\u00a0<strong>Franz Schubert Filharmonia<\/strong>. Fundada y dirigida por\u00a0<strong>Tom\u00e0s Grau<\/strong>, adaptar\u00e1 tanto las arias m\u00e1s populares como distintas piezas pertenecientes a otros g\u00e9neros musicales. Sus integrantes se formaron en los mejores conservatorios de Espa\u00f1a, completando su formaci\u00f3n y perfeccionando su t\u00e9cnica en otros pa\u00edses.\n    <\/p>\n<p>    <a href=\"https:\/\/www.eldiario.es\/vertele\/analisis\/eurovision-pierde-espana-consecuencias-historica-decision-rtve-planton-israel_1_12823891.html\" data-mrf-recirculation=\"saber-mas-abajo\" data-dl-event=\"saber-mas-abajo\" rel=\"nofollow noopener\" target=\"_blank\"><\/p>\n<p class=\"know-more__title\">Todo lo que pierde Eurovisi\u00f3n sin Espa\u00f1a: las consecuencias de la hist\u00f3rica decisi\u00f3n de RTVE en su plant\u00f3n ante Israel\n<\/p>\n<p>            <img decoding=\"async\" class=\"lazy\" loading=\"lazy\" data-src=\"https:\/\/static.eldiario.es\/clip\/8a883acc-08e0-494a-b475-5bf92c977dc5_16-9-aspect-ratio_default_0.jpg\" src=\"data:image\/svg+xml,%3Csvg xmlns=\" http:=\"\" viewbox=\"0 0 880 495\" alt=\"Todo lo que pierde Eurovisi\u00f3n sin Espa\u00f1a: las consecuencias de la hist\u00f3rica decisi\u00f3n de RTVE en su plant\u00f3n ante Israel\"\/><\/p>\n<p>                        <\/a><\/p>\n<p class=\"article-text\">\n        El programa\u00a0<strong>ofrecer\u00e1 actuaciones solistas y grupales<\/strong>\u00a0de las arias m\u00e1s conocidas y\u00a0<strong>se dirigir\u00e1 a un p\u00fablico amplio<\/strong>: desde amantes de la \u00f3pera hasta aquellos que se acercan por primera vez al g\u00e9nero l\u00edrico. Adem\u00e1s, tendr\u00e1 un\u00a0enfoque did\u00e1ctico\u00a0y fresco y contar\u00e1 con la participaci\u00f3n de\u00a0destacados cantantes espa\u00f1oles ajenos al universo oper\u00edstico, que interpretar\u00e1n piezas muy populares adaptadas a la l\u00edrica. \u201cQueremos acercarnos a todos los g\u00e9neros musicales. La l\u00edrica no tiene que ser elitista, debe llegar a todo el mundo\u201d, asegur\u00f3 la directora de Producci\u00f3n de Contenidos de RTVE,\u00a0<strong>Ana Mar\u00eda Bordas<\/strong>, durante la presentaci\u00f3n del programa.\n    <\/p>\n<p>                                    <script async src=\"https:\/\/platform.twitter.com\/widgets.js\" charset=\"utf-8\"><\/script><\/p>\n","protected":false},"excerpt":{"rendered":"RTVE ya ha comenzado a promocionar ARIA, locos por la \u00f3pera, su nuevo talent show. La radiotelevisi\u00f3n p\u00fablica&hellip;\n","protected":false},"author":2,"featured_media":277100,"comment_status":"","ping_status":"","sticky":false,"template":"","format":"standard","meta":{"footnotes":""},"categories":[171],"tags":[67444,39219,331,146,147,25,24,14267,13443,2629,1494,795,7452,21541,518,62698,526,23,12211,214],"class_list":{"0":"post-277099","1":"post","2":"type-post","3":"status-publish","4":"format-standard","5":"has-post-thumbnail","7":"category-tv","8":"tag-aria","9":"tag-bona","10":"tag-busca","11":"tag-entertainment","12":"tag-entretenimiento","13":"tag-es","14":"tag-espana","15":"tag-estrella","16":"tag-juanjo","17":"tag-lanza","18":"tag-lorenzo","19":"tag-nueva","20":"tag-opera","21":"tag-promo","22":"tag-rtve","23":"tag-ruth","24":"tag-show","25":"tag-spain","26":"tag-talent","27":"tag-tv"},"share_on_mastodon":{"url":"https:\/\/pubeurope.com\/@es\/115682283564620738","error":""},"_links":{"self":[{"href":"https:\/\/www.europesays.com\/es\/wp-json\/wp\/v2\/posts\/277099","targetHints":{"allow":["GET"]}}],"collection":[{"href":"https:\/\/www.europesays.com\/es\/wp-json\/wp\/v2\/posts"}],"about":[{"href":"https:\/\/www.europesays.com\/es\/wp-json\/wp\/v2\/types\/post"}],"author":[{"embeddable":true,"href":"https:\/\/www.europesays.com\/es\/wp-json\/wp\/v2\/users\/2"}],"replies":[{"embeddable":true,"href":"https:\/\/www.europesays.com\/es\/wp-json\/wp\/v2\/comments?post=277099"}],"version-history":[{"count":0,"href":"https:\/\/www.europesays.com\/es\/wp-json\/wp\/v2\/posts\/277099\/revisions"}],"wp:featuredmedia":[{"embeddable":true,"href":"https:\/\/www.europesays.com\/es\/wp-json\/wp\/v2\/media\/277100"}],"wp:attachment":[{"href":"https:\/\/www.europesays.com\/es\/wp-json\/wp\/v2\/media?parent=277099"}],"wp:term":[{"taxonomy":"category","embeddable":true,"href":"https:\/\/www.europesays.com\/es\/wp-json\/wp\/v2\/categories?post=277099"},{"taxonomy":"post_tag","embeddable":true,"href":"https:\/\/www.europesays.com\/es\/wp-json\/wp\/v2\/tags?post=277099"}],"curies":[{"name":"wp","href":"https:\/\/api.w.org\/{rel}","templated":true}]}}