{"id":277103,"date":"2025-12-08T05:28:09","date_gmt":"2025-12-08T05:28:09","guid":{"rendered":"https:\/\/www.europesays.com\/es\/277103\/"},"modified":"2025-12-08T05:28:09","modified_gmt":"2025-12-08T05:28:09","slug":"el-estudio-mas-amplio-apuntala-que-la-vacuna-del-covid-reduce-la-mortalidad","status":"publish","type":"post","link":"https:\/\/www.europesays.com\/es\/277103\/","title":{"rendered":"El estudio m\u00e1s amplio apuntala que la vacuna del covid reduce la mortalidad"},"content":{"rendered":"<p class=\"ft-text ft-helper-closenews\">Un estudio que sigui\u00f3 a 28,7 millones de adultos franceses de entre 18 y 59 a\u00f1os durante cuatro a\u00f1os, para evaluar el impacto a largo plazo de las vacunas de ARNm contra el covid-19 en la mortalidad, revel\u00f3 que<strong> las personas vacunadas ten\u00edan un 25% menos de riesgo de muerte por cualquier causa en comparaci\u00f3n con las no vacunadas<\/strong>. El trabajo, publicado en<strong> <\/strong><a class=\"ft-link ft-link--decoration\" href=\"https:\/\/jamanetwork.com\/journals\/jamanetworkopen\/fullarticle\/2842305\" rel=\"nofollow noopener\" target=\"_blank\"><strong>\u00abJAMA Network Open\u00bb<\/strong><\/a>, fue dirigido por un equipo de epidemi\u00f3logos franceses y es el m\u00e1s extenso hasta la fecha. El efecto protector de la vacunaci\u00f3n persisti\u00f3 incluso despu\u00e9s de excluir las muertes por covid, lo que sugiere beneficios de las vacunas para la salud que van m\u00e1s all\u00e1 de bloquear el virus.<\/p>\n<p class=\"ft-text\">El estudio destaca dos mecanismos clave: <strong>la reducci\u00f3n de las infecciones graves, que conlleva menos complicaciones a largo plazo, como infartos y accidentes cerebrovasculares<\/strong>, y una mejor salud basal entre los vacunados debido a un mayor nivel socioecon\u00f3mico y acceso a la atenci\u00f3n m\u00e9dica.<\/p>\n<p class=\"ft-text\">Los investigadores observaron una <strong>reducci\u00f3n del 74% en las muertes relacionadas con el covid entre los vacunados<\/strong>, lo que influy\u00f3 significativamente en las tasas de supervivencia durante el pico de la pandemia.<\/p>\n<p class=\"ft-text\">Los hallazgos desmienten las afirmaciones que vinculan las vacunas con un exceso de mortalidad, sin evidencia de riesgos a largo plazo emergentes durante el per\u00edodo de cuatro a\u00f1os.<\/p>\n<p class=\"ft-text\">Los autores del estudio ajustaron los factores sociales y de salud, y descubrieron que l<strong>as personas vacunadas mostraron sistem\u00e1ticamente una mortalidad entre un 10% y un 40% menor en categor\u00edas como el c\u00e1ncer y las enfermedades cardiovasculares<\/strong>.<\/p>\n<p class=\"ft-text\">Los primeros datos de los primeros seis meses tras la vacunaci\u00f3n mostraron una <strong>tasa de mortalidad un 29% menor<\/strong>, lo que refuerza el perfil de seguridad inmediato de la vacuna.<\/p>\n<p class=\"ft-text\">En paralelo, el Ministerio de Sanidad de Francia inform\u00f3 recientemente de una disminuci\u00f3n en el exceso de mortalidad desde que comenz\u00f3 la vacunaci\u00f3n en 2021, lo que coincide con las conclusiones del estudio.<\/p>\n<p data-close=\"closedContent\" class=\"subscribeHideForDisplay\">Suscr\u00edbete para seguir leyendo<\/p>\n","protected":false},"excerpt":{"rendered":"Un estudio que sigui\u00f3 a 28,7 millones de adultos franceses de entre 18 y 59 a\u00f1os durante cuatro&hellip;\n","protected":false},"author":2,"featured_media":277104,"comment_status":"","ping_status":"","sticky":false,"template":"","format":"standard","meta":{"footnotes":""},"categories":[92],"tags":[31440,67445,2270,2272,25,24,1292,165,11238,166,23,8177,1454],"class_list":{"0":"post-277103","1":"post","2":"type-post","3":"status-publish","4":"format-standard","5":"has-post-thumbnail","7":"category-salud","8":"tag-amplio","9":"tag-apuntala","10":"tag-covid","11":"tag-covid-19","12":"tag-es","13":"tag-espana","14":"tag-estudio","15":"tag-health","16":"tag-mortalidad","17":"tag-salud","18":"tag-spain","19":"tag-vacuna","20":"tag-vacunas"},"share_on_mastodon":{"url":"https:\/\/pubeurope.com\/@es\/115682300126840301","error":""},"_links":{"self":[{"href":"https:\/\/www.europesays.com\/es\/wp-json\/wp\/v2\/posts\/277103","targetHints":{"allow":["GET"]}}],"collection":[{"href":"https:\/\/www.europesays.com\/es\/wp-json\/wp\/v2\/posts"}],"about":[{"href":"https:\/\/www.europesays.com\/es\/wp-json\/wp\/v2\/types\/post"}],"author":[{"embeddable":true,"href":"https:\/\/www.europesays.com\/es\/wp-json\/wp\/v2\/users\/2"}],"replies":[{"embeddable":true,"href":"https:\/\/www.europesays.com\/es\/wp-json\/wp\/v2\/comments?post=277103"}],"version-history":[{"count":0,"href":"https:\/\/www.europesays.com\/es\/wp-json\/wp\/v2\/posts\/277103\/revisions"}],"wp:featuredmedia":[{"embeddable":true,"href":"https:\/\/www.europesays.com\/es\/wp-json\/wp\/v2\/media\/277104"}],"wp:attachment":[{"href":"https:\/\/www.europesays.com\/es\/wp-json\/wp\/v2\/media?parent=277103"}],"wp:term":[{"taxonomy":"category","embeddable":true,"href":"https:\/\/www.europesays.com\/es\/wp-json\/wp\/v2\/categories?post=277103"},{"taxonomy":"post_tag","embeddable":true,"href":"https:\/\/www.europesays.com\/es\/wp-json\/wp\/v2\/tags?post=277103"}],"curies":[{"name":"wp","href":"https:\/\/api.w.org\/{rel}","templated":true}]}}