{"id":277105,"date":"2025-12-08T05:29:14","date_gmt":"2025-12-08T05:29:14","guid":{"rendered":"https:\/\/www.europesays.com\/es\/277105\/"},"modified":"2025-12-08T05:29:14","modified_gmt":"2025-12-08T05:29:14","slug":"el-lux-tour-de-rosalia-y-otras-cuatro-posibles-giras-que-podrian-anunciarse-para-2026-entretenimiento-en-estados-unidos","status":"publish","type":"post","link":"https:\/\/www.europesays.com\/es\/277105\/","title":{"rendered":"El \u2018Lux Tour\u2019 de Rosal\u00eda y otras cuatro posibles giras que podr\u00edan anunciarse para 2026 | Entretenimiento en Estados Unidos"},"content":{"rendered":"<p class=\"\">Las teor\u00edas eran ciertas: <a href=\"https:\/\/elpais.com\/us\/entretenimiento\/2025-12-04\/rosalia-llevara-su-lux-tour-a-estados-unidos-en-2026-cuando-y-donde-seran-sus-conciertos.html\" target=\"_self\" rel=\"nofollow noopener\" title=\"https:\/\/elpais.com\/us\/entretenimiento\/2025-12-04\/rosalia-llevara-su-lux-tour-a-estados-unidos-en-2026-cuando-y-donde-seran-sus-conciertos.html\">Rosal\u00eda finalmente anunci\u00f3 el Lux Tour para 2026<\/a> tras lanzar su esperado cuarto disco, que lleva el mismo nombre. La autora de La Perla logr\u00f3 batir todos los r\u00e9cords con el debut m\u00e1s grande en streaming para una artista de habla hispana: 42,1 millones de reproducciones solo en Spotify, superando a Ma\u00f1ana Ser\u00e1 Bonito (Bichota Season) de Karol G.<\/p>\n<p class=\"\">La catalana se embarcar\u00e1 el pr\u00f3ximo a\u00f1o en una gira de 42 conciertos por 17 pa\u00edses, que comenzar\u00e1 el 16 de marzo en Lyon (Francia) y finalizar\u00e1 el 3 de septiembre en Puerto Rico. El tour recorrer\u00e1 Europa, con varias fechas en Espa\u00f1a, antes de pasar por Estados Unidos entre junio y julio, en ciudades como Miami, Nueva York, Toronto y Los \u00c1ngeles, para luego continuar por Latinoam\u00e9rica.<\/p>\n<p class=\"\">Muchos fans esperaban el anuncio de la gira de Lux tras el lanzamiento del \u00e1lbum. Pero Rosal\u00eda no era la \u00fanica; hay otros artistas de los que se espera conocer m\u00e1s sobre su regreso a los escenarios pronto. <\/p>\n<p>Taylor Swift<\/p>\n<p class=\"\">Taylor Swift sorprendi\u00f3 a sus seguidores con <a href=\"https:\/\/elpais.com\/cultura\/2025-10-03\/taylor-swift-lanza-su-nuevo-album-the-life-of-a-showgirl-filtrado-un-dia-antes-donde-destapa-a-su-cabaretera-interior-mas-deslenguada.html\" target=\"_self\" rel=\"nofollow noopener\" title=\"https:\/\/elpais.com\/cultura\/2025-10-03\/taylor-swift-lanza-su-nuevo-album-the-life-of-a-showgirl-filtrado-un-dia-antes-donde-destapa-a-su-cabaretera-interior-mas-deslenguada.html\">su explosivo nuevo disco The Life of a Showgirl<\/a>, inaugurando un nuevo concepto y est\u00e9tica. Sin duda, uno de los acontecimientos del a\u00f1o, incluyendo las pol\u00e9micas posteriores (<a href=\"https:\/\/elpais.com\/gente\/2025-10-03\/taylor-swift-y-las-referencias-a-travis-kelce-en-su-nuevo-disco-de-ser-su-salvador-a-sus-deseos-de-formar-una-familia-y-algun-mensaje-erotico.html\" target=\"_self\" rel=\"nofollow noopener\" title=\"https:\/\/elpais.com\/gente\/2025-10-03\/taylor-swift-y-las-referencias-a-travis-kelce-en-su-nuevo-disco-de-ser-su-salvador-a-sus-deseos-de-formar-una-familia-y-algun-mensaje-erotico.html\">como el supuesto conflicto con Charli XCX<\/a>).<\/p>\n<p class=\"\">Tras el lanzamiento, la cantante no ha mencionado planes de gira. Es comprensible: 149 conciertos del Eras Tour en m\u00e1s de 50 ciudades entre 2023 y 2024 parecen suficientes. De hecho, ella misma revel\u00f3 a BBC Radio 1 que planea tomarse un descanso de las giras por un tiempo. \u201cEstoy tan cansada cuando pienso en hacerlo de nuevo\u201d, explic\u00f3. \u201cPorque yo querr\u00eda hacerlo realmente, realmente bien otra vez\u201d.<\/p>\n<p class=\"\">Sin embargo, todo el proyecto de The Life of a Showgirl parece pensado para el escenario: la est\u00e9tica, las canciones, los bailes y hits como Opalite o The Life of Ophelia, adem\u00e1s de la colaboraci\u00f3n con otra gran showgirl contempor\u00e1nea, <a href=\"https:\/\/elpais.com\/us\/entretenimiento\/2025-12-05\/sabrina-carpenter-celine-dion-y-otros-artistas-que-han-rechazado-que-sus-obras-se-utilicen-por-el-gobierno-de-donald-trump.html\" target=\"_self\" rel=\"nofollow noopener\" title=\"https:\/\/elpais.com\/us\/entretenimiento\/2025-12-05\/sabrina-carpenter-celine-dion-y-otros-artistas-que-han-rechazado-que-sus-obras-se-utilicen-por-el-gobierno-de-donald-trump.html\">Sabrina Carpenter<\/a>.<\/p>\n<p class=\"\">En los \u00faltimos meses, Taylor Swift ha seguido lanzando productos promocionales relacionados con su \u00faltimo trabajo y el Eras Tour, aunque sin novedades sobre posibles shows. Todo apunta a que podr\u00eda haber noticias sobre sus pr\u00f3ximos pasos entre 2026 y 2027.<\/p>\n<p>Karol G<\/p>\n<p class=\"\">Karol G estrena <a href=\"https:\/\/los40.us\/2025\/que-es-y-como-ver-la-premiere-de-karol-g-41826.html\" target=\"_blank\" rel=\"nofollow noopener\" title=\"https:\/\/los40.us\/2025\/que-es-y-como-ver-la-premiere-de-karol-g-41826.html\">La Premiere el 7 de diciembre<\/a>, un \u201cdisco visual\u201d basado en su \u00faltimo \u00e1lbum <a href=\"https:\/\/elpais.com\/america-colombia\/2025-06-20\/karol-g-lanza-su-nuevo-disco-del-merengue-a-la-bachata-tropicoqueta.html\" target=\"_self\" rel=\"nofollow noopener\" title=\"https:\/\/elpais.com\/america-colombia\/2025-06-20\/karol-g-lanza-su-nuevo-disco-del-merengue-a-la-bachata-tropicoqueta.html\">Tropicoqueta<\/a>. Este trabajo, con un concepto muy cuidado, celebra diversos g\u00e9neros de la m\u00fasica latina y rinde homenaje a sus ra\u00edces colombianas.<\/p>\n<p class=\"\">El estilo del disco se alinea con el de Taylor Swift: un proyecto pensado para la tarima. Cuando Karol lanz\u00f3 Tropicoqueta en junio, afirm\u00f3 en el programa espa\u00f1ol La Revuelta que a\u00fan no tiene planes de gira. No es extra\u00f1o, ya que la hist\u00f3rica gira Ma\u00f1ana Ser\u00e1 Bonito fue apote\u00f3sica, comenzando en agosto de 2023 y terminando en julio de 2024.<\/p>\n<p class=\"\">Karol G actuar\u00e1 en uno de los escenarios m\u00e1s deseados de la industria en 2026: <a href=\"https:\/\/elpais.com\/cultura\/2025-09-16\/justin-bieber-sabrina-carpenter-karol-g-y-anyma-cabezas-de-cartel-del-festival-de-coachella-2026.html\" target=\"_self\" rel=\"nofollow noopener\" title=\"https:\/\/elpais.com\/cultura\/2025-09-16\/justin-bieber-sabrina-carpenter-karol-g-y-anyma-cabezas-de-cartel-del-festival-de-coachella-2026.html\">el festival de Coachella<\/a>. Sin duda, es uno de los nombres m\u00e1s esperados para conocer noticias sobre una posible gira.<\/p>\n<p>Justin Bieber<\/p>\n<p class=\"\"><a href=\"https:\/\/los40.us\/2025\/is-justin-bieber-launching-a-new-tour-after-dropping-swag-36224.html\" target=\"_blank\" rel=\"nofollow noopener\" title=\"https:\/\/los40.us\/2025\/is-justin-bieber-launching-a-new-tour-after-dropping-swag-36224.html\">El regreso de Justin Bieber a los escenarios<\/a> es uno de los m\u00e1s esperados. El propio cantante comparti\u00f3 sus reflexiones recientemente en <a href=\"https:\/\/los40.us\/2025\/justin-biebers-words-on-whether-he-will-tour-in-2026-41780.html\" target=\"_blank\" rel=\"nofollow noopener\" title=\"https:\/\/los40.us\/2025\/justin-biebers-words-on-whether-he-will-tour-in-2026-41780.html\">una transmisi\u00f3n por Twitch<\/a>, donde admiti\u00f3 que la idea de una gira completa en 2026 le resulta agotadora, aunque no descarta hacer algunos conciertos aislados en ciudades concretas.<\/p>\n<p class=\"\">Tras cancelar su \u00faltima gira por problemas de salud, est\u00e1 completamente enfocado en su esperado regreso como headliner en Coachella 2026. Su participaci\u00f3n en el festival, donde ser\u00e1 uno de los artistas mejor pagados en la historia del evento, ha generado mucha expectativa sobre un posible regreso a los escenarios. Sin embargo, el cantante mantiene la cautela y no confirma nada por ahora.<\/p>\n<p>Beyonc\u00e9<\/p>\n<p class=\"\"><a href=\"https:\/\/los40.us\/2023\/beyonces-epic-look-at-the-renaissance-tour-documentary-premiere-14056.html\" target=\"_blank\" rel=\"nofollow noopener\" title=\"https:\/\/los40.us\/2023\/beyonces-epic-look-at-the-renaissance-tour-documentary-premiere-14056.html\">Renaissance<\/a> y <a href=\"https:\/\/los40.us\/2025\/beyonces-cowboy-carter-tour-2025-full-setlist-33156.html\" target=\"_blank\" rel=\"nofollow noopener\" title=\"https:\/\/los40.us\/2025\/beyonces-cowboy-carter-tour-2025-full-setlist-33156.html\">Cowboy Carter<\/a> son las dos primeras partes de una trilog\u00eda musical de Beyonc\u00e9 que ha generado mucha expectativa. Comenzando con la m\u00fasica disco y siguiendo con la redefinici\u00f3n del country, se especula que el cierre de esta trilog\u00eda combinar\u00e1 rock y funk.<\/p>\n<p class=\"\">La primera parte se lanz\u00f3 en 2022 y la segunda en 2024. Se rumorea que el pr\u00f3ximo proyecto, posiblemente llamado <a href=\"https:\/\/los40.us\/2025\/beyonces-act-iii-is-betty-black-the-final-chapter-28888.html\" target=\"_blank\" rel=\"nofollow noopener\" title=\"https:\/\/los40.us\/2025\/beyonces-act-iii-is-betty-black-the-final-chapter-28888.html\">Betty Black<\/a>, podr\u00eda salir en 2026.<\/p>\n<p class=\"\">Conociendo la estrategia de la superestrella (donde hay \u00e1lbum, hay gira), cuando la int\u00e9rprete anuncie el tercer acto ser\u00e1 cuesti\u00f3n de tiempo para que se confirmen fechas y lleve su nuevo trabajo a los escenarios. <\/p>\n","protected":false},"excerpt":{"rendered":"Las teor\u00edas eran ciertas: Rosal\u00eda finalmente anunci\u00f3 el Lux Tour para 2026 tras lanzar su esperado cuarto disco,&hellip;\n","protected":false},"author":2,"featured_media":277106,"comment_status":"","ping_status":"","sticky":false,"template":"","format":"standard","meta":{"footnotes":""},"categories":[91],"tags":[889,505,6632,3061,209,146,147,25,24,629,11475,2818,38011,185,4147,23,3945],"class_list":{"0":"post-277105","1":"post","2":"type-post","3":"status-publish","4":"format-standard","5":"has-post-thumbnail","7":"category-entretenimiento","8":"tag-america","9":"tag-artistas","10":"tag-beyonce","11":"tag-cantantes","12":"tag-cultura","13":"tag-entertainment","14":"tag-entretenimiento","15":"tag-es","16":"tag-espana","17":"tag-estados-unidos","18":"tag-giras-musicales","19":"tag-justin-bieber","20":"tag-karol-g","21":"tag-musica","22":"tag-rosalia","23":"tag-spain","24":"tag-taylor-swift"},"share_on_mastodon":{"url":"https:\/\/pubeurope.com\/@es\/115682303346906014","error":""},"_links":{"self":[{"href":"https:\/\/www.europesays.com\/es\/wp-json\/wp\/v2\/posts\/277105","targetHints":{"allow":["GET"]}}],"collection":[{"href":"https:\/\/www.europesays.com\/es\/wp-json\/wp\/v2\/posts"}],"about":[{"href":"https:\/\/www.europesays.com\/es\/wp-json\/wp\/v2\/types\/post"}],"author":[{"embeddable":true,"href":"https:\/\/www.europesays.com\/es\/wp-json\/wp\/v2\/users\/2"}],"replies":[{"embeddable":true,"href":"https:\/\/www.europesays.com\/es\/wp-json\/wp\/v2\/comments?post=277105"}],"version-history":[{"count":0,"href":"https:\/\/www.europesays.com\/es\/wp-json\/wp\/v2\/posts\/277105\/revisions"}],"wp:featuredmedia":[{"embeddable":true,"href":"https:\/\/www.europesays.com\/es\/wp-json\/wp\/v2\/media\/277106"}],"wp:attachment":[{"href":"https:\/\/www.europesays.com\/es\/wp-json\/wp\/v2\/media?parent=277105"}],"wp:term":[{"taxonomy":"category","embeddable":true,"href":"https:\/\/www.europesays.com\/es\/wp-json\/wp\/v2\/categories?post=277105"},{"taxonomy":"post_tag","embeddable":true,"href":"https:\/\/www.europesays.com\/es\/wp-json\/wp\/v2\/tags?post=277105"}],"curies":[{"name":"wp","href":"https:\/\/api.w.org\/{rel}","templated":true}]}}