{"id":277126,"date":"2025-12-08T05:50:18","date_gmt":"2025-12-08T05:50:18","guid":{"rendered":"https:\/\/www.europesays.com\/es\/277126\/"},"modified":"2025-12-08T05:50:18","modified_gmt":"2025-12-08T05:50:18","slug":"1-1-hugo-duro-neutraliza-el-gol-en-propia-meta-de-tarrega-y-rescata-al-valencia-en-el-93","status":"publish","type":"post","link":"https:\/\/www.europesays.com\/es\/277126\/","title":{"rendered":"1-1. Hugo Duro neutraliza el gol en propia meta de T\u00e1rrega y rescata al Valencia en el 93"},"content":{"rendered":"<p class=\"mb-4 text-lg md:leading-8 break-words\">Valencia, 7 dic (EFE).- El delantero valencianista Hugo Duro rescat\u00f3 un punto este domingo en Mestalla en el minuto 93 despu\u00e9s de que el Sevilla se adelantara con un gol en propia puerta del defensa valencianista C\u00e9sar T\u00e1rrega para lograr un empate con el que cierra una exigente semana de tres partidos, pero que no contenta demasiado a ambos equipos.<\/p>\n<p class=\"mb-4 text-lg md:leading-8 break-words\">Pese a llegar bajo m\u00ednimos, el Sevilla sali\u00f3 con fuerza a Mestalla con una primera ocasi\u00f3n a los tres minutos de juego. Sow puso un centro para Peque, que se elev\u00f3 en el punto de penalti para cabecear el bal\u00f3n y mandarlo ajustado al poste, pero Agirrezabala se estir\u00f3 para rechazar el peligro.<\/p>\n<p class=\"mb-4 text-lg md:leading-8 break-words\">El Valencia trataba de crear superioridad por la banda derecha de un en\u00e9rgico Luis Rioja, que cambi\u00f3 el sentido del juego y puso un gran bal\u00f3n para Danjuma, pero el chut del neerland\u00e9s, que volv\u00eda a la titularidad, se estrell\u00f3 contra la l\u00ednea defensiva de cinco de los de Mat\u00edas Almeyda.<\/p>\n<p class=\"mb-4 text-lg md:leading-8 break-words\">Sin embargo, el Sevilla dominaba m\u00e1s apoyado por su centro del campo con Agoum\u00e9, Mendy y Sow. Aunque no ten\u00eda el control del bal\u00f3n, el Valencia no sufr\u00eda. La posesi\u00f3n del equipo rojiblanco era est\u00e9ril, mientras que la posesi\u00f3n de los valencianistas sol\u00eda acabar con presencia en el \u00e1rea de Odysseas, pero sin ning\u00fan chut.<\/p>\n<p class=\"mb-4 text-lg md:leading-8 break-words\">Lo que mejor le funcion\u00f3 a los sevillistas fue el bal\u00f3n largo para salir al contraataque con Akor, que se march\u00f3 solo en carrera antes de llegar a los veinte minutos de juego, pero T\u00e1rrega recuper\u00f3 su posici\u00f3n e incordi\u00f3 el disparo del delantero nigeriano, que se march\u00f3 alto.<\/p>\n<p class=\"mb-4 text-lg md:leading-8 break-words\">En un contraataque del Valencia, Hugo Duro se quej\u00f3 de un codazo de Carmona dentro del \u00e1rea que le hizo sangrar, pero el golpe no tuvo ninguna consecuencia. En ese momento en el que el delantero valencianista estaba tumbado sobre el \u00e1rea, tambi\u00e9n fue atendido Odysseas por molestias.<\/p>\n<p class=\"mb-4 text-lg md:leading-8 break-words\">Con el paso de los minutos, la peligrosidad del Sevilla aumentaba con constantes llegadas por la banda derecha. Los visitantes decidieron volcar su ataque en Carmona, pero el bal\u00f3n se perd\u00eda antes de llegar al \u00e1rea.<\/p>\n<p class=\"mb-4 text-lg md:leading-8 break-words\">Hubo momentos en los que el Valencia acumulaba m\u00e1s posesi\u00f3n, pero no sab\u00eda qu\u00e9 hacer con ella. Estaban perdidos y cansados al jugar su tercer partido en una semana. En la \u00faltima jugada, Hugo Duro tuvo una oportunidad que remat\u00f3 defectuosamente.<\/p>\n<p class=\"mb-4 text-lg md:leading-8 break-words\">Tras el descanso, la din\u00e1mica sigui\u00f3 igual. El Valencia iba camino de la hora de juego sin ning\u00fan remate a puerta, y el primero fue en propia meta. En un intento de despejar un centro de Oso, T\u00e1rrega introdujo el bal\u00f3n en su porter\u00eda para adelantar al Sevilla (m.58).<\/p>\n<p class=\"mb-4 text-lg md:leading-8 break-words\">El escenario se complicaba para el Valencia y para intentar cambiarlo entraron Lucas Beltr\u00e1n, Ugrinic y Diego L\u00f3pez. A los pocos minutos tambi\u00e9n Ramazani. El Sevilla comenz\u00f3 a jugar otro partido, ralentizando el juego, marcando con agresividad, desquiciando a los valencianistas.<\/p>\n<p><img alt=\"\" loading=\"lazy\" width=\"960\" height=\"638\" decoding=\"async\" data-nimg=\"1\" class=\"rounded-lg\" style=\"color:transparent\" src=\"https:\/\/www.europesays.com\/es\/wp-content\/uploads\/2025\/12\/03baa74e2a7ebbb41e6e8cc92aa0e396.jpeg\"\/><\/p>\n<p class=\"mb-4 text-lg md:leading-8 break-words\">Los visitantes cedieron la pelota a los locales, que mejoraron con los cambios, sobre todo con la chispa de Ramazani y el trabajo incansable de Lucas Beltr\u00e1n. Un chut del argentino desde la frontal se march\u00f3 ligeramente desviado y el belga provoc\u00f3 una falta peligrosa a escasos cent\u00edmetros del \u00e1rea que Pepelu no logr\u00f3 convertir.<\/p>\n<p class=\"mb-4 text-lg md:leading-8 break-words\">En el minuto 83 lleg\u00f3 el primer remate a puerta de los valencianistas con un t\u00edmido cabezazo de Beltr\u00e1n directo a las manos de Odysseas. El argentino tuvo otra muy clara para empatar pero trat\u00f3 de rematar con la izquierda y se le fue fuera. En el tiempo a\u00f1adido tambi\u00e9n lo intent\u00f3 Ramazani, pero su disparo sali\u00f3 flojo y lo atrap\u00f3 Odysseas.<\/p>\n<p class=\"mb-4 text-lg md:leading-8 break-words\">El Valencia estaba volcado en el \u00e1rea sevillista y all\u00ed apareci\u00f3 Hugo Duro para convertir de primeras un buen pase de Ugrinic y rescatar un punto para los locales, que alargan as\u00ed su racha de cuatro partidos sin perder, aunque no logran alejarse del descenso en exceso.<\/p>\n<p class=\"mb-4 text-lg md:leading-8 break-words\">Ficha t\u00e9cnica:<\/p>\n<p class=\"mb-4 text-lg md:leading-8 break-words\">1 &#8211; Valencia: Agirrezabala; Thierry, T\u00e1rrega, Copete, Gay\u00e0 (Jes\u00fas V\u00e1zquez, m.77); Javi Guerra (Beltr\u00e1n, m.63), Pepelu; Luis Rioja (Ramazani, m.68), Andr\u00e9 Almeida (Ugrinic, m.63), Danjuma (Diego L\u00f3pez, m.63); y Hugo Duro<\/p>\n<p class=\"mb-4 text-lg md:leading-8 break-words\">1 &#8211; Sevilla: Odysseas; Carmona, Azpilicueta, Gudelj, Castr\u00edn, Oso (Alfon, m.85); Agoum\u00e9 (Alexis, m.86), Sow, Mendy; Peque (Jord\u00e1n, m.81) y Akor.<\/p>\n<p class=\"mb-4 text-lg md:leading-8 break-words\">Goles: 0-1, m.58: T\u00e1rrega (pp). 1-1, m.93: Hugo Duro<\/p>\n<p class=\"mb-4 text-lg md:leading-8 break-words\">\u00c1rbitro: Guillermo Cuadra Fern\u00e1ndez (Comit\u00e9 balear). Amonest\u00f3 a Copete (m.74), Thierry (m.87) y T\u00e1rrega (m.97) por parte de los locales y a Peque (m.23), Almeyda (m.28), Azpilicueta (m.75), Gudelj (m.76), Agoum\u00e9 (m.82), Castr\u00edn (m.88) y Carmona (m.95) por parte de los visitantes.<\/p>\n<p class=\"mb-4 text-lg md:leading-8 break-words\">Incidencias: Partido correspondiente a la decimoquinta jornada de LaLiga EA Sports disputado en el estadio de Mestalla ante 44.369 espectadores. El Valencia sali\u00f3 con una camiseta de \u00e1nimo para Lubo Penev, que est\u00e1 ingresado en un centro oncol\u00f3gico de Alemania y tiene que afrontar un complicado y costoso tratamiento por un c\u00e1ncer.<\/p>\n<p class=\"mb-4 text-lg md:leading-8 break-words\">Paula Ler\u00edn<\/p>\n<p><img alt=\"\" loading=\"lazy\" width=\"960\" height=\"641\" decoding=\"async\" data-nimg=\"1\" class=\"rounded-lg\" style=\"color:transparent\" src=\"https:\/\/www.europesays.com\/es\/wp-content\/uploads\/2025\/12\/c22ed4fbc8389df8bbc70bf5714cec90.jpeg\"\/><\/p>\n<p class=\"mb-4 text-lg md:leading-8 break-words\">(c) Agencia EFE<\/p>\n","protected":false},"excerpt":{"rendered":"Valencia, 7 dic (EFE).- El delantero valencianista Hugo Duro rescat\u00f3 un punto este domingo en Mestalla en el&hellip;\n","protected":false},"author":2,"featured_media":277127,"comment_status":"","ping_status":"","sticky":false,"template":"","format":"standard","meta":{"footnotes":""},"categories":[93],"tags":[168,67449,25,24,27896,56330,23081,1171,23,167,67450,235],"class_list":{"0":"post-277126","1":"post","2":"type-post","3":"status-publish","4":"format-standard","5":"has-post-thumbnail","7":"category-deportes","8":"tag-deportes","9":"tag-el-sevilla","10":"tag-es","11":"tag-espana","12":"tag-hugo-duro","13":"tag-luis-rioja","14":"tag-mestalla","15":"tag-sevilla","16":"tag-spain","17":"tag-sports","18":"tag-tarrega","19":"tag-valencia"},"share_on_mastodon":{"url":"https:\/\/pubeurope.com\/@es\/115682386277617533","error":""},"_links":{"self":[{"href":"https:\/\/www.europesays.com\/es\/wp-json\/wp\/v2\/posts\/277126","targetHints":{"allow":["GET"]}}],"collection":[{"href":"https:\/\/www.europesays.com\/es\/wp-json\/wp\/v2\/posts"}],"about":[{"href":"https:\/\/www.europesays.com\/es\/wp-json\/wp\/v2\/types\/post"}],"author":[{"embeddable":true,"href":"https:\/\/www.europesays.com\/es\/wp-json\/wp\/v2\/users\/2"}],"replies":[{"embeddable":true,"href":"https:\/\/www.europesays.com\/es\/wp-json\/wp\/v2\/comments?post=277126"}],"version-history":[{"count":0,"href":"https:\/\/www.europesays.com\/es\/wp-json\/wp\/v2\/posts\/277126\/revisions"}],"wp:featuredmedia":[{"embeddable":true,"href":"https:\/\/www.europesays.com\/es\/wp-json\/wp\/v2\/media\/277127"}],"wp:attachment":[{"href":"https:\/\/www.europesays.com\/es\/wp-json\/wp\/v2\/media?parent=277126"}],"wp:term":[{"taxonomy":"category","embeddable":true,"href":"https:\/\/www.europesays.com\/es\/wp-json\/wp\/v2\/categories?post=277126"},{"taxonomy":"post_tag","embeddable":true,"href":"https:\/\/www.europesays.com\/es\/wp-json\/wp\/v2\/tags?post=277126"}],"curies":[{"name":"wp","href":"https:\/\/api.w.org\/{rel}","templated":true}]}}