{"id":277135,"date":"2025-12-08T05:55:14","date_gmt":"2025-12-08T05:55:14","guid":{"rendered":"https:\/\/www.europesays.com\/es\/277135\/"},"modified":"2025-12-08T05:55:14","modified_gmt":"2025-12-08T05:55:14","slug":"la-migracion-suma-los-datos-demuestran-que-el-efecto-economico-es-netamente-positivo-ideas","status":"publish","type":"post","link":"https:\/\/www.europesays.com\/es\/277135\/","title":{"rendered":"La migraci\u00f3n suma: los datos demuestran que el efecto econ\u00f3mico es netamente positivo | Ideas"},"content":{"rendered":"<p class=\"\">El simple hecho de cruzar las fronteras de Europa es hoy m\u00e1s atractivo que cualquier utop\u00eda. La primera raz\u00f3n es econ\u00f3mica: quienes lo logran multiplicar\u00e1n su salario por una cifra que va del 4 al 12, seg\u00fan los c\u00e1lculos del polit\u00f3logo David Miller; como si un lector de este art\u00edculo que ganara unos 2.500 euros mensuales pasara a ganar de golpe entre 10.000 y 30.000 por irse a otro pa\u00eds. La segunda es la posibilidad de comprar tiempo: un joven que abandone Nigeria y logre la proeza de conseguir papeles en Europa <a href=\"https:\/\/elpais.com\/ciencia\/2025-02-18\/la-esperanza-de-vida-de-los-europeos-ya-no-crece-como-antes.html\" target=\"_self\" rel=\"nofollow noopener\" title=\"https:\/\/elpais.com\/ciencia\/2025-02-18\/la-esperanza-de-vida-de-los-europeos-ya-no-crece-como-antes.html\">eleva autom\u00e1ticamente la esperanza de vida<\/a> de sus futuros hijos unos 30 a\u00f1os de golpe. La tercera es esa idea genial con la que Europa sali\u00f3 de las guerras mundiales llamada Estado de bienestar, un im\u00e1n que sigue haciendo atractiva a la UE a pesar de los fatalistas. \u201cHigiene, vacaciones, anestesia, l\u00e1mparas de lectura, naranjas en invierno, educaci\u00f3n gratuita: la Europa occidental bien alimentada, libre de plagas\u201d, seg\u00fan la feliz definici\u00f3n del escritor brit\u00e1nico Ian McEwan. Quienes vienen por esos tres motivos son proletariado n\u00f3mada, tambi\u00e9n llamados \u201cmigrantes econ\u00f3micos\u201d. Hay una cuarta raz\u00f3n, quiz\u00e1 la m\u00e1s poderosa. En los pr\u00f3ximos a\u00f1os <a href=\"https:\/\/elpais.com\/espana\/catalunya\/2025-10-18\/diez-vecinos-de-alcanar-se-convierten-en-los-primeros-refugiados-climaticos.html\" target=\"_self\" rel=\"nofollow noopener\" title=\"https:\/\/elpais.com\/espana\/catalunya\/2025-10-18\/diez-vecinos-de-alcanar-se-convierten-en-los-primeros-refugiados-climaticos.html\">crecer\u00e1n las llegadas de los refugiados clim\u00e1ticos<\/a>, y de los refugiados a secas, procedentes de los avisperos b\u00e9licos del vecindario del norte de Europa, de Oriente Pr\u00f3ximo, del Sahel. \u201cNadie se va de su casa a menos que esa casa sea la boca de un tibur\u00f3n\u201d, dice la escritora brit\u00e1nico-somal\u00ed Warsan \u00adShire: quienes aun as\u00ed se van son migrantes, exiliados, asilados, refugiados; hay varios nombres para describir ese viaje forzado por las m\u00e1s diversas causas. <\/p>\n<p class=\"\">Ahora pong\u00e1monos en este lado del muro:<a href=\"https:\/\/elpais.com\/internacional\/2023-02-20\/las-vallas-dividen-a-europa-radiografia-de-los-muros-con-los-que-la-ue-trata-de-contener-la-migracion-irregular.html\" target=\"_self\" rel=\"nofollow noopener\" title=\"https:\/\/elpais.com\/internacional\/2023-02-20\/las-vallas-dividen-a-europa-radiografia-de-los-muros-con-los-que-la-ue-trata-de-contener-la-migracion-irregular.html\"> Europa ha levantado m\u00e1s de 1.500 kil\u00f3metros de vallas de alambre de espino<\/a> desde la ca\u00edda del de Berl\u00edn. La pol\u00edtica ha ca\u00eddo presa del p\u00e1nico, e izquierdas y derechas han ido fortificando las fronteras y endureciendo su discurso, como tambi\u00e9n las sociedades europeas han endurecido su aproximaci\u00f3n, en un debate cada vez m\u00e1s ruidoso y cargado de prejuicios que tiende al desasosiego se mire por donde se mire. \u201cLos migrantes van a destruir nuestras sociedades\u201d, dicen los anti; \u201clos migrantes van a solucionar todos nuestros problemas\u201d, dicen los pro. La verdad, si es que existe ese bicho, est\u00e1 en alg\u00fan lugar entre esos dos extremos. <\/p>\n<p>M\u00e1s informaci\u00f3n<\/p>\n<p class=\"\">Pero m\u00e1s cerca de uno que del otro. Hay buenas razones para desear que vengan los migrantes. Al continente le salen arrugas: la UE ten\u00eda una media de edad de 37 a\u00f1os en 2003 y pasar\u00e1 a tener m\u00e1s de 52 en 2050. Hay pa\u00edses, como Bulgaria, que han perdido una cuarta parte de su poblaci\u00f3n. Zonas enteras de Europa est\u00e1n ya en un crudo invierno demogr\u00e1fico. Tres de los cinco pa\u00edses con las tasas de fertilidad m\u00e1s bajas del mundo son europeos (Italia, Rep\u00fablica Checa y Espa\u00f1a). \u201c<a href=\"https:\/\/elpais.com\/salud-y-bienestar\/2024-03-20\/la-humanidad-va-a-encoger-el-97-de-los-paises-entrara-en-crecimiento-negativo-para-2100.html\" target=\"_self\" rel=\"nofollow noopener\" title=\"https:\/\/elpais.com\/salud-y-bienestar\/2024-03-20\/la-humanidad-va-a-encoger-el-97-de-los-paises-entrara-en-crecimiento-negativo-para-2100.html\">El declive demogr\u00e1fico viene s\u00ed o s\u00ed<\/a>\u201d, asegura Andr\u00e9s Rodr\u00edguez-Pose, dem\u00f3grafo de la London School of Economics, en una conversaci\u00f3n con EL PA\u00cdS. <\/p>\n<p class=\"\">Europa se vac\u00eda y envejece en silencio, y eso tensar\u00e1 las costuras del Estado de bienestar. Ese tictac demogr\u00e1fico es una bomba de relojer\u00eda. Habr\u00eda varias maneras de desactivarla. Una: recortar los servicios p\u00fablicos; buena suerte a los gobiernos que lo intenten. Dos: elevar los impuestos; muy buena suerte, de nuevo. Tres: <a href=\"https:\/\/elpais.com\/internacional\/2025-11-12\/el-parlamento-de-francia-suspende-la-polemica-reforma-de-la-ley-de-pensiones-de-macron.html\" target=\"_self\" rel=\"nofollow noopener\" title=\"https:\/\/elpais.com\/internacional\/2025-11-12\/el-parlamento-de-francia-suspende-la-polemica-reforma-de-la-ley-de-pensiones-de-macron.html\">aumentar la edad de jubilaci\u00f3n y elevar las tasas de actividad laboral; Francia demuestra que no es nada f\u00e1cil<\/a>. Cuatro: elevar las tasas de fertilidad; todo lo que se ha intentado hasta ahora es muy caro o directamente no funciona. La quinta y definitiva f\u00f3rmula es una combinaci\u00f3n virtuosa de crecimiento y migraci\u00f3n. Pero la UE apenas crece, y la migraci\u00f3n es material pol\u00edtico radiactivo. <\/p>\n<p class=\"\">La migraci\u00f3n irregular asciende a unas 300.000 personas anuales en la Uni\u00f3n, menos del 10% de los cuatro millones de extranjeros que llegan en total. A Espa\u00f1a vinieron m\u00e1s de <a href=\"https:\/\/elpais.com\/internacional\/2025-01-14\/las-llegadas-irregulares-de-migrantes-en-la-ue-cayeron-un-39-en-2024.html\" target=\"_self\" rel=\"nofollow noopener\" title=\"https:\/\/elpais.com\/internacional\/2025-01-14\/las-llegadas-irregulares-de-migrantes-en-la-ue-cayeron-un-39-en-2024.html\">600.000 de migrantes en 2024, de los que poco m\u00e1s de 60.000 eran irregulares<\/a>, seg\u00fan los datos de Frontex, que registran fuertes ca\u00eddas en los irregulares en lo que va de 2025. Tanto en Espa\u00f1a como en el conjunto de la UE, solo el 10% de quienes llegan son irregulares, a pesar de la vistosa carteler\u00eda de los partidos ultra: todo el debate pol\u00edtico est\u00e1 centrado en ese 10%. La raz\u00f3n es simple, usar a los migrantes como arma pol\u00edtica ha sido hist\u00f3ricamente un \u00e9xito para quienes blanden esa arma. La migraci\u00f3n, la vivienda y el poder adquisitivo \u2014tres factores que est\u00e1n relacionados\u2014 van a ser cruciales en el ciclo electoral que se avecina. <a href=\"https:\/\/elpais.com\/internacional\/2025-11-01\/la-extrema-derecha-mantiene-uno-de-cada-tres-gobiernos-europeos-pese-al-varapalo-de-wilders-en-los-paises-bajos.html\" target=\"_self\" rel=\"nofollow noopener\" title=\"https:\/\/elpais.com\/internacional\/2025-11-01\/la-extrema-derecha-mantiene-uno-de-cada-tres-gobiernos-europeos-pese-al-varapalo-de-wilders-en-los-paises-bajos.html\">Un fantasma recorre Europa: la extrema derecha<\/a>, que a su progresivo ascenso en las urnas (cosecha en torno al 25% de los votos) suma un \u00e9xito formidable al condicionar el discurso pol\u00edtico del centro, especialmente en la agenda migratoria, con pol\u00edticas cada vez m\u00e1s f\u00e9rreas en 26 de los 27 pa\u00edses europeos. <\/p>\n<p class=\"\">26 de 27. La excepci\u00f3n a esa regla de la decadencia demogr\u00e1fica en Europa, y sobre todo a esas pol\u00edticas cada vez m\u00e1s rigurosas, es Espa\u00f1a, que ha pasado de 40 a 50 millones de habitantes en los \u00faltimos 30 a\u00f1os gracias a la migraci\u00f3n. \u00bfC\u00f3mo se explica esa singularidad? Porque la <a href=\"https:\/\/elpais.com\/economia\/2025-09-28\/espana-se-ha-convertido-en-la-economia-mas-destacada-de-europa-segun-financial-times.html\" target=\"_self\" rel=\"nofollow noopener\" title=\"https:\/\/elpais.com\/economia\/2025-09-28\/espana-se-ha-convertido-en-la-economia-mas-destacada-de-europa-segun-financial-times.html\">econom\u00eda espa\u00f1ola crece m\u00e1s del triple que la UE<\/a>. Porque de la mano de ese auge ha conseguido crear tres millones de empleos en cinco a\u00f1os. Porque Espa\u00f1a tiene un Estado de bienestar menos lustroso que el de los grandes pa\u00edses, pero que no est\u00e1 nada mal. Y porque el Gobierno espa\u00f1ol ha activado medidas menos agresivas que el resto, seg\u00fan reconocen las fuentes consultadas en Bruselas, y parte de las olas migratorias est\u00e1 relacionada con esa aproximaci\u00f3n pol\u00edtica \u2014y ciudadana: la acogida de los espa\u00f1oles sigue siendo buena\u2014 hacia la migraci\u00f3n. <\/p>\n<p class=\"\">Ser\u00e1 interesante ver cu\u00e1nto dura esa constelaci\u00f3n de factores: Spain is different\u202fen este asunto, pero<a href=\"https:\/\/elpais.com\/espana\/catalunya\/2025-04-07\/el-avance-de-vox-y-alianca-apuntala-el-viraje-a-la-derecha-parte-de-la-sociedad-catalana.html\" target=\"_self\" rel=\"nofollow noopener\" title=\"https:\/\/elpais.com\/espana\/catalunya\/2025-04-07\/el-avance-de-vox-y-alianca-apuntala-el-viraje-a-la-derecha-parte-de-la-sociedad-catalana.html\"> tambi\u00e9n aqu\u00ed crecen Vox y Alian\u00e7a Catalana<\/a>. Tambi\u00e9n aqu\u00ed la migraci\u00f3n empieza a ense\u00f1ar los dientes en las encuestas, \u201ccon actitudes cada vez m\u00e1s \u00e1speras\u201d, resume la soci\u00f3loga Bel\u00e9n Barreiro. Y tambi\u00e9n aqu\u00ed el centroderecha empieza a contaminarse con los argumentos venenosos de los ultras. La migraci\u00f3n musulmana \u201ces un problema serio\u201d, mientras que la hispanoamericana \u201cviene a trabajar\u201d, ha asegurado el expresidente Jos\u00e9 Mar\u00eda Aznar manejando una serie de datos de una calidad <a href=\"https:\/\/elpais.com\/eps\/2024-03-03\/el-gran-bulo-asi-se-fabrico-la-teoria-de-la-conspiracion-tras-los-atentados-del-11-m.html\" target=\"_self\" rel=\"nofollow noopener\" title=\"https:\/\/elpais.com\/eps\/2024-03-03\/el-gran-bulo-asi-se-fabrico-la-teoria-de-la-conspiracion-tras-los-atentados-del-11-m.html\">parecida a los que us\u00f3 para informar a los directores de los diarios de que el 11-M hab\u00eda sido obra de ETA<\/a>. <\/p>\n<p class=\"\">Santiago Abascal y S\u00edlvia Orriols son dos l\u00edderes con un ideario racista. Defienden furibundas propuestas antimigratorias y sus partidos van como un tiro en las encuestas. Eso lleva al <a href=\"https:\/\/elpais.com\/espana\/2024-07-23\/pp-y-junts-confirman-que-tumbaran-el-reparto-obligatorio-de-menores-inmigrantes.html\" target=\"_self\" rel=\"nofollow noopener\" title=\"https:\/\/elpais.com\/espana\/2024-07-23\/pp-y-junts-confirman-que-tumbaran-el-reparto-obligatorio-de-menores-inmigrantes.html\">PP y a Junts a acercarse a sus postulados migratorios<\/a>, con una ret\u00f3rica cada vez m\u00e1s desapacible. Los discursos duros son ya la norma desde el centroderecha hasta la extrema derecha en toda Europa, y empiezan a serlo en Espa\u00f1a. Incluso en la academia han aparecido voces sorprendentemente radicales. \u201cCada migrante que nos traemos nos sale a pagar\u201d, dec\u00eda tajante el catedr\u00e1tico de la Universidad de Pensilvania Jes\u00fas Fern\u00e1ndez-Villaverde en una conferencia en la Fundaci\u00f3n Rafael del Pino hace meses. Fern\u00e1ndez-Villaverde es un economista brillante. Profusamente citado. Liberal. Con prestigio internacional. Millonario, seg\u00fan presume \u00e9l mismo en redes sociales para sugerir que lo que dice no est\u00e1 condicionado por nada ni por nadie. Y con<a href=\"https:\/\/cincodias.elpais.com\/opinion\/2025-06-06\/el-racismo-entra-en-las-elites-el-inmigrante-no-es-rentable.html\" target=\"_self\" rel=\"nofollow noopener\" title=\"https:\/\/cincodias.elpais.com\/opinion\/2025-06-06\/el-racismo-entra-en-las-elites-el-inmigrante-no-es-rentable.html\"> ideas cercanas al extremismo en lo tocante a la agenda migratoria<\/a>: \u201cA la corta son un chute de coca\u00edna para las cuentas p\u00fablicas, pero a la larga mantener el flujo migratorio nos convertir\u00eda a los espa\u00f1oles en minor\u00eda (\u2026). No podemos traernos ni un solo migrante m\u00e1s sin grado universitario\u201d. \u201cHace falta mano dura\u201d, concluye: en este debate es f\u00e1cil acabar llegando a ese sintagma, la famosa mano dura, por arte de birlibirloque. El birlibirloque de Fern\u00e1ndez-Villaverde consiste en extrapolar a Espa\u00f1a datos de Dinamarca. \u201cNo tenemos datos en Espa\u00f1a: solo la Airef [la autoridad fiscal] podr\u00eda hacer algo parecido, pero estoy dispuesto a apostar dinero a que en Espa\u00f1a el resultado es el mismo: la migraci\u00f3n nos sale a pagar\u201d, dec\u00eda. <\/p>\n<p><img decoding=\"auto\" class=\"_re lazyload a_m-h\" height=\"276\"  width=\"414\"  src=\"https:\/\/www.europesays.com\/es\/wp-content\/uploads\/2025\/12\/6RPE3MQWXVGH5PP7BED4DD63OI.jpg\" loading=\"lazy\"\/>Babou Diouf, pescador de Senegal, trabaja en el puerto de Burela, Galicia, en una imagen del 20 de octubre de 2023. NACHO DOCE (Reuters \/ Contacto)<\/p>\n<p class=\"\">La Airef no ha hecho exactamente el mismo ejercicio, pero los datos que ofrece desmienten el enfoque del catedr\u00e1tico de Pensilvania, que no quiso responder a las preguntas de este diario. El Banco de Espa\u00f1a rechazaba tambi\u00e9n sus conclusiones con Pablo Hern\u00e1ndez de Cos como gobernador, y sigue rechaz\u00e1ndolas con Jos\u00e9 Luis Escriv\u00e1. <a href=\"https:\/\/elpais.com\/espana\/2025-05-19\/el-gobierno-apuesta-ahora-por-la-regularizacion-extraordinaria-de-cientos-de-miles-de-inmigrantes.html\" target=\"_self\" rel=\"nofollow noopener\" title=\"https:\/\/elpais.com\/espana\/2025-05-19\/el-gobierno-apuesta-ahora-por-la-regularizacion-extraordinaria-de-cientos-de-miles-de-inmigrantes.html\">Lo mismo hacen La Moncloa y el Ministerio de Migraciones<\/a>. Y la OCDE, y el BCE, y la mir\u00edada de expertos que se han aproximado a este asunto, si exceptuamos informes como el de la Fundaci\u00f3n Disenso, vinculada a Vox. La Comisi\u00f3n Europea coloca a Espa\u00f1a entre los pa\u00edses en los que el efecto econ\u00f3mico de la migraci\u00f3n es positivo: los migrantes \u201ccontribuyen al crecimiento\u201d, aportan ingresos p\u00fablicos \u201cy cuestan a las finanzas p\u00fablicas menos que los nacionales\u201d, seg\u00fan el informe El impacto fiscal de la migraci\u00f3n en la UE.\u202fHasta una docena de expertos consultados para esta pieza cargan contra la extrapolaci\u00f3n de datos daneses para llegar a una tesis tan contundente sobre Espa\u00f1a: los <a href=\"https:\/\/elpais.com\/internacional\/2025-07-15\/dinamarca-impulsa-un-endurecimiento-del-control-migratorio-como-prioridad-de-la-ue.html\" target=\"_self\" rel=\"nofollow noopener\" title=\"https:\/\/elpais.com\/internacional\/2025-07-15\/dinamarca-impulsa-un-endurecimiento-del-control-migratorio-como-prioridad-de-la-ue.html\">migrantes daneses, buena parte de ellos refugiados, son dif\u00edciles de integrar<\/a>; en Espa\u00f1a un 40% son latinoamericanos, con una cultura y un idioma que facilitan la asimilaci\u00f3n. <\/p>\n<p class=\"\">La conclusi\u00f3n es clara: el efecto econ\u00f3mico de la migraci\u00f3n es netamente positivo, seg\u00fan una docena de estudios acad\u00e9micos e institucionales consultados para este texto. Solo puntualmente, en algunas \u00e1reas, se tensan los servicios p\u00fablicos. Y solo m\u00e1s adelante en el tiempo, con las segundas y terceras generaciones (<a href=\"https:\/\/elpais.com\/elpais\/2013\/11\/22\/opinion\/1385137645_762712.html\" target=\"_self\" rel=\"nofollow noopener\" title=\"https:\/\/elpais.com\/elpais\/2013\/11\/22\/opinion\/1385137645_762712.html\">a las que dif\u00edcilmente se les puede llamar migrantes<\/a>), ese efecto podr\u00eda diluirse, cuando los migrantes gasten m\u00e1s en educaci\u00f3n y sanidad, y cuando empiecen a cobrar las pensiones a las que tienen derecho. \u201cLa entrada de migrantes impone desaf\u00edos: su impacto depender\u00e1 de la integraci\u00f3n\u201d, sintetiza el informe de Bruselas. <\/p>\n<p class=\"\">La integraci\u00f3n, en fin, es la clave, pero el debate migratorio va por otros derroteros y desprende un olor avinagrado. \u201cDe discutir sobre derechos y econom\u00eda hemos pasado a un debate sobre seguridad\u201d, admite el exvicepresidente de la Comisi\u00f3n Europea Margaritis Schinas, uno de los art\u00edfices del <a href=\"https:\/\/elpais.com\/internacional\/2025-11-11\/espana-podra-reubicar-migrantes-en-otros-paises-de-la-ue.html\" target=\"_self\" rel=\"nofollow noopener\" title=\"https:\/\/elpais.com\/internacional\/2025-11-11\/espana-podra-reubicar-migrantes-en-otros-paises-de-la-ue.html\">Pacto Migratorio reci\u00e9n aprobado en la Euroc\u00e1mara<\/a> y figura destacada del centroderecha europeo. \u201cLas fronteras abiertas ya no son solamente un s\u00edmbolo de libertad, sino tambi\u00e9n un s\u00edmbolo de inseguridad\u201d. <\/p>\n<p class=\"\">En los \u00faltimos 30 a\u00f1os, Espa\u00f1a pas\u00f3 de ser un pa\u00eds de emigrantes a receptor neto. Hoy llegan unos 600.000 al a\u00f1o, de los que apenas un 10% son irregulares: se trata de la segunda oleada migratoria, que arranc\u00f3 en 2019; la primera sucedi\u00f3 a caballo entre el siglo pasado y el actual, y despu\u00e9s la Gran Crisis dren\u00f3 el censo de extranjeros. Todas las estimaciones (Airef, INE y Europop) rebajan las cifras al entorno de unos 250.000 migrantes a partir de 2027. La ONU pronostica que bajar\u00e1n de los 100.000. Todos esos estudios vaticinan un <a href=\"https:\/\/elpais.com\/expres\/2025-11-20\/mas-esperanza-de-vida-menos-nacimientos-el-mapa-demografico-de-espana.html\" target=\"_self\" rel=\"nofollow noopener\" title=\"https:\/\/elpais.com\/expres\/2025-11-20\/mas-esperanza-de-vida-menos-nacimientos-el-mapa-demografico-de-espana.html\">futuro oscuro para la demograf\u00eda<\/a> (y para la econom\u00eda) sin migrantes de por medio. Con migraci\u00f3n cero hasta 2060, el PIB espa\u00f1ol caer\u00eda casi un 30% y la poblaci\u00f3n bajar\u00eda de nuevo a 40 millones de personas, seg\u00fan las estimaciones de la Comisi\u00f3n. <\/p>\n<p class=\"\">El porcentaje de poblaci\u00f3n extranjera en Espa\u00f1a es hoy del 15%, y estar\u00eda siempre por debajo del 20% en el pr\u00f3ximo medio siglo: lejos de la profec\u00eda de \u201clos espa\u00f1oles ser\u00e1n minor\u00eda\u201d de Fern\u00e1ndez-Villaverde, una frase que alude sin citarlo <a href=\"https:\/\/elpais.com\/internacional\/2025-07-08\/remigracion-y-gran-reemplazo-ideas-de-la-ultraderecha-en-europa-que-recupera-vox.html\" target=\"_self\" rel=\"nofollow noopener\" title=\"https:\/\/elpais.com\/internacional\/2025-07-08\/remigracion-y-gran-reemplazo-ideas-de-la-ultraderecha-en-europa-que-recupera-vox.html\">al famoso \u201cgran reemplazo\u201d, el espantajo ultra en este asunto<\/a>. Esas cifras de entrada coinciden con un aumento del PIB y de la renta per capita, con un r\u00e9cord de empleo y con la menor tasa de paro en 15 a\u00f1os. Y con la mejora de las cuentas p\u00fablicas. No han provocado una rebaja de salarios, seg\u00fan las estad\u00edsticas oficiales, ni un deterioro en los servicios p\u00fablicos a pesar del argumentario antimigraci\u00f3n, con \u201cel efecto llamada\u201d a la cabeza, que se repite desde los tiempos de Reagan y Thatcher pero que no tiene sustento en la literatura acad\u00e9mica. <\/p>\n<p class=\"\">Estos son los grandes n\u00fameros de la migraci\u00f3n en Espa\u00f1a: positivos (con algunas zonas de sombra), a pesar de los catastrofismos interesados. <\/p>\n<p class=\"\"><b>&#8211; Crecimiento<\/b>.\u202fLas migraciones acompa\u00f1an los ciclos econ\u00f3micos: los flujos se adaptan a las condiciones del mercado laboral. El impacto en el PIB espa\u00f1ol es muy positivo. <a href=\"https:\/\/elpais.com\/economia\/2025-05-16\/el-80-del-crecimiento-de-espana-en-el-ultimo-lustro-se-explica-por-el-aumento-de-trabajadores-extranjeros.html\" target=\"_self\" rel=\"nofollow noopener\" title=\"https:\/\/elpais.com\/economia\/2025-05-16\/el-80-del-crecimiento-de-espana-en-el-ultimo-lustro-se-explica-por-el-aumento-de-trabajadores-extranjeros.html\">La poblaci\u00f3n extranjera ha aportado el 80% del crecimiento entre 2019 y 2025<\/a>, seg\u00fan el BCE (una cifra similar a la de Alemania y superior a las de Italia, Francia y Pa\u00edses Bajos). Ese impacto positivo se deja ver incluso en la renta per capita: los migrantes aportan una cuarta parte del aumento del PIB por persona entre 2022 y 2024, seg\u00fan el Banco de Espa\u00f1a. El FMI considera que la migraci\u00f3n ha elevado medio punto de PIB el potencial de crecimiento. <\/p>\n<p class=\"\"><b>&#8211; Empleo<\/b>.\u202fLa \u00faltima oleada migratoria, desde oto\u00f1o de 2018, ha provocado un aumento de la afiliaci\u00f3n a la Seguridad Social de 1,1 millones de personas. La gran mayor\u00eda con contrato indefinido. Las bases de cotizaci\u00f3n han crecido el 31,4%. Uno de cada siete trabajadores espa\u00f1oles es extranjero: son claves en los cuidados (72%), la hosteler\u00eda (48%), la construcci\u00f3n (34%) y en sectores de alto valor a\u00f1adido como las profesiones cient\u00edficas y t\u00e9cnicas (25%). Son m\u00e1s j\u00f3venes que los aut\u00f3ctonos; 32 a\u00f1os de media de edad (frente a 44,5 de los espa\u00f1oles). Solo un 2% de ellos son funcionarios. Y <a href=\"https:\/\/elpais.com\/economia\/2023-12-17\/un-record-de-empleo-imposible-sin-trabajadores-extranjeros.html\" target=\"_self\" rel=\"nofollow noopener\" title=\"https:\/\/elpais.com\/economia\/2023-12-17\/un-record-de-empleo-imposible-sin-trabajadores-extranjeros.html\">crean muchas empresas; muchos de ellos son aut\u00f3nomos<\/a>. Persisten brechas y desequilibrios, pero se van suavizando. <\/p>\n<p class=\"\"><b>&#8211; Salarios<\/b>.\u202fLa din\u00e1mica salarial inici\u00f3 un cambio de patr\u00f3n en 2019 por varios motivos: la recuperaci\u00f3n poscovid y los aumentos del salario m\u00ednimo han reducido la penalizaci\u00f3n salarial de los extranjeros. A partir de 2023 esa brecha se reduce con claridad. \u201cNo hay ralentizaci\u00f3n de los salarios nacionales por la inmigraci\u00f3n\u201d, concluye un informe de La Moncloa. <a href=\"https:\/\/elpais.com\/economia\/2025-07-16\/los-inmigrantes-en-espana-ganan-un-29-menos-que-los-trabajadores-locales.html\" target=\"_self\" rel=\"nofollow noopener\" title=\"https:\/\/elpais.com\/economia\/2025-07-16\/los-inmigrantes-en-espana-ganan-un-29-menos-que-los-trabajadores-locales.html\">Se concentran en empleo y ramas de actividad de salarios medios y bajos<\/a>, tienen m\u00e1s subempleo que los trabajadores aut\u00f3ctonos y algo m\u00e1s de temporalidad, seg\u00fan las cifras que ofrece Trabajo. Pero todo ese abanico de datos ha mejorado en el \u00faltimo lustro. <\/p>\n<p class=\"\"><b>&#8211; Balanzas fiscales<\/b>.\u202fLos migrantes contribuyen m\u00e1s a las arcas p\u00fablicas: pagan en torno a 1.600 euros netos como media, frente a los 1.500 de los nacionales, seg\u00fan los datos de la Comisi\u00f3n Europea. <a href=\"https:\/\/elpais.com\/economia\/2025-11-09\/espana-ya-supera-el-millon-de-afiliados-latinos-donde-estan-y-en-que-trabajan.html\" target=\"_self\" rel=\"nofollow noopener\" title=\"https:\/\/elpais.com\/economia\/2025-11-09\/espana-ya-supera-el-millon-de-afiliados-latinos-donde-estan-y-en-que-trabajan.html\">Aportan 21.000 millones anuales a las arcas de la Seguridad Social (10,6% del total)<\/a> y perciben el 1% de las pensiones. Los migrantes \u201ccompensan el d\u00e9ficit en la aportaci\u00f3n de los nacionales\u201d, seg\u00fan la Comisi\u00f3n. La \u00adOCDE estima que el gasto p\u00fablico que supone cada migrante es un tercio menor que el de un espa\u00f1ol: tienden a usar menos la educaci\u00f3n, la sanidad y los servicios sociales, aunque los expertos apuntan a que eso cambiar\u00e1 si siguen adapt\u00e1ndose. Menos del 5% de los migrantes percibe el ingreso m\u00ednimo vital. Las regularizaciones han tenido un impacto neto muy positivo sobre las arcas p\u00fablicas, que se estima en 3.500 euros por migrante. Espa\u00f1a ha regularizado a 858.038 migrantes desde 2018; hay una regularizaci\u00f3n pendiente, varada en el Congreso, que podr\u00eda afectar a entre 450.000 y 686.000 personas. <\/p>\n<p class=\"\"><b>&#8211; Productividad<\/b>.\u202f\u201cEl peso de las ocupaciones elementales se ha reducido entre 10 y 12 puntos desde 2013\u201d, seg\u00fan un segundo documento de La Moncloa al que ha tenido acceso este diario. <a href=\"https:\/\/elpais.com\/espana\/2025-07-11\/datos-para-entender-la-inmigracion-cuantos-son-donde-viven-y-en-que-trabajan.html\" target=\"_self\" rel=\"nofollow noopener\" title=\"https:\/\/elpais.com\/espana\/2025-07-11\/datos-para-entender-la-inmigracion-cuantos-son-donde-viven-y-en-que-trabajan.html\">Tres de cada cuatro migrantes que trabajan en Espa\u00f1a son latinoamericanos y europeos<\/a>: con esa base, la capacidad de adaptaci\u00f3n de la fuerza laboral extranjera ha permitido ligeros aumentos de productividad incluso en sectores de alto valor a\u00f1adido, seg\u00fan datos de Contabilidad Nacional, en \u00e1reas como las tecnolog\u00edas de informaci\u00f3n y la comunicaci\u00f3n y las actividades profesionales, cient\u00edficas y t\u00e9cnicas. <\/p>\n<p class=\"\"><b>&#8211; Educaci\u00f3n<\/b>. La estad\u00edstica oficial registra una brecha formativa entre los nativos y los migrantes, aunque el Banco de Espa\u00f1a concluye que va a la baja. La Comisi\u00f3n Europea subraya que una cuarta parte de los migrantes no europeos ya tiene estudios superiores, frente al 44% de los espa\u00f1oles. El nivel educativo ha mejorado en la actual oleada migratoria. Algo m\u00e1s del 40% tiene estudios primarios; algo menos del 30% tiene estudios secundarios, y <a href=\"https:\/\/elpais.com\/economia\/2024-04-18\/espana-desperdicia-el-talento-extranjero-uno-de-cada-dos-inmigrantes-trabaja-por-debajo-de-su-cualificacion.html\" target=\"_self\" rel=\"nofollow noopener\" title=\"https:\/\/elpais.com\/economia\/2024-04-18\/espana-desperdicia-el-talento-extranjero-uno-de-cada-dos-inmigrantes-trabaja-por-debajo-de-su-cualificacion.html\">casi un 30% ha completado ciclos universitarios<\/a>. <\/p>\n<p><img decoding=\"auto\" class=\"_re lazyload a_m-h\" height=\"276\"  width=\"414\"  src=\"https:\/\/www.europesays.com\/es\/wp-content\/uploads\/2025\/12\/WJLLJK2X6ZHXRL3DQNAASFH5WA.jpg\" loading=\"lazy\"\/>Protesta de Madrid, el pasado julio, en rechazo a los disturbios de Torre Pacheco.  Jesus Hellin (Europa Press \/ Getty Images)<\/p>\n<p class=\"\">La visi\u00f3n de una crisis migratoria perenne y que va a m\u00e1s se compadece mal con la realidad, y a la vez contrasta con la de algunos expertos que dicen que es la soluci\u00f3n a todos los males: demogr\u00e1ficos, del mercado laboral y del Estado del bienestar. \u201cMarcos tan sesgados\u201d, <a href=\"https:\/\/elpais.com\/espana\/2024-09-29\/hein-de-haas-sociologo-no-hay-voluntad-politica-para-frenar-la-inmigracion-clandestina-porque-significaria-ir-a-la-quiebra-manana.html\" target=\"_self\" rel=\"nofollow noopener\" title=\"https:\/\/elpais.com\/espana\/2024-09-29\/hein-de-haas-sociologo-no-hay-voluntad-politica-para-frenar-la-inmigracion-clandestina-porque-significaria-ir-a-la-quiebra-manana.html\">asegura el experto Hein de Haas en Los mitos de la inmigraci\u00f3n, \u201cllevan a malas pol\u00edticas y a malos debates\u201d<\/a>. La Estrategia de seguridad nacional de la Administraci\u00f3n de Trump, conocida esta semana, alerta de la \u201cdesaparici\u00f3n de la civilizaci\u00f3n\u201d en Europa con pol\u00edticas como las migratorias, \u201cque est\u00e1n transformando el continente y generando conflictos\u201d. Ese tipo de informes, con membrete oficial, son un dopaje extraordinario para los ultras en la UE. Las cifras demuestran que la migraci\u00f3n ni es tan masiva con respecto a los patrones hist\u00f3ricos ni tan transformadora a escala nacional, aunque a veces puede ser disruptiva localmente si llegan muchos a la vez, se instalan en guetos y no terminan de adaptarse. Ah\u00ed s\u00ed pueden estresar los servicios p\u00fablicos y mercados como el inmobiliario, especialmente en las autonom\u00edas con m\u00e1s llegadas (las islas, Catalu\u00f1a, Comunidad Valenciana y Madrid). <\/p>\n<p class=\"\">\u201cLa mayor parte de la gente tiene visiones m\u00e1s o menos equilibradas sobre la migraci\u00f3n: hay preocupaci\u00f3n pero tambi\u00e9n se entiende que los migrantes son realmente imprescindibles en algunas actividades y que tienen derechos. Hay un <a href=\"https:\/\/elpais.com\/tecnologia\/2023-04-25\/los-algoritmos-se-ceban-con-los-mas-vulnerables-en-las-redes-los-inmigrantes-son-negros-y-tumultuosos-los-refugiados-blancos-y-tranquilos.html\" target=\"_self\" rel=\"nofollow noopener\" title=\"https:\/\/elpais.com\/tecnologia\/2023-04-25\/los-algoritmos-se-ceban-con-los-mas-vulnerables-en-las-redes-los-inmigrantes-son-negros-y-tumultuosos-los-refugiados-blancos-y-tranquilos.html\">p\u00e1nico pol\u00edtico y un miedo social injustificados, tal vez por los excesos que vemos en redes sociales<\/a>\u201d, explica por tel\u00e9fono Joan Monr\u00e0s, catedr\u00e1tico de la Universidad Pompeu Fabra. \u201cLlegan siendo j\u00f3venes, no consumen educaci\u00f3n ni sanidad y muchos de ellos terminan volvi\u00e9ndose a su lugar de origen. Si tienen hijos, no computan como extranjeros: hacer los n\u00fameros no es sencillo. Pero algunas cosas s\u00ed son f\u00e1cilmente constatables: las regularizaciones han funcionado, la capacidad de adaptaci\u00f3n a Espa\u00f1a es mejor que en otros pa\u00edses porque muchos proceden de Am\u00e9rica Latina, y el nivel educativo mejora. Si les damos oportunidades de adaptarse e integrarse, contribuir\u00e1n a\u00fan m\u00e1s\u201d. <\/p>\n<p class=\"\">Todo el mundo mal llamado desarrollado se enfrenta a problemas similares: hombres y mujeres viven cada vez m\u00e1s a\u00f1os y tienen cada vez menos hijos, y eso genera una presi\u00f3n brutal sobre las finanzas y los servicios p\u00fablicos, y desaf\u00edos formidables si aparecen fen\u00f3menos como <a href=\"https:\/\/elpais.com\/internacional\/2023-07-09\/la-banlieue-la-promesa-fallida-de-la-igualdad-francesa.html\" target=\"_self\" rel=\"nofollow noopener\" title=\"https:\/\/elpais.com\/internacional\/2023-07-09\/la-banlieue-la-promesa-fallida-de-la-igualdad-francesa.html\">las banlieues, los suburbios de las grandes ciudades francesas<\/a>. La migraci\u00f3n est\u00e1 llamada a paliar algunos problemas, pero genera fricciones y controversia: junto a la p\u00e9rdida de poder adquisitivo, el descontento por la falta de controles fronterizos explica parte de la llegada del trumpismo y de la ola populista en Europa. <\/p>\n<p class=\"\">Una porci\u00f3n no menor de ese enfurecimiento pol\u00edtico est\u00e1 basada en prejuicios. \u201cLa paradoja es que el mayor rechazo no se produce donde hay m\u00e1s migrantes, sino donde hay menos, o en lugares donde se producen aumentos repentinos\u201d, afirma Mar\u00eda Romero en su despacho de Analistas Financieros Internacionales; \u201chay un c\u00edrculo vicioso que consiste en restringir la migraci\u00f3n, y con esa p\u00e9rdida provocar un impacto econ\u00f3mico y acabar teniendo peores niveles de servicios p\u00fablicos, y que despu\u00e9s eso provoque restricciones a\u00fan mayores en la pol\u00edtica migratoria\u201d, a\u00f1ade. Raquel Carrasco, de la Universidad Carlos III, asegura que <a href=\"https:\/\/elpais.com\/espana\/2024-09-09\/el-inmigrante-delincuente-la-idea-zombi-que-revive-pese-a-las-evidencias-en-contra.html\" target=\"_self\" rel=\"nofollow noopener\" title=\"https:\/\/elpais.com\/espana\/2024-09-09\/el-inmigrante-delincuente-la-idea-zombi-que-revive-pese-a-las-evidencias-en-contra.html\">las extremas derechas presentan a los migrantes<\/a> \u201ccomo ladrones de empleos o gorrones del Estado de bienestar, en contra de lo que dicen los n\u00fameros, para distraer la atenci\u00f3n de las causas reales de la p\u00e9rdida de seguridad en el mercado de trabajo, el estancamiento salarial, una educaci\u00f3n cada vez m\u00e1s cara y problemas m\u00e1s acuciantes en vivienda y sanidad tras a\u00f1os de pol\u00edticas equivocadas\u201d. \u201cPero la evidencia cient\u00edfica, a pesar de los Fern\u00e1ndez-Villaverde, es que no se detectan efectos econ\u00f3micos negativos: al contrario. Ni siquiera hay<a href=\"https:\/\/elpais.com\/espana\/2025-07-16\/sube-la-criminalidad-en-espana-datos-de-tendencia-por-delito-y-en-cada-ciudad.html\" target=\"_self\" rel=\"nofollow noopener\" title=\"https:\/\/elpais.com\/espana\/2025-07-16\/sube-la-criminalidad-en-espana-datos-de-tendencia-por-delito-y-en-cada-ciudad.html\"> cifras que demuestren que en Espa\u00f1a hay m\u00e1s criminalidad tras el boom migratorio<\/a>\u201d, cierra. <\/p>\n<p class=\"\">Bruselas cree que el Ejecutivo espa\u00f1ol puede permitirse un discurso distinto de los que proliferan en el resto de Europa por la fortaleza de su econom\u00eda, porque <a href=\"https:\/\/elpais.com\/internacional\/2023-06-06\/bruselas-reforzara-los-acuerdos-con-marruecos-para-frenar-la-inmigracion-irregular.html\" target=\"_self\" rel=\"nofollow noopener\" title=\"https:\/\/elpais.com\/internacional\/2023-06-06\/bruselas-reforzara-los-acuerdos-con-marruecos-para-frenar-la-inmigracion-irregular.html\">los acuerdos con Marruecos para frenar la entrada de irregulares<\/a> han funcionado y, sobre todo, porque casi la mitad de la migraci\u00f3n procede de Am\u00e9rica Latina y es m\u00e1s f\u00e1cilmente adaptable que la de quienes llegan al centro y el norte de Europa. Pero las fuentes consultadas advierten de que en lugares como las <a href=\"https:\/\/elpais.com\/espana\/2025-08-27\/canarias-declara-la-contingencia-migratoria-para-iniciar-el-traslado-de-menores-migrantes-a-otras-comunidades.html\" target=\"_self\" rel=\"nofollow noopener\" title=\"https:\/\/elpais.com\/espana\/2025-08-27\/canarias-declara-la-contingencia-migratoria-para-iniciar-el-traslado-de-menores-migrantes-a-otras-comunidades.html\">islas Canarias la pol\u00edtica migratoria espa\u00f1ola <\/a>no es tan distinta de la del resto de Europa: la negativa de varias autonom\u00edas a aceptar menores no acompa\u00f1ados procedentes de \u00c1frica que aguardan en suelo canario recuerda peligrosamente a las actitudes de la crisis de refugiados de 2015 en Europa central y del este. <\/p>\n<p class=\"\">Hace solo 10 a\u00f1os, todo el continente se preguntaba c\u00f3mo era posible que la extrema derecha no lograra ense\u00f1ar los dientes en Espa\u00f1a. Hoy, <a href=\"https:\/\/elpais.com\/espana\/2024-10-10\/sanchez-sale-a-la-ofensiva-frente-a-la-ola-antiinmigracion-que-detectan-los-sondeos.html\" target=\"_self\" rel=\"nofollow noopener\" title=\"https:\/\/elpais.com\/espana\/2024-10-10\/sanchez-sale-a-la-ofensiva-frente-a-la-ola-antiinmigracion-que-detectan-los-sondeos.html\">Espa\u00f1a es a\u00fan la excepci\u00f3n europea en el discurso migratorio<\/a>. Veremos por cu\u00e1nto tiempo. <\/p>\n","protected":false},"excerpt":{"rendered":"El simple hecho de cruzar las fronteras de Europa es hoy m\u00e1s atractivo que cualquier utop\u00eda. La primera&hellip;\n","protected":false},"author":2,"featured_media":277136,"comment_status":"","ping_status":"","sticky":false,"template":"","format":"standard","meta":{"footnotes":""},"categories":[42],"tags":[17,18,16491,95,24,67451,700,2287,13,14,11,61,62,63,64,10318,19,20,1804,32646,892,890,9,10,15,16,1699,12,21,22,3633,624,65,66,67],"class_list":{"0":"post-277135","1":"post","2":"type-post","3":"status-publish","4":"format-standard","5":"has-post-thumbnail","7":"category-internacional","8":"tag-breaking-news","9":"tag-breakingnews","10":"tag-demografia","11":"tag-economia","12":"tag-espana","13":"tag-estado-bienestar","14":"tag-europa","15":"tag-extrema-derecha","16":"tag-featured-news","17":"tag-featurednews","18":"tag-headlines","19":"tag-internacional","20":"tag-international","21":"tag-international-news","22":"tag-internationalnews","23":"tag-jose-maria-aznar","24":"tag-latest-news","25":"tag-latestnews","26":"tag-latinoamerica","27":"tag-macroeconomia","28":"tag-migracion","29":"tag-migrantes","30":"tag-news","31":"tag-noticias","32":"tag-noticias-destacadas","33":"tag-noticiasdestacadas","34":"tag-psoe","35":"tag-titulares","36":"tag-ultimas-noticias","37":"tag-ultimasnoticias","38":"tag-vivienda","39":"tag-vox","40":"tag-world","41":"tag-world-news","42":"tag-worldnews"},"share_on_mastodon":{"url":"","error":"Validation failed: Text character limit of 500 exceeded"},"_links":{"self":[{"href":"https:\/\/www.europesays.com\/es\/wp-json\/wp\/v2\/posts\/277135","targetHints":{"allow":["GET"]}}],"collection":[{"href":"https:\/\/www.europesays.com\/es\/wp-json\/wp\/v2\/posts"}],"about":[{"href":"https:\/\/www.europesays.com\/es\/wp-json\/wp\/v2\/types\/post"}],"author":[{"embeddable":true,"href":"https:\/\/www.europesays.com\/es\/wp-json\/wp\/v2\/users\/2"}],"replies":[{"embeddable":true,"href":"https:\/\/www.europesays.com\/es\/wp-json\/wp\/v2\/comments?post=277135"}],"version-history":[{"count":0,"href":"https:\/\/www.europesays.com\/es\/wp-json\/wp\/v2\/posts\/277135\/revisions"}],"wp:featuredmedia":[{"embeddable":true,"href":"https:\/\/www.europesays.com\/es\/wp-json\/wp\/v2\/media\/277136"}],"wp:attachment":[{"href":"https:\/\/www.europesays.com\/es\/wp-json\/wp\/v2\/media?parent=277135"}],"wp:term":[{"taxonomy":"category","embeddable":true,"href":"https:\/\/www.europesays.com\/es\/wp-json\/wp\/v2\/categories?post=277135"},{"taxonomy":"post_tag","embeddable":true,"href":"https:\/\/www.europesays.com\/es\/wp-json\/wp\/v2\/tags?post=277135"}],"curies":[{"name":"wp","href":"https:\/\/api.w.org\/{rel}","templated":true}]}}