{"id":277139,"date":"2025-12-08T05:57:20","date_gmt":"2025-12-08T05:57:20","guid":{"rendered":"https:\/\/www.europesays.com\/es\/277139\/"},"modified":"2025-12-08T05:57:20","modified_gmt":"2025-12-08T05:57:20","slug":"mueren-tres-personas-por-un-golpe-de-mar-en-tenerife-sociedad","status":"publish","type":"post","link":"https:\/\/www.europesays.com\/es\/277139\/","title":{"rendered":"Mueren tres personas por un golpe de mar en Tenerife | Sociedad"},"content":{"rendered":"<p class=\"loc\">Santa Cruz de Tenerife<\/p>\n<p>D\u00eda tr\u00e1gico en la isla de Tenerife. Tres personas han fallecido despu\u00e9s de que una ola entrara en la piscina natural en la que se ba\u00f1aban y un cuarto ha sido arrastrado por el mar. La Guardia Civil ha desplegado un dispositivo para localizar y determinar su ausencia en alguno de los establecimientos hoteleros de la zona.<\/p>\n<p>Otras tres personas han tenido que ser atendidas por los servicios de emergencias afectados por el momento en el que se vieron sorprendidos por el golpe de mar. Uno de ellos afectado con una parada cardiorrespiratoria. Este ha sido trasladado a un centro hospitalario de la isla de Tenerife. Tambi\u00e9n se ha producido una evacuaci\u00f3n hospitalaria por un traumatismo craneoencef\u00e1lico.<\/p>\n<p>Los servicios de emergencia han sido activados en torno a las cuatro de la tarde despu\u00e9s de recibir varias llamadas advirtiendo sobre las dificultades en las que se encontraban los ba\u00f1istas tras un golpe de mar en una piscina natural de dif\u00edcil acceso a unos doscientos metros al sur del conocido como mirador de Isla Cangrejo, localizada en el municipio tur\u00edstico de Santiago de Santiago del Teide.<\/p>\n<p>Los servicios de emergencias han activado el dispositivo de b\u00fasqueda desplegando sus equipos en el mar y tambi\u00e9n tres los helic\u00f3pteros: uno del Grupo de Emergencias y Salvamento, otro de Salvamento Mar\u00edtimo y un tercero con un equipo medicalizado del Servicio Canario de la Salud. Mois\u00e9s S\u00e1nchez, director del equipo coordinador de emergencias canario, confirma que mantendr\u00e1n la b\u00fasqueda de la persona desaparecida con la coordinaci\u00f3n de Salvamento Mar\u00edtimo.<\/p>\n<p>Un fallecimiento en enero<\/p>\n<p>No es la primera ocasi\u00f3n en la que esta zona de ba\u00f1o debe ser desalojada por la intensidad de las olas del mar contra este espacio. De hecho, <a href=\"https:\/\/cadenaser.com\/canarias\/2025\/01\/27\/varias-personas-arrastradas-por-un-golpe-de-mar-en-un-charco-de-santiago-del-teide-radio-club-tenerife\/\" target=\"_blank\" rel=\"nofollow noopener\" title=\"https:\/\/cadenaser.com\/canarias\/2025\/01\/27\/varias-personas-arrastradas-por-un-golpe-de-mar-en-un-charco-de-santiago-del-teide-radio-club-tenerife\/\">en enero de 2025 falleci\u00f3 otra persona de sesenta a\u00f1os<\/a> que fue arrastrada por el mar junto a otras dos en las inmediaciones de la piscina natural de Isla Cangrejo, en la costa del mismo municipio. <\/p>\n<p>Entonces, los rescatadores del helic\u00f3ptero del Grupo de Emergencias y Salvamento (GES) localizaron a uno de los ba\u00f1istas boca abajo en el mar y procedieron a su rescate y traslado al campo de f\u00fatbol mientras que las otras dos personas lograron salir por sus propios medios, seg\u00fan informaron a finales del mes de enero desde el ayuntamiento santiaguero.<\/p>\n","protected":false},"excerpt":{"rendered":"Santa Cruz de Tenerife D\u00eda tr\u00e1gico en la isla de Tenerife. Tres personas han fallecido despu\u00e9s de que&hellip;\n","protected":false},"author":2,"featured_media":277140,"comment_status":"","ping_status":"","sticky":false,"template":"","format":"standard","meta":{"footnotes":""},"categories":[5],"tags":[17,18,25,24,13,14,11,19,20,9,10,15,16,23,12,21,22],"class_list":{"0":"post-277139","1":"post","2":"type-post","3":"status-publish","4":"format-standard","5":"has-post-thumbnail","7":"category-titulares","8":"tag-breaking-news","9":"tag-breakingnews","10":"tag-es","11":"tag-espana","12":"tag-featured-news","13":"tag-featurednews","14":"tag-headlines","15":"tag-latest-news","16":"tag-latestnews","17":"tag-news","18":"tag-noticias","19":"tag-noticias-destacadas","20":"tag-noticiasdestacadas","21":"tag-spain","22":"tag-titulares","23":"tag-ultimas-noticias","24":"tag-ultimasnoticias"},"share_on_mastodon":{"url":"https:\/\/pubeurope.com\/@es\/115682413274410607","error":""},"_links":{"self":[{"href":"https:\/\/www.europesays.com\/es\/wp-json\/wp\/v2\/posts\/277139","targetHints":{"allow":["GET"]}}],"collection":[{"href":"https:\/\/www.europesays.com\/es\/wp-json\/wp\/v2\/posts"}],"about":[{"href":"https:\/\/www.europesays.com\/es\/wp-json\/wp\/v2\/types\/post"}],"author":[{"embeddable":true,"href":"https:\/\/www.europesays.com\/es\/wp-json\/wp\/v2\/users\/2"}],"replies":[{"embeddable":true,"href":"https:\/\/www.europesays.com\/es\/wp-json\/wp\/v2\/comments?post=277139"}],"version-history":[{"count":0,"href":"https:\/\/www.europesays.com\/es\/wp-json\/wp\/v2\/posts\/277139\/revisions"}],"wp:featuredmedia":[{"embeddable":true,"href":"https:\/\/www.europesays.com\/es\/wp-json\/wp\/v2\/media\/277140"}],"wp:attachment":[{"href":"https:\/\/www.europesays.com\/es\/wp-json\/wp\/v2\/media?parent=277139"}],"wp:term":[{"taxonomy":"category","embeddable":true,"href":"https:\/\/www.europesays.com\/es\/wp-json\/wp\/v2\/categories?post=277139"},{"taxonomy":"post_tag","embeddable":true,"href":"https:\/\/www.europesays.com\/es\/wp-json\/wp\/v2\/tags?post=277139"}],"curies":[{"name":"wp","href":"https:\/\/api.w.org\/{rel}","templated":true}]}}