{"id":277143,"date":"2025-12-08T06:06:09","date_gmt":"2025-12-08T06:06:09","guid":{"rendered":"https:\/\/www.europesays.com\/es\/277143\/"},"modified":"2025-12-08T06:06:09","modified_gmt":"2025-12-08T06:06:09","slug":"gonzalez-quintero-en-el-real-madrid-celta","status":"publish","type":"post","link":"https:\/\/www.europesays.com\/es\/277143\/","title":{"rendered":"Gonz\u00e1lez Quintero en el Real Madrid-Celta"},"content":{"rendered":"<p>Arbitr\u00f3 Alejandro Quintero Gonz\u00e1lez del Comit\u00e9 andaluz. En el VAR estuvo Figueroa V\u00e1zquez.<\/p>\n<p>Quintero Gonz\u00e1lez quiso protagonismo y lo consigui\u00f3. Tendr\u00e1 su internacionalidad y sus finales de Copa.<\/p>\n<p>El gremio arbitral en Espa\u00f1a tiene varias similitudes con la pol\u00edtica. Est\u00e1 repleto de golfos, chulos, sinverg\u00fcenzas y corruptos que se llenan las arcas a bases de hacer mal su trabajo y tomar el pelo al personal. La diferencia es que unos entran en la c\u00e1rcel y los otros todav\u00eda no. A lo mejor lo vemos pronto, aunque somos pesimistas.<\/p>\n<p>Expuls\u00f3 a Fran Garc\u00eda, Carreras y Endrick, que estaba en el banquillo. Amarillas para Bellingham, Valverde, Rodrygo y Moriba.<\/p>\n<p>Quintero Gonz\u00e1lez, IMPRESENTABLE.<\/p>\n","protected":false},"excerpt":{"rendered":"Arbitr\u00f3 Alejandro Quintero Gonz\u00e1lez del Comit\u00e9 andaluz. En el VAR estuvo Figueroa V\u00e1zquez. Quintero Gonz\u00e1lez quiso protagonismo y&hellip;\n","protected":false},"author":2,"featured_media":277144,"comment_status":"","ping_status":"","sticky":false,"template":"","format":"standard","meta":{"footnotes":""},"categories":[268],"tags":[168,25,24,280,282,281,23,167],"class_list":{"0":"post-277143","1":"post","2":"type-post","3":"status-publish","4":"format-standard","5":"has-post-thumbnail","7":"category-futbol","8":"tag-deportes","9":"tag-es","10":"tag-espana","11":"tag-football","12":"tag-futbol","13":"tag-soccer","14":"tag-spain","15":"tag-sports"},"share_on_mastodon":{"url":"https:\/\/pubeurope.com\/@es\/115682448758675686","error":""},"_links":{"self":[{"href":"https:\/\/www.europesays.com\/es\/wp-json\/wp\/v2\/posts\/277143","targetHints":{"allow":["GET"]}}],"collection":[{"href":"https:\/\/www.europesays.com\/es\/wp-json\/wp\/v2\/posts"}],"about":[{"href":"https:\/\/www.europesays.com\/es\/wp-json\/wp\/v2\/types\/post"}],"author":[{"embeddable":true,"href":"https:\/\/www.europesays.com\/es\/wp-json\/wp\/v2\/users\/2"}],"replies":[{"embeddable":true,"href":"https:\/\/www.europesays.com\/es\/wp-json\/wp\/v2\/comments?post=277143"}],"version-history":[{"count":0,"href":"https:\/\/www.europesays.com\/es\/wp-json\/wp\/v2\/posts\/277143\/revisions"}],"wp:featuredmedia":[{"embeddable":true,"href":"https:\/\/www.europesays.com\/es\/wp-json\/wp\/v2\/media\/277144"}],"wp:attachment":[{"href":"https:\/\/www.europesays.com\/es\/wp-json\/wp\/v2\/media?parent=277143"}],"wp:term":[{"taxonomy":"category","embeddable":true,"href":"https:\/\/www.europesays.com\/es\/wp-json\/wp\/v2\/categories?post=277143"},{"taxonomy":"post_tag","embeddable":true,"href":"https:\/\/www.europesays.com\/es\/wp-json\/wp\/v2\/tags?post=277143"}],"curies":[{"name":"wp","href":"https:\/\/api.w.org\/{rel}","templated":true}]}}