{"id":277155,"date":"2025-12-08T06:15:14","date_gmt":"2025-12-08T06:15:14","guid":{"rendered":"https:\/\/www.europesays.com\/es\/277155\/"},"modified":"2025-12-08T06:15:14","modified_gmt":"2025-12-08T06:15:14","slug":"santoral-del-08-de-diciembre-de-2025-descubre-que-santos-se-celebran-hoy","status":"publish","type":"post","link":"https:\/\/www.europesays.com\/es\/277155\/","title":{"rendered":"Santoral del 08 de diciembre de 2025: Descubre qu\u00e9 santos se celebran hoy"},"content":{"rendered":"<p class=\"v-mdl-ath__p v-mdl-ath__p--6\">\nDomingo, 7 de diciembre 2025, 19:39<\/p>\n<p class=\"v-p\">8 de diciembre  tiene lugar el Santo de Santa Inmaculada Concepci\u00f3n entre otros nombres que hoy se festejan seg\u00fan el Santoral Cristiano.<\/p>\n<p class=\"v-p\">La Inmaculada Concepci\u00f3n,  &#8230; reconocida como la Pur\u00edsima Concepci\u00f3n, es un dogma cat\u00f3lico que afirma que la Virgen Mar\u00eda estuvo  &#8230; libre del pecado original desde el instante mismo de su concepci\u00f3n, gracias a los m\u00e9ritos de su hijo Jesucristo. Este dogma fue proclamado en 1854 y se conmemora cada 8 de diciembre, coincidiendo con nueve meses antes de la celebraci\u00f3n de la Natividad de la Virgen el 8 de septiembre.<\/p>\n<p><a href=\"https:\/\/www.diariosur.es\/sociedad\/efemeride-08diciembre-20251201000000-nt.html#vtm_modulosEngag=mod-rel:sociedad:noticia:1:cmp:1-not\" class=\"v-a-link\" aria-label=\"Imagen\" rel=\"nofollow noopener\" target=\"_blank\"><\/p>\n<p><img decoding=\"async\" loading=\"lazy\" src=\"https:\/\/www.europesays.com\/es\/wp-content\/uploads\/2025\/12\/calendar-5486981.jpg\" class=\"v-a-img\" width=\"258\" height=\"180\" alt=\"\" data-voc-vtm-id=\"in-text-traffic\"\/><\/p>\n<p><\/a><\/p>\n<p>Onom\u00e1stica de hoy<\/p>\n<p class=\"v-p\">\u00bfAlguna vez te han felicitado sin ser tu cumplea\u00f1os? Entonces probablemente era tu santo. La onom\u00e1stica, esa tradici\u00f3n con ra\u00edces religiosas, sigue muy presente en el d\u00eda a d\u00eda, aunque muchos ya no la vivan desde la fe. Un mensaje, una llamada o una comida improvisada bastan para mantener vivo ese peque\u00f1o ritual que nos recuerda que alguien pens\u00f3 en nosotros. <\/p>\n<p class=\"v-p\">M\u00e1s all\u00e1 de lo religioso, celebrar el santo es una forma sencilla -y muy nuestra- de conectar con los dem\u00e1s, de mantener vivas las costumbres y de encontrar, en lo cotidiano, una excusa para celebrar. <\/p>\n<p>Desde Diario SUR te ofrecemos el santoral de hoy:<\/p>\n<ul class=\"v-u v-u--t4\">\n<li class=\"v-u__l\">\n<p class=\"v-p\">\nEucario\n<\/p>\n<\/li>\n<li class=\"v-u__l\">\n<p class=\"v-p\">\nMacario\n<\/p>\n<\/li>\n<li class=\"v-u__l\">\n<p class=\"v-p\">\nPatapio\n<\/p>\n<\/li>\n<li class=\"v-u__l\">\n<p class=\"v-p\">\nRomarico\n<\/p>\n<\/li>\n<li class=\"v-u__l\">\n<p class=\"v-p\">\nSofronio\n<\/p>\n<\/li>\n<li class=\"v-u__l\">\n<p class=\"v-p\">\nTeobaldo\n<\/p>\n<\/li>\n<\/ul>\n<p class=\"v-p\">\u00a9 Biblioteca de Autores Cristianos (J.L. Repetto, Todos los santos. 2007)<\/p>\n<p class=\"v-crt__t\"> L\u00edmite de sesiones alcanzadas<\/p>\n<p class=\"v-crt__p\">El acceso al contenido Premium est\u00e1 abierto por cortes\u00eda del establecimiento donde te encuentras, pero ahora mismo hay demasiados usuarios conectados a las vez.<\/p>\n<p class=\"v-crt__p\">Por favor, int\u00e9ntalo pasados unos minutos.<\/p>\n<p>\nVolver a intentar\n<\/p>\n<p class=\"v-crt__t\">Sesi\u00f3n cerrada<\/p>\n<p class=\"v-crt__p\">Al iniciar sesi\u00f3n desde un dispositivo distinto, por seguridad, se cerr\u00f3 la \u00faltima sesi\u00f3n en este.<\/p>\n<p class=\"v-crt__p\">Para continuar disfrutando de su suscripci\u00f3n digital, inicie sesi\u00f3n en este dispositivo.<\/p>\n<p>\nEste contenido es exclusivo para suscriptores\n<\/p>\n<p class=\"text\">\u00bfTienes una suscripci\u00f3n? <a href=\"https:\/\/secure.diariosur.es\/identidad\/inicio#vca=suscribete&amp;vso=diariosur&amp;vmc=on&amp;vli=cdn-ce-link-login\" class=\"login\" data-voc-vtm-id=\"comienzoSuscripcionON\" data-voc-vtm-info=\"cdn-ce-link-login\" rel=\"nofollow noopener\" target=\"_blank\">Inicia sesi\u00f3n<\/a><\/p>\n<p>Reporta un error<\/p>\n","protected":false},"excerpt":{"rendered":"Domingo, 7 de diciembre 2025, 19:39 8 de diciembre tiene lugar el Santo de Santa Inmaculada Concepci\u00f3n entre&hellip;\n","protected":false},"author":2,"featured_media":277156,"comment_status":"","ping_status":"","sticky":false,"template":"","format":"standard","meta":{"footnotes":""},"categories":[91],"tags":[45,5187,16443,35329,146,147,25,24,315,27389,9593,23],"class_list":{"0":"post-277155","1":"post","2":"type-post","3":"status-publish","4":"format-standard","5":"has-post-thumbnail","7":"category-entretenimiento","8":"tag-45","9":"tag-celebran","10":"tag-descubre","11":"tag-diciembre","12":"tag-entertainment","13":"tag-entretenimiento","14":"tag-es","15":"tag-espana","16":"tag-hoy","17":"tag-santoral","18":"tag-santos","19":"tag-spain"},"share_on_mastodon":{"url":"https:\/\/pubeurope.com\/@es\/115682484584978353","error":""},"_links":{"self":[{"href":"https:\/\/www.europesays.com\/es\/wp-json\/wp\/v2\/posts\/277155","targetHints":{"allow":["GET"]}}],"collection":[{"href":"https:\/\/www.europesays.com\/es\/wp-json\/wp\/v2\/posts"}],"about":[{"href":"https:\/\/www.europesays.com\/es\/wp-json\/wp\/v2\/types\/post"}],"author":[{"embeddable":true,"href":"https:\/\/www.europesays.com\/es\/wp-json\/wp\/v2\/users\/2"}],"replies":[{"embeddable":true,"href":"https:\/\/www.europesays.com\/es\/wp-json\/wp\/v2\/comments?post=277155"}],"version-history":[{"count":0,"href":"https:\/\/www.europesays.com\/es\/wp-json\/wp\/v2\/posts\/277155\/revisions"}],"wp:featuredmedia":[{"embeddable":true,"href":"https:\/\/www.europesays.com\/es\/wp-json\/wp\/v2\/media\/277156"}],"wp:attachment":[{"href":"https:\/\/www.europesays.com\/es\/wp-json\/wp\/v2\/media?parent=277155"}],"wp:term":[{"taxonomy":"category","embeddable":true,"href":"https:\/\/www.europesays.com\/es\/wp-json\/wp\/v2\/categories?post=277155"},{"taxonomy":"post_tag","embeddable":true,"href":"https:\/\/www.europesays.com\/es\/wp-json\/wp\/v2\/tags?post=277155"}],"curies":[{"name":"wp","href":"https:\/\/api.w.org\/{rel}","templated":true}]}}