{"id":277165,"date":"2025-12-08T06:20:12","date_gmt":"2025-12-08T06:20:12","guid":{"rendered":"https:\/\/www.europesays.com\/es\/277165\/"},"modified":"2025-12-08T06:20:12","modified_gmt":"2025-12-08T06:20:12","slug":"cronica-del-granada-cf-vs-ad-ceuta-granada-cf","status":"publish","type":"post","link":"https:\/\/www.europesays.com\/es\/277165\/","title":{"rendered":"Cr\u00f3nica del Granada CF vs AD Ceuta | Granada CF"},"content":{"rendered":"<p style=\"text-align: justify;\">El Granada CF sum\u00f3 un punto en casa ante la\u00a0<strong>AD Ceuta.\u00a0Pedro Alema\u00f1<\/strong> -en su cuarto tanto del curso- adelant\u00f3 al Granada antes del ecuador de la primera mitad, pero Cristian Rodr\u00edguez, de libre directo, empat\u00f3 el encuentro para el equipo ceut\u00ed.<\/p>\n<p>Para este choque,\u00a0<strong>Pacheta<\/strong> aline\u00f3 a Luca Zidane entre palos; Oscar Naasei y Diallo en los laterales, con Lo\u00efc Williams y Manu Lama en el centro de la defensa; Rub\u00e9n Alcaraz y Pedro Alema\u00f1 como doble pivote; \u00c1lex Sola y Faye en los costados y Jorge Pascual, junto a Jos\u00e9 Arnaiz, como jugadores m\u00e1s adelantados.<\/p>\n<p style=\"text-align: justify;\">Fue una gran primera parte de los rojiblancos, que empezaron atacando la porter\u00eda de Guille Vallejo a trav\u00e9s de Jos\u00e9 Arnaiz. El talaverano, que de nuevo inici\u00f3 el choque, tuvo una doble ocasi\u00f3n, pero sus intentos fueron repelidos por la zaga caballa.<\/p>\n<p style=\"text-align: justify;\">Despu\u00e9s de un gol anulado a Jorge Pascual, el premio lleg\u00f3 para el conjunto granadinista. Tras un pase filtrado de Faye, <strong>Pedro Alema\u00f1<\/strong> se adentr\u00f3 en el \u00e1rea y defini\u00f3 a la perfecci\u00f3n ante Vallejo. Eso s\u00ed, superada la media hora de juego, Cristian Rodr\u00edguez empat\u00f3 el choque tras anotar desde el libre directo.\u00a0En una segunda parte igualada, el Granada no pudo materializar sus opciones para desequilibrar el marcador, por lo que hubo reparto de puntos al t\u00e9rmino del partido.<\/p>\n<p>En la siguiente jornada, el Granada visitar\u00e1 El Molin\u00f3n-Enrique Castro \u00abQuini\u00bb, donde el s\u00e1bado 13 de diciembre, a las 16.15 horas, se enfrentar\u00e1 al\u00a0<strong>Sporting de Gij\u00f3n<\/strong> en el partido correspondiente a la jornada 18 de LaLiga Hypermotion.<\/p>\n","protected":false},"excerpt":{"rendered":"El Granada CF sum\u00f3 un punto en casa ante la\u00a0AD Ceuta.\u00a0Pedro Alema\u00f1 -en su cuarto tanto del curso-&hellip;\n","protected":false},"author":2,"featured_media":277166,"comment_status":"","ping_status":"","sticky":false,"template":"","format":"standard","meta":{"footnotes":""},"categories":[5],"tags":[17,18,25,24,13,14,11,19,20,9,10,15,16,23,12,21,22],"class_list":{"0":"post-277165","1":"post","2":"type-post","3":"status-publish","4":"format-standard","5":"has-post-thumbnail","7":"category-titulares","8":"tag-breaking-news","9":"tag-breakingnews","10":"tag-es","11":"tag-espana","12":"tag-featured-news","13":"tag-featurednews","14":"tag-headlines","15":"tag-latest-news","16":"tag-latestnews","17":"tag-news","18":"tag-noticias","19":"tag-noticias-destacadas","20":"tag-noticiasdestacadas","21":"tag-spain","22":"tag-titulares","23":"tag-ultimas-noticias","24":"tag-ultimasnoticias"},"share_on_mastodon":{"url":"https:\/\/pubeurope.com\/@es\/115682503764324506","error":""},"_links":{"self":[{"href":"https:\/\/www.europesays.com\/es\/wp-json\/wp\/v2\/posts\/277165","targetHints":{"allow":["GET"]}}],"collection":[{"href":"https:\/\/www.europesays.com\/es\/wp-json\/wp\/v2\/posts"}],"about":[{"href":"https:\/\/www.europesays.com\/es\/wp-json\/wp\/v2\/types\/post"}],"author":[{"embeddable":true,"href":"https:\/\/www.europesays.com\/es\/wp-json\/wp\/v2\/users\/2"}],"replies":[{"embeddable":true,"href":"https:\/\/www.europesays.com\/es\/wp-json\/wp\/v2\/comments?post=277165"}],"version-history":[{"count":0,"href":"https:\/\/www.europesays.com\/es\/wp-json\/wp\/v2\/posts\/277165\/revisions"}],"wp:featuredmedia":[{"embeddable":true,"href":"https:\/\/www.europesays.com\/es\/wp-json\/wp\/v2\/media\/277166"}],"wp:attachment":[{"href":"https:\/\/www.europesays.com\/es\/wp-json\/wp\/v2\/media?parent=277165"}],"wp:term":[{"taxonomy":"category","embeddable":true,"href":"https:\/\/www.europesays.com\/es\/wp-json\/wp\/v2\/categories?post=277165"},{"taxonomy":"post_tag","embeddable":true,"href":"https:\/\/www.europesays.com\/es\/wp-json\/wp\/v2\/tags?post=277165"}],"curies":[{"name":"wp","href":"https:\/\/api.w.org\/{rel}","templated":true}]}}