{"id":277177,"date":"2025-12-08T06:33:07","date_gmt":"2025-12-08T06:33:07","guid":{"rendered":"https:\/\/www.europesays.com\/es\/277177\/"},"modified":"2025-12-08T06:33:07","modified_gmt":"2025-12-08T06:33:07","slug":"quien-salio-de-la-granja-vip-hoy-7-de-diciembre-octavo-eliminado-grupo-milenio","status":"publish","type":"post","link":"https:\/\/www.europesays.com\/es\/277177\/","title":{"rendered":"Qui\u00e9n sali\u00f3 de La Granja VIP hoy 7 de diciembre: octavo eliminado- Grupo Milenio"},"content":{"rendered":"<p>A pocos d\u00edas de la gran final, <strong><a href=\"https:\/\/www.milenio.com\/espectaculos\/television\/como-van-las-votaciones-de-la-granja-vip-hoy-7-de-diciembre\" title=\"\u00bfC\u00f3mo van las votaciones de La Granja VIP HOY 7 de diciembre? La Bea y Mayer Mori en peligro\" target=\"_blank\" rel=\"nofollow noopener\">La Granja VIP<\/a><\/strong> atraviesa una de sus semanas m\u00e1s tensas. <strong>La octava nominaci\u00f3n dej\u00f3 una placa llena de estrategias<\/strong>, <strong>traiciones y movimientos<\/strong> inesperados que han encendido las redes sociales.<\/p>\n<p>Mientras los fans se dividen en apoyo y cr\u00edticas, las encuestas comienzan a revelar <strong>qui\u00e9n podr\u00eda convertirse en el siguiente eliminado este domingo<\/strong> 7 de diciembre y aqu\u00ed en <strong style=\"color: rgb(192, 80, 77);\">MILENIO <\/strong>te decimos qui\u00e9n corre de riesgo de irse.<\/p>\n<p>\t\t<img decoding=\"async\" class=\"nd-media-detail-caption__img\" alt=\"Estalla Sergio Mayer: Amenaza con sacar a su hijo de La Granja VIP por &quot;cr\u00edticas injustas&quot; en redes\" data-camus-image=\"\" data-camus-toolbar-image-position=\"topleft\" loading=\"lazy\" src=\"https:\/\/images.milenio.com\/PAVvApnhUzmewc8fr-9sadUjfDc=\/375x0\/uploads\/media\/2025\/11\/15\/estalla-sergio-mayer-amenaza-sacar.jpg\" height=\"212\" width=\"375\" onerror=\"this.onerror=null;this.src=\\'\/bundles\/appcamusassets\/dist\/images\/logo-Milenio-2.jpg\\'\"\/><\/p>\n<p>  \tEstalla Sergio Mayer: Amenaza con sacar a su hijo de La Granja VIP por \u00abcr\u00edticas injustas\u00bb en redes<\/p>\n<p>  \t  \t<img decoding=\"async\" alt=\"filter-toggle\" class=\"nd-media-detail-caption__icon__icon\" src=\"https:\/\/www.milenio.com\/bundles\/appcamusassets\/dist\/images\/svg\/expand-solid.svg\" width=\"15\" height=\"15\" onerror=\"this.onerror=null;this.src=\\'\/bundles\/appcamusassets\/dist\/images\/logo-Milenio-2.jpg\\'\" loading=\"lazy\"\/><br \/>\n  \t  ampliar<\/p>\n<p>\u200b<\/p>\n<p><strong style=\"color: rgb(192, 80, 77);\">\u00bfQui\u00e9nes son los nominados de esta semana?<\/strong><\/p>\n<p>La placa final qued\u00f3 integrada por <strong>cuatro participantes<\/strong> que llegaron al domingo tras una serie de decisiones clave:<\/p>\n<ol>\n<li><strong>Fabiola Campomanes<\/strong>, nominada por el Legado de Lis Vega.<\/li>\n<li><strong>C\u00e9sar Doroteo \u201cTeo\u201d<\/strong>, enviado directo a la eliminaci\u00f3n tras perder El Duelo.<\/li>\n<li><strong>Sergio Mayer Mori<\/strong>, colocado en la placa por la decisi\u00f3n de Kim Shantal durante la Noche de Traici\u00f3n.<\/li>\n<li><strong>La Bea<\/strong>, agregada como parte de la Doble Traici\u00f3n de Sergio Mayer Mori.<\/li>\n<\/ol>\n<p>Estos cuatro granjeros competir\u00e1n voto a voto para mantenerse en la recta final del reality.<\/p>\n<p><strong style=\"color: rgb(192, 80, 77);\">\u00bfQui\u00e9n podr\u00eda salir de La Granja VIP?<\/strong><\/p>\n<p>La octava gala de La Granja VIP termin\u00f3 con la sorpresiva salida de Fabiola Campomanes, quien se convirti\u00f3 en la eliminada de este domingo 7 de diciembre. Tras semanas de estar en riesgo, con siete nominaciones consecutivas, Fabiola no logr\u00f3 mantenerse en la competencia y dijo adi\u00f3s al sue\u00f1o de llegar a la gran final.<\/p>\n<p>La votaci\u00f3n en redes sociales mostr\u00f3 un panorama dividido, pero con un ligero favoritismo hacia los otros nominados: Sergio Mayer Mori, C\u00e9sar Doroteo \u201cTeo\u201d y La Bea lograron mantenerse por encima de Fabiola en las preferencias de los fans. Su eliminaci\u00f3n refleja tanto la estrategia de la semana como el desgaste de la participante tras m\u00faltiples enfrentamientos y traiciones dentro de la granja.<\/p>\n<p>Durante la Noche de Traici\u00f3n, la din\u00e1mica de la semana hab\u00eda complicado a\u00fan m\u00e1s las posibilidades de Fabiola. Kim Shantal salv\u00f3 a Alfredo Adame y puso en la placa a Sergio Mayer Mori, mientras que Sergio us\u00f3 la Doble Traici\u00f3n para colocar a La Bea, dejando a Fabiola entre los cuatro finalistas para la eliminaci\u00f3n. Sin embargo, no fue suficiente para que lograra el apoyo necesario del p\u00fablico.<\/p>\n<p>La salida de Fabiola Campomanes marca un punto de inflexi\u00f3n en la competencia, dejando ahora un panorama m\u00e1s claro hacia la final. Con solo tres granjeros en riesgo y la recta final cada vez m\u00e1s cerca, la tensi\u00f3n y las estrategias contin\u00faan elev\u00e1ndose, mientras los fans ya especulan qui\u00e9n podr\u00eda ser el pr\u00f3ximo eliminado en la pr\u00f3xima gala.<\/p>\n<p><strong style=\"font-family: inherit; font-size: 30px; color: rgb(192, 80, 77);\">\u00bfCu\u00e1ndo se acaba La Granja VIP?<\/strong><\/p>\n<p>El reality show <strong>La Granja VIP<\/strong> tiene programado su final para el domingo<strong>\u00a021 de diciembre de 2025.<\/strong> El concursante que logre coronarse como ganador se llevar\u00e1 un premio en efectivo de 2 millones de pesos mexicanos.<\/p>\n<p>    \t<img decoding=\"async\" alt=\"__icon\" class=\"nd-related-news-detail-media-dual__icon\" src=\"https:\/\/www.milenio.com\/bundles\/appcamusassets\/dist\/images\/svg\/arrow-circle-right-solid.svg\" width=\"15\" height=\"15\" onerror=\"this.onerror=null;this.src=\\'\/bundles\/appcamusassets\/dist\/images\/logo-Milenio-2.jpg\\'\" loading=\"lazy\"\/><br \/>\n    Te recomendamos<\/p>\n<p><\/p>\n","protected":false},"excerpt":{"rendered":"A pocos d\u00edas de la gran final, La Granja VIP atraviesa una de sus semanas m\u00e1s tensas. La&hellip;\n","protected":false},"author":2,"featured_media":277178,"comment_status":"","ping_status":"","sticky":false,"template":"","format":"standard","meta":{"footnotes":""},"categories":[171],"tags":[67483,67467,47344,67481,67485,67468,58286,67460,67486,61857,67473,146,147,25,24,67477,67461,67484,67472,19991,67475,58283,67464,67482,67471,67490,67476,58285,67466,67489,52854,67479,67488,67492,67487,67470,67474,67469,67465,23,214,67463,67462,67491,67459,67478,67480],"class_list":{"0":"post-277177","1":"post","2":"type-post","3":"status-publish","4":"format-standard","5":"has-post-thumbnail","7":"category-tv","8":"tag-a-que-hora-empieza-la-granja-vip","9":"tag-app-para-votar-en-la-granja-vip","10":"tag-barbara-mori","11":"tag-bota-la-granja-vip","12":"tag-como-se-vota-en-la-granja-vip","13":"tag-como-van-las-votaciones-de-la-granja-vip","14":"tag-como-votar-en-la-granja-vip","15":"tag-cuando-se-acaba-la-granja-vip","16":"tag-donde-votar-en-la-granja-vip","17":"tag-eliminado-de-la-granja-vip","18":"tag-eliminado-de-la-granja-vip-hoy","19":"tag-entertainment","20":"tag-entretenimiento","21":"tag-es","22":"tag-espana","23":"tag-fabiola-campomanes","24":"tag-final-de-la-granja-vip","25":"tag-horario-de-la-granja-vip","26":"tag-https-www-tvazteca-com-aztecauno-la-granja-vip-vot","27":"tag-la-granja-vip","28":"tag-la-granja-vip-eliminados","29":"tag-la-granja-vip-en-vivo","30":"tag-la-granja-vip-en-vivo-gratis","31":"tag-la-granja-vip-horario","32":"tag-la-granja-vip-participantes","33":"tag-la-granja-vip-vota","34":"tag-la-granja-vip-votacion","35":"tag-la-granja-vip-votar","36":"tag-la-granja-vip-votar-en-linea","37":"tag-la-granja-vip-votar-nominados","38":"tag-la-granja-vip-votos","39":"tag-la-granja-vip-tv","40":"tag-lagranjavip-tv-vota","41":"tag-link-para-votar-en-la-granja-vip","42":"tag-nominados-de-la-granja-vip","43":"tag-nominados-la-granja-vip","44":"tag-quien-salio-de-la-granja-vip","45":"tag-quien-salio-de-la-granja-vip-hoy","46":"tag-rating-la-granja-vip","47":"tag-spain","48":"tag-tv","49":"tag-vota-la-casa-de-los-famosos","50":"tag-vota-la-granja-vip-mexico","51":"tag-votaciones-de-la-granja-vip","52":"tag-voto-granja-vip","53":"tag-voto-la-granja-vip","54":"tag-votos-para-la-granja-vip"},"share_on_mastodon":{"url":"","error":"Validation failed: Text character limit of 500 exceeded"},"_links":{"self":[{"href":"https:\/\/www.europesays.com\/es\/wp-json\/wp\/v2\/posts\/277177","targetHints":{"allow":["GET"]}}],"collection":[{"href":"https:\/\/www.europesays.com\/es\/wp-json\/wp\/v2\/posts"}],"about":[{"href":"https:\/\/www.europesays.com\/es\/wp-json\/wp\/v2\/types\/post"}],"author":[{"embeddable":true,"href":"https:\/\/www.europesays.com\/es\/wp-json\/wp\/v2\/users\/2"}],"replies":[{"embeddable":true,"href":"https:\/\/www.europesays.com\/es\/wp-json\/wp\/v2\/comments?post=277177"}],"version-history":[{"count":0,"href":"https:\/\/www.europesays.com\/es\/wp-json\/wp\/v2\/posts\/277177\/revisions"}],"wp:featuredmedia":[{"embeddable":true,"href":"https:\/\/www.europesays.com\/es\/wp-json\/wp\/v2\/media\/277178"}],"wp:attachment":[{"href":"https:\/\/www.europesays.com\/es\/wp-json\/wp\/v2\/media?parent=277177"}],"wp:term":[{"taxonomy":"category","embeddable":true,"href":"https:\/\/www.europesays.com\/es\/wp-json\/wp\/v2\/categories?post=277177"},{"taxonomy":"post_tag","embeddable":true,"href":"https:\/\/www.europesays.com\/es\/wp-json\/wp\/v2\/tags?post=277177"}],"curies":[{"name":"wp","href":"https:\/\/api.w.org\/{rel}","templated":true}]}}