{"id":277190,"date":"2025-12-08T06:42:15","date_gmt":"2025-12-08T06:42:15","guid":{"rendered":"https:\/\/www.europesays.com\/es\/277190\/"},"modified":"2025-12-08T06:42:15","modified_gmt":"2025-12-08T06:42:15","slug":"las-nuevas-tarifas-de-los-taxis-de-madrid-en-2026-los-precios-suben-un-236-el-mundo","status":"publish","type":"post","link":"https:\/\/www.europesays.com\/es\/277190\/","title":{"rendered":"Las nuevas tarifas de los taxis de Madrid en 2026: los precios suben un 2,36% &#8211; El Mundo"},"content":{"rendered":"<ol>\n<li><a href=\"https:\/\/news.google.com\/rss\/articles\/CBMiekFVX3lxTE1tT2s2eC1NbHkwdU54dFpsd2EtUVpBc2NGc2tPU1ZPY1BKUVNnakVOZ1pQSVdKOVRPUXZIZEFhZVAzbFNoLVZpU2pUNndDeWNrSkFXYmd2Tlhtd2tFenVmbTRuSzhwOTg5am5mWktfcTR4cDVSWDlGdEx30gF6QVVfeXFMUFpvTjBEckJOcUh5QjVpc3BMek8zS0o0cTd1eVNSYlYzMnh1eFV3N1VaemZMRWV0LVFFNWxoS0I1MkgyZXJ6NDVjeEp5TWRCSEtncm9yakFENnRuWVNMdFdBXzdUT3JkZDhKVll5dTJsS2xHTEtpemxkaXc?oc=5\" target=\"_blank\" rel=\"nofollow noopener\">Las nuevas tarifas de los taxis de Madrid en 2026: los precios suben un 2,36%<\/a>&nbsp;&nbsp;El Mundo<\/li>\n<li><a href=\"https:\/\/news.google.com\/rss\/articles\/CBMivAFBVV95cUxPdnFEdUdwMXpkb3dNVVFCNGF2OE1vd1Y1RWNvSkVzMFRHdDF4aHQ1QjU0VmI3Q3hBT1E3OVNFZnA3UmtKWHlad0xtaklyTEdSOFVyRUhOWTA2RXlPN1ZxalJuSUp0V3Y2X2FMMG04U2Q1MFhWV21aMUFTNUMxaWRkUFJQRkFUMzhCNV9IbzNYcUR4LWF4VE93VUVxUGw1QXBMTWFORnZiZGRJTmZtMmJoakxoRE04MzlIeEYxTg?oc=5\" target=\"_blank\" rel=\"nofollow noopener\">Madrid actualiza las tarifas para el taxi con una subida de 2,36 % para 2026<\/a>&nbsp;&nbsp;Diario del Ayuntamiento de Madrid<\/li>\n<li><a href=\"https:\/\/news.google.com\/rss\/articles\/CBMilwFBVV95cUxQcXYyU0JHdEoweGozeUxEU0p3TVJWazZ0WFhZSWJHdVB6THdMN3A0eUJkLURTREdPNUFhOFJLV0d0RThVcGxmanRJMDF6NlFwcENRalFUYklEQUpGMTVlRXNnNWJxcVRLUVV3X0pqOXVvRmRrTmR1WF9rVzBCSkIzVjNudzM5V3F3OWZ4dWR3eGxxZEU2ejln?oc=5\" target=\"_blank\" rel=\"nofollow noopener\">Las tarifas del taxi en Madrid subir\u00e1n un 2,36% en 2026<\/a>&nbsp;&nbsp;ABC<\/li>\n<li><a href=\"https:\/\/news.google.com\/rss\/articles\/CBMi3wFBVV95cUxNYjBzZ1daSjU1N0JRU0tVNjFnY0lTN0xBcEx0bWgzNFV5UmVia0NYd3FJa3lBWDcyVzhQam5KMDBZcmtuUjdOQ2J0SS1yTUJSaWdwTUpyR1ZqV3c2RkhmQmd6MjJraW5zYVNQMzZOSEZMSGZ5dGlKcWM1RkQzbXJTcTBzdGNNbVpnRkV5dmlaNEhtM1RzaU14UUlDbkhjTUljeVBsa0o4cVNucEFNMmVMR3paSFNFcFhkU0RJSENEZm02allyeERuemdJYnBQZnFwaEloelExclRQN245WWJF0gHkAUFVX3lxTE01ajN5VlM2V0poZkN2NElCSmliU1lyN0Q5VEJiZWdqUGdDSWE2LVY5eUxuRS1kcTZicUVMQjVGdklPSDBZejB1WFJXa0l0R3ZlY0hyb3U3RHpaS01qVTVNb1dac01rNVVJdGxVajV3RUZ5cFlRcDJiWlBfMzE0Y1NPSGRiOV9LaFlCNm5TV0Y5a0ktU0l2OEd2OTdZNllSS3p4NUFUamxsQmZQbTFsOVhCTW1nX2hrYkxlMHJZOVg1Rk5kaG9xSWpkWG9xMFY0cnRmaWI4VWJuRTZ6YXB1cG16WEY3Xw?oc=5\" target=\"_blank\" rel=\"nofollow noopener\">Las tarifas de taxi en Madrid capital suben un 2,38% desde el 1 de enero<\/a>&nbsp;&nbsp;Telemadrid<\/li>\n<li><a href=\"https:\/\/news.google.com\/rss\/articles\/CBMipwFBVV95cUxNbktzM01oRXdyNnNiVFhTNnk2bjZMeWtOU0NLbmtlQUZhWjFJR093UWROa1N5TFdtYnhWanNQYVZuRjI4R1hVdHdrcXNPaEd6NUVibExhaWZEVTg2THZ6RHB2QlVOQy1CMVZ3bXhUOUVUX0xWUjlieGJEbHRQTzdNMjF3NEhFM2JKZkVWMHZVaU4zS3J2TFZvdVliRGdiclRSbHJPUXFFONIBpwFBVV95cUxPMUhhSEs5X0l1blZmeGlRNlZHc1hLY3Rid2JTTU10VVRjRGY1VzY5VXNGeGxXc3JlaWlxbUhPamxpRFZZRnpOUUhCNHJFdDNXT1lnRk5rVW5tV0o5NnJwMzNaSEYtczdmMi1nR0t5SkxOYWZxX1MyV3ZHNXBhRnhhd1Y4YTVSb2F5TUp0bzVrMll5NUczR2VvSS1pcnQyVFNLOTR6dFBvQQ?oc=5\" target=\"_blank\" rel=\"nofollow noopener\">Las tarifas de taxi en Madrid subir\u00e1n m\u00e1s del 2,30% de cara al a\u00f1o 2026<\/a>&nbsp;&nbsp;MARCA<\/li>\n<\/ol>\n","protected":false},"excerpt":{"rendered":"Las nuevas tarifas de los taxis de Madrid en 2026: los precios suben un 2,36%&nbsp;&nbsp;El Mundo Madrid actualiza&hellip;\n","protected":false},"author":2,"featured_media":277191,"comment_status":"","ping_status":"","sticky":false,"template":"","format":"standard","meta":{"footnotes":""},"categories":[8],"tags":[17,18,25,24,13,14,11,19,20,205,9,10,15,16,23,52345,12,21,22],"class_list":{"0":"post-277190","1":"post","2":"type-post","3":"status-publish","4":"format-standard","5":"has-post-thumbnail","7":"category-espana","8":"tag-breaking-news","9":"tag-breakingnews","10":"tag-es","11":"tag-espana","12":"tag-featured-news","13":"tag-featurednews","14":"tag-headlines","15":"tag-latest-news","16":"tag-latestnews","17":"tag-madrid","18":"tag-news","19":"tag-noticias","20":"tag-noticias-destacadas","21":"tag-noticiasdestacadas","22":"tag-spain","23":"tag-taxi","24":"tag-titulares","25":"tag-ultimas-noticias","26":"tag-ultimasnoticias"},"share_on_mastodon":{"url":"https:\/\/pubeurope.com\/@es\/115682590409628899","error":""},"_links":{"self":[{"href":"https:\/\/www.europesays.com\/es\/wp-json\/wp\/v2\/posts\/277190","targetHints":{"allow":["GET"]}}],"collection":[{"href":"https:\/\/www.europesays.com\/es\/wp-json\/wp\/v2\/posts"}],"about":[{"href":"https:\/\/www.europesays.com\/es\/wp-json\/wp\/v2\/types\/post"}],"author":[{"embeddable":true,"href":"https:\/\/www.europesays.com\/es\/wp-json\/wp\/v2\/users\/2"}],"replies":[{"embeddable":true,"href":"https:\/\/www.europesays.com\/es\/wp-json\/wp\/v2\/comments?post=277190"}],"version-history":[{"count":0,"href":"https:\/\/www.europesays.com\/es\/wp-json\/wp\/v2\/posts\/277190\/revisions"}],"wp:featuredmedia":[{"embeddable":true,"href":"https:\/\/www.europesays.com\/es\/wp-json\/wp\/v2\/media\/277191"}],"wp:attachment":[{"href":"https:\/\/www.europesays.com\/es\/wp-json\/wp\/v2\/media?parent=277190"}],"wp:term":[{"taxonomy":"category","embeddable":true,"href":"https:\/\/www.europesays.com\/es\/wp-json\/wp\/v2\/categories?post=277190"},{"taxonomy":"post_tag","embeddable":true,"href":"https:\/\/www.europesays.com\/es\/wp-json\/wp\/v2\/tags?post=277190"}],"curies":[{"name":"wp","href":"https:\/\/api.w.org\/{rel}","templated":true}]}}