{"id":277196,"date":"2025-12-08T06:51:15","date_gmt":"2025-12-08T06:51:15","guid":{"rendered":"https:\/\/www.europesays.com\/es\/277196\/"},"modified":"2025-12-08T06:51:15","modified_gmt":"2025-12-08T06:51:15","slug":"markquis-nowell-se-mantiene-como-el-descarte-de-galbiati-en-la-acb","status":"publish","type":"post","link":"https:\/\/www.europesays.com\/es\/277196\/","title":{"rendered":"Markquis Nowell se mantiene como el descarte de Galbiati en la ACB"},"content":{"rendered":"<p><a class=\"v-mdl-ath__fig-a\" href=\"https:\/\/www.elcorreo.com\/autor\/ivan-benito-4702.html\" title=\"Iv\u00e1n Benito\" rel=\"nofollow noopener\" target=\"_blank\"><br \/>\n<img decoding=\"async\" class=\"v-mdl-ath__img\" src=\"https:\/\/www.europesays.com\/es\/wp-content\/uploads\/2025\/10\/autor-4702-foto-1.jpeg\" alt=\"Iv\u00e1n Benito\"\/><br \/>\n<\/a><\/p>\n<p class=\"v-mdl-ath__p v-mdl-ath__p--6\">\nDomingo, 7 de diciembre 2025, 18:22<\/p>\n<p class=\"v-p\">Paolo Galbiati ha vuelto a descartar a Markquis Nowell en su obligada elecci\u00f3n de solo contar con dos jugadores extracomunitarios en los encuentros de la ACB. Los elegidos para jugar ante el Valencia Basket vuelven a ser Markus Howard y Kobi Simmons, que volver\u00e1 a necesitar de un paso adelante de Rafa Villar y Matteo Spagnolo en la direcci\u00f3n de juego.<\/p>\n<p class=\"v-p\">La coyuntura para el t\u00e9cnico ser\u00e1 todav\u00eda mayor en la siguiente jornada liguera, en la que el Baskonia visita al Gran Canaria. Con el esperado regreso de Trent Forrest tras su lesi\u00f3n muscular en el isquiotibial, ser\u00e1n cuatro los jugadores extracomunitarios a disposici\u00f3n del t\u00e9cnico italiano, que en cada uno de los encuentros de ACB solo podr\u00e1 contar con dos de ellos.<\/p>\n<p class=\"v-p\">El notable rendimiento de Simmons supone una bendici\u00f3n en la rotaci\u00f3n baskonista, con efecto tanto en el ataque como en defensa, y un dilema en los despachos. Su llegada respond\u00eda a una situaci\u00f3n de emergencia, con Howard y Forrest lesionados, con lo que se le extendi\u00f3 un contrato de s\u00f3lo dos meses. 48 d\u00edas despu\u00e9s, el base de Atlanta se ha convertido en una figura de relevancia en los esquemas de Galbiati.<\/p>\n<p class=\"v-p\">El club y Simmons se reservaron la opci\u00f3n de extender el v\u00ednculo hasta final de temporada. La renovaci\u00f3n del temporero supondr\u00eda una dif\u00edcil cohabitaci\u00f3n de cuatro jugadores extracomunitarios en la plantilla, con el impedimento de no poder contar con la mitad en los partidos de ACB y con el club en plena b\u00fasqueda de incorporar al necesario p\u00edvot que el entrenador azulgrana declar\u00f3 el jueves que \u00abno existe\u00bb en el mercado.<\/p>\n<p class=\"v-p\">Forrest arranc\u00f3 la temporada a un nivel excelso y no hay dudas sobre su papel indispensable en el equipo. Howard es el eje sobre el que gira el proyecto del Baskonia en las \u00faltimas temporadas y se espera que su rendimiento mejore con el paso de los partidos. Nowell, hasta la fecha, ha sido el m\u00e1s perjudicado, descartado en los tres \u00faltimos encuentros dom\u00e9sticos y relegado en la rotaci\u00f3n. Alterna luces y sombras. Su contrato termina en junio de 2027, con lo que el debate en la direcci\u00f3n deportiva tiene diversos frentes a la hora de tomar una decisi\u00f3n.<\/p>\n<p>Reporta un error<\/p>\n","protected":false},"excerpt":{"rendered":"Domingo, 7 de diciembre 2025, 18:22 Paolo Galbiati ha vuelto a descartar a Markquis Nowell en su obligada&hellip;\n","protected":false},"author":2,"featured_media":277197,"comment_status":"","ping_status":"","sticky":false,"template":"","format":"standard","meta":{"footnotes":""},"categories":[269],"tags":[302,299,298,168,49243,25,24,17490,5968,41446,41447,23,167],"class_list":{"0":"post-277196","1":"post","2":"type-post","3":"status-publish","4":"format-standard","5":"has-post-thumbnail","7":"category-baloncesto","8":"tag-acb","9":"tag-baloncesto","10":"tag-basketball","11":"tag-deportes","12":"tag-descarte","13":"tag-es","14":"tag-espana","15":"tag-galbiati","16":"tag-mantiene","17":"tag-markquis","18":"tag-nowell","19":"tag-spain","20":"tag-sports"},"share_on_mastodon":{"url":"https:\/\/pubeurope.com\/@es\/115682626098731346","error":""},"_links":{"self":[{"href":"https:\/\/www.europesays.com\/es\/wp-json\/wp\/v2\/posts\/277196","targetHints":{"allow":["GET"]}}],"collection":[{"href":"https:\/\/www.europesays.com\/es\/wp-json\/wp\/v2\/posts"}],"about":[{"href":"https:\/\/www.europesays.com\/es\/wp-json\/wp\/v2\/types\/post"}],"author":[{"embeddable":true,"href":"https:\/\/www.europesays.com\/es\/wp-json\/wp\/v2\/users\/2"}],"replies":[{"embeddable":true,"href":"https:\/\/www.europesays.com\/es\/wp-json\/wp\/v2\/comments?post=277196"}],"version-history":[{"count":0,"href":"https:\/\/www.europesays.com\/es\/wp-json\/wp\/v2\/posts\/277196\/revisions"}],"wp:featuredmedia":[{"embeddable":true,"href":"https:\/\/www.europesays.com\/es\/wp-json\/wp\/v2\/media\/277197"}],"wp:attachment":[{"href":"https:\/\/www.europesays.com\/es\/wp-json\/wp\/v2\/media?parent=277196"}],"wp:term":[{"taxonomy":"category","embeddable":true,"href":"https:\/\/www.europesays.com\/es\/wp-json\/wp\/v2\/categories?post=277196"},{"taxonomy":"post_tag","embeddable":true,"href":"https:\/\/www.europesays.com\/es\/wp-json\/wp\/v2\/tags?post=277196"}],"curies":[{"name":"wp","href":"https:\/\/api.w.org\/{rel}","templated":true}]}}