{"id":277198,"date":"2025-12-08T06:52:08","date_gmt":"2025-12-08T06:52:08","guid":{"rendered":"https:\/\/www.europesays.com\/es\/277198\/"},"modified":"2025-12-08T06:52:08","modified_gmt":"2025-12-08T06:52:08","slug":"amargo-final-para-davide-diario-as","status":"publish","type":"post","link":"https:\/\/www.europesays.com\/es\/277198\/","title":{"rendered":"Amargo final para Davide &#8211; Diario AS"},"content":{"rendered":"<ol>\n<li><a href=\"https:\/\/news.google.com\/rss\/articles\/CBMie0FVX3lxTE9haUxzOENlZ0M2dEdKMFotRDNQeDU1OEVjdGNPMXRyVUFHTU5LX3BLamRDOHk4QnlKeUdySzNvSURpVVR6clRjc2FGazVrYy0wX0cwZmhVLUpiT216eks1OVZkaEdITjRCbUE3SVZiVjVNU09zMzFSLVdQONIBjwFBVV95cUxOMi1YVUlxcndvWXMzNUN0S2FmUjdHeE8xMEpWbUt1VUNtUkk4cnh5czBhNUxWbVQzLV8xUVhEbnFnMnFkbzIxWHl6emJOWFhmaTI4Y3dqZUFtMi1mWXhaVTBBQ0ZQYnQyeTZtQ3pWRm1wcnpwUVVEZmpKQjlxVGVNbnphVXhDdXJzTGZGQWNaUQ?oc=5\" target=\"_blank\" rel=\"nofollow noopener\">Amargo final para Davide<\/a>&nbsp;&nbsp;Diario AS<\/li>\n<li><a href=\"https:\/\/news.google.com\/rss\/articles\/CBMilAFBVV95cUxPUTVfQkpCdFNEOTdkY1lyXzFMOXE1UFZCMkd2akt4WVFVWlVDUGh5RlVhelRvODlJdnR3X1FKTTVHVWdfczlDNThva0RXc2E1MFJmbW1VMWF5QkNEeEcwQVFOY3d5djUzUWh2X19RUXMtbzFjY0x6UkNrbV9DS2xDY2JKODVTczJ2X19vdWFsci1YVk4w0gGaAUFVX3lxTE5iMnp2OURPcjU3WHR6cUkxX2Jtd3JoeGJjZmw1QW5XdlRrb1lMM1BQanlIVmxsb3BFQjV1dkF1OVhMSG1OVzlnWV9iRmJfdlR3endKZnRlVGVfSkx4bTFjaFZyYzNmZGNhN3N5RUJaY1BFX0VBTEh0YnIteFFQVmFRRktkNnpYM25URHBFZkxILUlkc2l6QlVhN2c?oc=5\" target=\"_blank\" rel=\"nofollow noopener\">Finaliz\u00f3 la \u00faltima fecha del Brasileirao \u2013 \u00bfQui\u00e9nes descendieron?<\/a>&nbsp;&nbsp;Tribuna.com<\/li>\n<li><a href=\"https:\/\/news.google.com\/rss\/articles\/CBMi2wFBVV95cUxPOVBSWUFNX2VYYVhJcmVUUDlVN09iNEZSNzVzR1BzMDQ5aVIwcHh1a2c5NjlGRmctV01ES2dNSTktZHlGOFFDUVhObXJDOWhGSG1JZnlMd0VuN09qUWQ3TFo2SnFtWlFjZWxPSnVTY3JmUzJqZVB6Q0VhbTVBYlc0VldKODhPclgzNW16bDRsdE43Unl3eVNwSU1uNEpzSF8xN0JoT2gtekdsZURqRG9EMWwweTNZUmdGZmhsN3Y1a0NnalgyeWJYU2s5cklKajFFc1NGZUhzZ3pyUzA?oc=5\" target=\"_blank\" rel=\"nofollow noopener\">Posiciones finales del Brasileir\u00e3o, descendidos y clasificados a copas internacionales<\/a>&nbsp;&nbsp;MSN<\/li>\n<li><a href=\"https:\/\/news.google.com\/rss\/articles\/CBMitwFBVV95cUxNcnBsTDlCc2JscHh0T2UyODMwOHlYQXZ0b25tN2czMFBUQ2ZIVTI4WjFfOVc2NnU2dF8xZloyblhVdmV2dktLVHNrMF9mMDhzblEycjlaZmp2dlE5RmRhd0J4b3FRdDZJNUtBN1NqUU1wS2NqdTl6d1hiZVM5UEI2Tk5kRWtSVkQ4WWw2d25rVFRiOHVBVEZtcVlObVJtX21WSV9tcFdvb2l3VWdwajd6STVXbW9rN1U?oc=5\" target=\"_blank\" rel=\"nofollow noopener\">No hubo \u00e9pica: descendi\u00f3 el Fortaleza de Mart\u00edn Palermo<\/a>&nbsp;&nbsp;ESPN Deportes<\/li>\n<li><a href=\"https:\/\/news.google.com\/rss\/articles\/CBMif0FVX3lxTE8xYUF5VElqYlpEZHZoNjNaS0JCUmhSRWx3eGp2WUdUNUU5bklQb01jWTZ5cnZSeTQ5U3p1NWZpdm15eFBMbkQxY19WS3RKemo2WHBrbGg0dnZhdzRISzlDcG5ZSFVPaXRGdVJ3LWxzZlZtejBSNDJHcThvcEg4X1k?oc=5\" target=\"_blank\" rel=\"nofollow noopener\">Brasileirao: posiciones en vivo de la \u00faltima fecha<\/a>&nbsp;&nbsp;365Scores<\/li>\n<\/ol>\n","protected":false},"excerpt":{"rendered":"Amargo final para Davide&nbsp;&nbsp;Diario AS Finaliz\u00f3 la \u00faltima fecha del Brasileirao \u2013 \u00bfQui\u00e9nes descendieron?&nbsp;&nbsp;Tribuna.com Posiciones finales del Brasileir\u00e3o,&hellip;\n","protected":false},"author":2,"featured_media":277199,"comment_status":"","ping_status":"","sticky":false,"template":"","format":"standard","meta":{"footnotes":""},"categories":[268],"tags":[168,25,24,280,282,281,23,167],"class_list":{"0":"post-277198","1":"post","2":"type-post","3":"status-publish","4":"format-standard","5":"has-post-thumbnail","7":"category-futbol","8":"tag-deportes","9":"tag-es","10":"tag-espana","11":"tag-football","12":"tag-futbol","13":"tag-soccer","14":"tag-spain","15":"tag-sports"},"share_on_mastodon":{"url":"https:\/\/pubeurope.com\/@es\/115682629665435928","error":""},"_links":{"self":[{"href":"https:\/\/www.europesays.com\/es\/wp-json\/wp\/v2\/posts\/277198","targetHints":{"allow":["GET"]}}],"collection":[{"href":"https:\/\/www.europesays.com\/es\/wp-json\/wp\/v2\/posts"}],"about":[{"href":"https:\/\/www.europesays.com\/es\/wp-json\/wp\/v2\/types\/post"}],"author":[{"embeddable":true,"href":"https:\/\/www.europesays.com\/es\/wp-json\/wp\/v2\/users\/2"}],"replies":[{"embeddable":true,"href":"https:\/\/www.europesays.com\/es\/wp-json\/wp\/v2\/comments?post=277198"}],"version-history":[{"count":0,"href":"https:\/\/www.europesays.com\/es\/wp-json\/wp\/v2\/posts\/277198\/revisions"}],"wp:featuredmedia":[{"embeddable":true,"href":"https:\/\/www.europesays.com\/es\/wp-json\/wp\/v2\/media\/277199"}],"wp:attachment":[{"href":"https:\/\/www.europesays.com\/es\/wp-json\/wp\/v2\/media?parent=277198"}],"wp:term":[{"taxonomy":"category","embeddable":true,"href":"https:\/\/www.europesays.com\/es\/wp-json\/wp\/v2\/categories?post=277198"},{"taxonomy":"post_tag","embeddable":true,"href":"https:\/\/www.europesays.com\/es\/wp-json\/wp\/v2\/tags?post=277198"}],"curies":[{"name":"wp","href":"https:\/\/api.w.org\/{rel}","templated":true}]}}