{"id":277204,"date":"2025-12-08T06:56:11","date_gmt":"2025-12-08T06:56:11","guid":{"rendered":"https:\/\/www.europesays.com\/es\/277204\/"},"modified":"2025-12-08T06:56:11","modified_gmt":"2025-12-08T06:56:11","slug":"adolescentes-contados-por-ellos-mismos-television","status":"publish","type":"post","link":"https:\/\/www.europesays.com\/es\/277204\/","title":{"rendered":"\u2018Adolescentes\u2019 contados por ellos mismos | Televisi\u00f3n"},"content":{"rendered":"<p class=\"\">En Adolescentes, programa reci\u00e9n estrenado en La 2 y disponible en RTVE Play, el <a href=\"https:\/\/elpais.com\/icon\/cultura\/2021-06-02\/el-youtuber-que-se-infiltro-en-la-secta-del-palmar-de-troya-comprobe-el-alto-grado-de-manipulacion-y-de-lavado-de-cerebro.html\" target=\"_self\" rel=\"nofollow noopener\" title=\"https:\/\/elpais.com\/icon\/cultura\/2021-06-02\/el-youtuber-que-se-infiltro-en-la-secta-del-palmar-de-troya-comprobe-el-alto-grado-de-manipulacion-y-de-lavado-de-cerebro.html\">youtuber de investigaci\u00f3n Carles Tamayo<\/a> arranca hablando de <a href=\"https:\/\/elpais.com\/television\/2025-03-19\/adolescencia-la-serie-que-no-quieres-ver-si-tienes-un-hijo-varon-pero-debes.html\" target=\"_self\" rel=\"nofollow noopener\" title=\"https:\/\/elpais.com\/television\/2025-03-19\/adolescencia-la-serie-que-no-quieres-ver-si-tienes-un-hijo-varon-pero-debes.html\">la miniserie Adolescencia<\/a> \u2015\u201cen la que un chaval se convierte en un monstruo sin que sus padres lo sepan\u201d\u2015 y se propone preguntar sobre problemas adolescentes \u201ca quienes m\u00e1s saben\u201d, ellos mismos. <\/p>\n<p class=\"\">La hora de debate que sigue provoca todo lo contrario al <a href=\"https:\/\/elpais.com\/television\/2025-03-19\/adolescencia-la-serie-que-no-quieres-ver-si-tienes-un-hijo-varon-pero-debes.html\" target=\"_self\" rel=\"nofollow noopener\" title=\"https:\/\/elpais.com\/television\/2025-03-19\/adolescencia-la-serie-que-no-quieres-ver-si-tienes-un-hijo-varon-pero-debes.html\">p\u00e1nico que despierta en un progenitor la serie brit\u00e1nica<\/a>. Tres chavales, a los que luego se unen el padre de uno de ellos y la madre de otra, charlan, con inteligencia y calma, sobre las horas de pantallas que consumen, la misoginia online, las falsas expectativas de los filtros&#8230; Asumen errores, argumentan sus decisiones y escuchan al otro, aunque sea un adulto. \u201cPese al t\u00f3pico de que la juventud est\u00e1 perdida, no es as\u00ed\u201d, dice Tamayo por mensaje. \u201cMuchos piensan que las nuevas generaciones solo est\u00e1n pendientes de TikTok, y s\u00ed, eso est\u00e1 ah\u00ed, claro, pero tambi\u00e9n tienen conversaciones muy profundas: salud mental, futuro, relaciones&#8230;\u201d. <\/p>\n<p>M\u00e1s informaci\u00f3n<\/p>\n<p class=\"\">Frente a la inquietud que generan las ficciones recientes sobre esa convulsa etapa vital (adem\u00e1s de Adolescencia, que incluye un asesinato, est\u00e1 la serie <a href=\"https:\/\/elpais.com\/television\/2025-09-26\/pubertat-no-es-adolescencia-leticia-dolera-no-da-por-perdidos-a-los-menores-agresores.html\" target=\"_self\" rel=\"nofollow noopener\" title=\"https:\/\/elpais.com\/television\/2025-09-26\/pubertat-no-es-adolescencia-leticia-dolera-no-da-por-perdidos-a-los-menores-agresores.html\">Pubertat, de Leticia Dolera, sobre una agresi\u00f3n sexual, <\/a>y obras de teatro como <a href=\"https:\/\/elpais.com\/cultura\/2025-11-26\/adolescencia-y-violencia-tras-las-series-tambien-el-teatro-explora-el-trauma-del-paso-a-la-vida-adulta.html\" target=\"_self\" rel=\"nofollow noopener\" title=\"https:\/\/elpais.com\/cultura\/2025-11-26\/adolescencia-y-violencia-tras-las-series-tambien-el-teatro-explora-el-trauma-del-paso-a-la-vida-adulta.html\">Violencia<\/a>, sobre los tiroteos escolares), el nuevo especio de debate de la cadena p\u00fablica ofrece una perspectiva menos dram\u00e1tica. \u201cEste programa va a quitar muchos miedos a los padres\u201d, dice <a href=\"https:\/\/elpais.com\/eps\/2024-12-20\/a-hombros-de-celia-montalban-la-mujer-que-dio-su-primera-oportunidad-a-docenas-de-talentos-espanoles.html\" target=\"_blank\" rel=\"noreferrer nofollow noopener\" title=\"https:\/\/elpais.com\/eps\/2024-12-20\/a-hombros-de-celia-montalban-la-mujer-que-dio-su-primera-oportunidad-a-docenas-de-talentos-espanoles.html\">Celia Montalb\u00e1n, directora del formato<\/a>. \u201cLos adolescentes son conscientes de los riesgos que corren y tienen recursos para lidiar con ellos. Son mejores, son m\u00e1s fuertes, m\u00e1s sensibles, m\u00e1s emp\u00e1ticos, m\u00e1s solidarios, m\u00e1s cr\u00edticos y m\u00e1s autocr\u00edticos. Solo necesitan hablar. Bueno, solo necesitan que los escuchemos. Es lo que hemos intentado hacer\u201d. Lo que m\u00e1s le ha sorprendido grabando el programa: \u201cLo bien que piensan los adolescentes ahora\u201d. <\/p>\n<p class=\"\">\u201cLos medios tradicionales suelen hablar sobre los adolescentes desde fuera; no hablan con ellos ni generan contenido de su gusto\u201d, dice Paula, 19 a\u00f1os, participante en uno de los episodios del programa que se emite los martes en La 2 (y despu\u00e9s se cuelga en RTVE Play). Ella ve contenidos creados por y para gente de su edad en redes sociales o YouTube (sobre composici\u00f3n, estudia danza contempor\u00e1nea, o crecimiento personal, como los v\u00eddeos de Irene Nortes). Antonio Fern\u00e1ndez, <a href=\"https:\/\/elpais.com\/television\/2025-02-09\/detective-murciano-hago-todo-lo-que-puedo-porque-no-se-lo-que-me-queda.html\" target=\"_self\" rel=\"nofollow noopener\" title=\"https:\/\/elpais.com\/television\/2025-02-09\/detective-murciano-hago-todo-lo-que-puedo-porque-no-se-lo-que-me-queda.html\">Detective Murciano<\/a> en redes, crea esos contenidos (hace at\u00edpicas entrevistas, de \u00d3scar Puente a Ignatius Farray) adem\u00e1s de consumirlos (\u201cM\u00edster J\u00e4gger, Vegetta, Willyrex&#8230;\u201c). Antonio aparece en el mismo programa que Bel\u00e9n y admite por tel\u00e9fono que se sinti\u00f3 \u201cmuy c\u00f3modo\u201d hablando de salud mental y que durante la conversaci\u00f3n, en la que tambi\u00e9n participaron Pablo Carbonell y Pilar Castro, como padres de adolescentes, \u201csalieron temas muy interesantes\u201d. En el programa se habla de las redes y el f\u00edsico, la manosfera y la educaci\u00f3n sexual, los amigos, el ligoteo, la terapia, los secretos, la soledad&#8230;<\/p>\n<p class=\"\">El formato mezcla caras conocidas y personalidades con decenas de miles de seguidores, con chavales que ni siquiera tienen m\u00f3vil. Es un casting muy diverso pensado para un p\u00fablico generalista. \u201cEn un momento de m\u00e1xima segmentaci\u00f3n de la audiencia, en el que los contenidos se crean y consumen a la carta y siguiendo las instrucciones perfiladas por nuestros algoritmos, la tele sigue siendo el pegamento social\u201d, dice Montalb\u00e1n, que admite que el objetivo es que el programa se vea en familia y despierte conversaciones. \u201cLa edad no importa para conectar con alguien\u201d, dice Antonio, \u201cyo tengo amigos mayores; creo que el problema es m\u00e1s que en algunas familias hay muchos tab\u00fas, as\u00ed que todo lo que sirva para hablar&#8230;\u201d. <\/p>\n<p>\u201cLiteral, bro\u201d<\/p>\n<p class=\"\">En un momento muy padres versus hijos de <a href=\"https:\/\/www.rtve.es\/play\/videos\/adolescentes\/\" target=\"_self\" rel=\"nofollow noopener\" title=\"https:\/\/www.rtve.es\/play\/videos\/adolescentes\/\">Adolescentes<\/a>, unos y otros comentan el abuso actual de palabras como \u201cobvio\u201d, \u201cbro\u201d o \u201cliteral\u201d. Tamayo se encuentra en el medio: porque presenta el espacio sentado en el centro del plat\u00f3 (decorado como un gimnasio de instituto) y porque, con 30 a\u00f1os, pertenece a una generaci\u00f3n intermedia entre los hijos (de 13 a 20) y los padres (entre 40 largos y 50 y tantos) que aparecen en el programa. <\/p>\n<p class=\"\">Una chica explica lo que significa \u201cser boque\u201d (de boquer\u00f3n, no haberse dado un beso con lengua). Y Tamayo, que no lo hab\u00eda escuchado nunca, admite que \u201cflipa\u201d, \u201csoy de otra especie\u201d, dice. Aunque luego, reflexionando por WhatsApp, el director <a href=\"https:\/\/elpais.com\/television\/2024-09-09\/como-cazar-a-un-monstruo-de-carles-tamayo-el-youtuber-que-encarcelo-al-pederasta-de-su-infancia.html\" rel=\"nofollow noopener\" title=\"https:\/\/elpais.com\/television\/2024-09-09\/como-cazar-a-un-monstruo-de-carles-tamayo-el-youtuber-que-encarcelo-al-pederasta-de-su-infancia.html\" target=\"_blank\">del documental sobre un caso de pederastia C\u00f3mo cazar a un monstruo<\/a> apunta: \u201cTampoco dir\u00eda que hay tantas diferencias entre su adolescencia y la m\u00eda\u201d. <\/p>\n<p class=\"\">Para Montalb\u00e1n, que como la mayor\u00eda de padres de adolescente es de la Generaci\u00f3n X y se crio antes de internet, s\u00ed que la hay: \u201cCre\u00edamos que est\u00e1bamos preparad\u00edsimos para comprender a nuestros hijos&#8230; Crecimos en los ochenta, en un pa\u00eds democr\u00e1tico y moderno, hemos conocido la libertad, las drogas, la transgresi\u00f3n\u2026 Pero resulta que ahora nuestros hijos tienen TikTok y Fornite\u2026 Y estamos muy perdidos\u00bb. <\/p>\n<p class=\"\">Esa desubicaci\u00f3n de los padres X \u2015y la cruda realidad de las estad\u00edsticas que se\u00f1alan el aumento de la depresi\u00f3n y ansiedad adolescente, de la violencia online y los discursos de odio\u2015, hacen que proliferen ficciones preocupadas por nuestros peores miedos. Sin negar que existen problemas, Adolescentes plantea otro tono, m\u00e1s conciliador y reconfortante para el espectador con hijos adolescentes. En el programa, hablando por s\u00ed mismos, los chicos y chicas no parecen tan perdidos. Lo que les diferencia como generaci\u00f3n no es que usen una jerga juvenil distinta (que digan bro donde se dec\u00eda tronco), sino que hablan un lenguaje emocional que sus padres han aprendido de adultos: defienden que las \u201crelaciones hay que trabajarlas\u201d, hablan de \u201ctoxicidad\u201d y \u201cromantizaci\u00f3n\u201d por un lado y de \u201cautocuidado\u201d y \u201cresponsabilidad\u201d por el otro. Admiten que ir a terapia les ayuda a \u201cregularse\u201d. Cuando Tamayo, inquisitivo, pregunta por la presi\u00f3n para perder la virginidad, Alma, de 17 a\u00f1os, responde quit\u00e1ndole hierro con un feminista \u201cde todas formas, la virginidad es un constructo social, \u00bfno?\u201d. Sus compa\u00f1eros, vi\u00e9ndolo clar\u00edsimo, asienten. Aqu\u00ed nadie parece estar convirti\u00e9ndose en un monstruo.<\/p>\n","protected":false},"excerpt":{"rendered":"En Adolescentes, programa reci\u00e9n estrenado en La 2 y disponible en RTVE Play, el youtuber de investigaci\u00f3n Carles&hellip;\n","protected":false},"author":2,"featured_media":277205,"comment_status":"","ping_status":"","sticky":false,"template":"","format":"standard","meta":{"footnotes":""},"categories":[171],"tags":[3629,3627,146,147,25,24,13824,6850,6645,953,1922,23,807,214],"class_list":{"0":"post-277204","1":"post","2":"type-post","3":"status-publish","4":"format-standard","5":"has-post-thumbnail","7":"category-tv","8":"tag-adolescencia","9":"tag-crianza-hijos","10":"tag-entertainment","11":"tag-entretenimiento","12":"tag-es","13":"tag-espana","14":"tag-estrenos-television","15":"tag-juventud","16":"tag-programas-debate","17":"tag-programas-informativos","18":"tag-redes-sociales","19":"tag-spain","20":"tag-television","21":"tag-tv"},"share_on_mastodon":{"url":"https:\/\/pubeurope.com\/@es\/115682645300968624","error":""},"_links":{"self":[{"href":"https:\/\/www.europesays.com\/es\/wp-json\/wp\/v2\/posts\/277204","targetHints":{"allow":["GET"]}}],"collection":[{"href":"https:\/\/www.europesays.com\/es\/wp-json\/wp\/v2\/posts"}],"about":[{"href":"https:\/\/www.europesays.com\/es\/wp-json\/wp\/v2\/types\/post"}],"author":[{"embeddable":true,"href":"https:\/\/www.europesays.com\/es\/wp-json\/wp\/v2\/users\/2"}],"replies":[{"embeddable":true,"href":"https:\/\/www.europesays.com\/es\/wp-json\/wp\/v2\/comments?post=277204"}],"version-history":[{"count":0,"href":"https:\/\/www.europesays.com\/es\/wp-json\/wp\/v2\/posts\/277204\/revisions"}],"wp:featuredmedia":[{"embeddable":true,"href":"https:\/\/www.europesays.com\/es\/wp-json\/wp\/v2\/media\/277205"}],"wp:attachment":[{"href":"https:\/\/www.europesays.com\/es\/wp-json\/wp\/v2\/media?parent=277204"}],"wp:term":[{"taxonomy":"category","embeddable":true,"href":"https:\/\/www.europesays.com\/es\/wp-json\/wp\/v2\/categories?post=277204"},{"taxonomy":"post_tag","embeddable":true,"href":"https:\/\/www.europesays.com\/es\/wp-json\/wp\/v2\/tags?post=277204"}],"curies":[{"name":"wp","href":"https:\/\/api.w.org\/{rel}","templated":true}]}}