{"id":277222,"date":"2025-12-08T07:12:17","date_gmt":"2025-12-08T07:12:17","guid":{"rendered":"https:\/\/www.europesays.com\/es\/277222\/"},"modified":"2025-12-08T07:12:17","modified_gmt":"2025-12-08T07:12:17","slug":"el-ano-de-mathieu-van-der-poel-redunda-en-lo-ya-logrado","status":"publish","type":"post","link":"https:\/\/www.europesays.com\/es\/277222\/","title":{"rendered":"El a\u00f1o de Mathieu van der Poel redunda en lo ya logrado"},"content":{"rendered":"<p><img fetchpriority=\"high\" decoding=\"async\" class=\"aligncenter size-full wp-image-67398\" src=\"data:image\/svg+xml,%3Csvg%20xmlns=\" http:=\"\" alt=\"\" width=\"1025\" height=\"400\" data-lazy- data-lazy- data-lazy-src=\"https:\/\/www.europesays.com\/es\/wp-content\/uploads\/2025\/11\/anunci-generic-bla-1-1024x120-px-v3-02.jpg\"\/><\/p>\n<p>El a\u00f1o de Mathieu van der Poel redunda en lo ya logrado para ser leyenda en lo suyo<\/p>\n<p>Hubo un instante, en la campa helada de Li\u00e9vin, viendo a Wout van Aert perseguir con el muslo abierto, en el pen\u00faltimo giro del Mundial, en que sentimos un d\u00e9j\u00e0 vu perfecto: el celeste, una vez m\u00e1s, intentando domar al cicl\u00f3n llamado Mathieu van der Poel.<\/p>\n<p>All\u00ed, en ese barro congelado, el neerland\u00e9s conquistaba su s\u00e9ptimo arco\u00edris, igualando a Erik De Vlaeminck y, al mismo tiempo, super\u00e1ndolo en la profundidad del legado.<\/p>\n<p><a class=\"wppaslink\" href=\"https:\/\/joanseguidor.com\/pas\/ccmm-valenciana\/44016\/0\" target=\"_blank\" rel=\"nofollow noopener\"><img decoding=\"async\" src=\"data:image\/svg+xml,%3Csvg%20xmlns=\" http:=\"\" alt=\"CCMM Valenciana\" border=\"0\" data-lazy-src=\"https:\/\/www.europesays.com\/es\/wp-content\/uploads\/2025\/12\/1765177936_600_aralleida-hivern-970x250-crea2-es.jpg\"\/><\/a><\/p>\n<p><strong>No solo acumula t\u00edtulos: ha llevado el ciclocross, y con \u00e9l todo el ciclismo, a otra dimensi\u00f3n.<\/strong><\/p>\n<p>Y mientras volv\u00edamos a respirar tras aquel dominio helado, ya mir\u00e1bamos hacia la primavera, porque este a\u00f1o <strong>Van der Poel ha gobernado como muy pocos lo han hecho en vida<\/strong>.<\/p>\n<p><a href=\"https:\/\/joanseguidor.com\/milan-san-remo-2025-mejor-carrera\/\" target=\"_blank\" rel=\"noopener nofollow\">San Remo, la m\u00e1s loca en d\u00e9cadas<\/a>, cay\u00f3 por pura superioridad: aguant\u00f3 cada embestida de Pogacar y remat\u00f3 con una precisi\u00f3n quir\u00fargica en el Poggio.<\/p>\n<p><strong>D\u00edas despu\u00e9s, en Harelbeke, volvi\u00f3 a repetir aquella vieja liturgia flamenca<\/strong>: ataque largo, demoledor, casi insultante, m\u00e1s de 40 kil\u00f3metros solo ante Flandes, rodando m\u00e1s fuerte que Ganna, como si la carretera se plegara a su voluntad.<\/p>\n<p><strong>En Roubaix firm\u00f3 su tercera consecutiva<\/strong>, como Moser medio siglo atr\u00e1s.<\/p>\n<p>Donde Pogacar se estrell\u00f3 en una curva, Van der Poel vol\u00f3.<\/p>\n<p>No por azar, sino por ese conocimiento casi m\u00edstico de cada piedra, cada surco, cada cambio de viento del Infierno del Norte.<\/p>\n<p>Y aun as\u00ed, la grandeza tambi\u00e9n sabe torcer. En el Tour de Francia, tras su mejor edici\u00f3n, despu\u00e9s de fugas interminables, maillots de l\u00edder y una victoria de etapa, una neumon\u00eda lo apart\u00f3 del sue\u00f1o justo despu\u00e9s del Ventoux.<\/p>\n<p>Se march\u00f3 con fiebre, pero dej\u00f3 luz: la certeza de que, incluso enfermo, <strong>hab\u00eda firmado su Tour m\u00e1s completo<\/strong>.<\/p>\n<p>Porque esta es la verdad de nuestro tiempo: <strong>Pogacar reina en los puertos, Evenepoel gobierna el crono, pero cuando la carretera se hace ancha, explosiva, peligrosa, Van der Poel impone su ley<\/strong>.<\/p>\n<p>\u00c9l marca el l\u00edmite del ciclismo moderno. \u00c9l es la bisagra entre eras.<\/p>\n<p>Todo esto \u2014barro, adoquines, monumentos, fiebres, prodigios\u2014 ha tejido la mejor primavera ciclista de nuestras vidas.<\/p>\n<p>Y lo m\u00e1s inquietante es que el neerland\u00e9s parece no haber tocado techo.<\/p>\n<p data-start=\"1682\" data-end=\"2105\">Imagen: A.S.O.\/Pauline Ballet<\/p>\n<p data-start=\"1682\" data-end=\"2105\"><strong><a href=\"https:\/\/terresdelebre.travel\/cycling\/es\/deportivo\" target=\"_blank\" rel=\"noopener nofollow\"><img loading=\"lazy\" decoding=\"async\" class=\"aligncenter\" src=\"data:image\/svg+xml,%3Csvg%20xmlns=\" http:=\"\" alt=\"\" width=\"1024\" height=\"400\" data-lazy-src=\"https:\/\/www.europesays.com\/es\/wp-content\/uploads\/2025\/10\/1024x400-cicloturisme-joanseguidor.jpg\"\/><\/a><\/strong><\/p>\n","protected":false},"excerpt":{"rendered":"El a\u00f1o de Mathieu van der Poel redunda en lo ya logrado para ser leyenda en lo suyo&hellip;\n","protected":false},"author":2,"featured_media":277223,"comment_status":"","ping_status":"","sticky":false,"template":"","format":"standard","meta":{"footnotes":""},"categories":[273],"tags":[313,312,168,25,24,2548,7619,23,167],"class_list":{"0":"post-277222","1":"post","2":"type-post","3":"status-publish","4":"format-standard","5":"has-post-thumbnail","7":"category-ciclismo","8":"tag-ciclismo","9":"tag-cycling","10":"tag-deportes","11":"tag-es","12":"tag-espana","13":"tag-featured","14":"tag-mathieu-van-der-poel","15":"tag-spain","16":"tag-sports"},"share_on_mastodon":{"url":"https:\/\/pubeurope.com\/@es\/115682708233817414","error":""},"_links":{"self":[{"href":"https:\/\/www.europesays.com\/es\/wp-json\/wp\/v2\/posts\/277222","targetHints":{"allow":["GET"]}}],"collection":[{"href":"https:\/\/www.europesays.com\/es\/wp-json\/wp\/v2\/posts"}],"about":[{"href":"https:\/\/www.europesays.com\/es\/wp-json\/wp\/v2\/types\/post"}],"author":[{"embeddable":true,"href":"https:\/\/www.europesays.com\/es\/wp-json\/wp\/v2\/users\/2"}],"replies":[{"embeddable":true,"href":"https:\/\/www.europesays.com\/es\/wp-json\/wp\/v2\/comments?post=277222"}],"version-history":[{"count":0,"href":"https:\/\/www.europesays.com\/es\/wp-json\/wp\/v2\/posts\/277222\/revisions"}],"wp:featuredmedia":[{"embeddable":true,"href":"https:\/\/www.europesays.com\/es\/wp-json\/wp\/v2\/media\/277223"}],"wp:attachment":[{"href":"https:\/\/www.europesays.com\/es\/wp-json\/wp\/v2\/media?parent=277222"}],"wp:term":[{"taxonomy":"category","embeddable":true,"href":"https:\/\/www.europesays.com\/es\/wp-json\/wp\/v2\/categories?post=277222"},{"taxonomy":"post_tag","embeddable":true,"href":"https:\/\/www.europesays.com\/es\/wp-json\/wp\/v2\/tags?post=277222"}],"curies":[{"name":"wp","href":"https:\/\/api.w.org\/{rel}","templated":true}]}}