{"id":277226,"date":"2025-12-08T07:15:14","date_gmt":"2025-12-08T07:15:14","guid":{"rendered":"https:\/\/www.europesays.com\/es\/277226\/"},"modified":"2025-12-08T07:15:14","modified_gmt":"2025-12-08T07:15:14","slug":"mas-problemas-para-el-real-madrid-en-defensa-militao-lesionado-ante-el-celta-de-vigo-futbol","status":"publish","type":"post","link":"https:\/\/www.europesays.com\/es\/277226\/","title":{"rendered":"M\u00e1s problemas para el Real Madrid en defensa: Militao, lesionado ante el Celta de Vigo | F\u00fatbol"},"content":{"rendered":"<p>Mal\u00edsimas noticias para el Real Madrid en defensa. <a href=\"https:\/\/cadenaser.com\/nacional\/2025\/12\/07\/real-madrid-celta-de-vigo-en-directo-el-partido-de-la-jornada-15-de-laliga-en-vivo-cadena-ser\/\" target=\"_blank\" rel=\"noreferrer nofollow noopener\" title=\"https:\/\/cadenaser.com\/nacional\/2025\/12\/07\/real-madrid-celta-de-vigo-en-directo-el-partido-de-la-jornada-15-de-laliga-en-vivo-cadena-ser\/\">Eder Militao ha ca\u00eddo lesionado en el partido ante el Celta de Vigo, disputado en el Santiago Bernab\u00e9u<\/a>. Ocurri\u00f3 en el minuto 22 del encuentro, cuando el central brasile\u00f1o se ech\u00f3 al suelo con visibles gestos de dolor en su pierna izquierda. Entraron a la carrera las asistencias m\u00e9dicas y, aunque Militao abandon\u00f3 el terreno de juego del Santiago Bernab\u00e9u por su propio pie, lo hizo cojeando. En su lugar entr\u00f3 Antonio R\u00fcdiger, quien tuvo descanso despu\u00e9s de jugar dos partidos al completo de manera consecutiva (Girona y Athletic Club). <\/p>\n<p>Por lo tanto, todo hace pensar que Militao estar\u00e1 m\u00e1s de un mes de baja por sus gestos de dolor, ya que no pod\u00eda apoyar bien. A la espera de pruebas m\u00e9dicas, se descarta su presencia para los siguientes partidos del Real Madrid. El carioca not\u00f3 un pinchazo durante la carrera mientras trataba de despejar un bal\u00f3n y se ech\u00f3 muy pronto la mano a su isquiotibial izquierdo. Las sensaciones no son nada positivas, ya que dej\u00f3 el terreno de juego sin ni siquiera poder apoyar su pierna con naturalidad. <\/p>\n<p>Los problemas en la defensa son realmente significativos para Xabi Alonso: cuenta con seis zagueros lesionados (Alaba, Carvajal, Trent, Militao, Mendy y Huijsen) para el siguiente partido, en donde el combinado blanco se enfrentar\u00e1 al Manchester City en la Champions League. El equipo dirigido por Pep Guardiola medir\u00e1 sus fuerzas con el Real Madrid este mi\u00e9rcoles en el Santiago Bernab\u00e9u y el combinado de Chamart\u00edn llega con serios problemas en su zaga. Xabi Alonso podr\u00e1 optar por \u00c1lvaro Carreras en el lateral zurdo, tendr\u00e1 que poner a Fede Valverde en el lateral diestro y, junto a ellos, Ra\u00fal Asencio y Antonio R\u00fcdiger formar\u00e1n pareja de centrales para tratar de parar a Erling Haaland.<\/p>\n<p>Dani Carvajal fue sometido a una artroscopia en su rodilla derecha, Trent tiene una rotura en el recto anterior del cu\u00e1driceps izquierdo, Dean Huijsen cuenta con molestias en la rodilla, mientras que Alabada tiene molestias en su s\u00f3leo derecho. Mendy, por su parte, tiene una rotura en el b\u00edceps femoral de su pierna derecha y ahora tambi\u00e9n ha ca\u00eddo lesionado Eder Militao. A la espera de que sea sometido a una resonancia m\u00e9dica, las molestias en su isquiotibial izquierdo dejan preocupado al madridismo porque era uno de los mejores jugadores del Real Madrid en esta temporada. Por lo tanto, a la espera de que Huijsen se recupere, Xabi Alonso tendr\u00e1 que optar por Asencio y R\u00fcdiger como pareja de centrales. <\/p>\n","protected":false},"excerpt":{"rendered":"Mal\u00edsimas noticias para el Real Madrid en defensa. Eder Militao ha ca\u00eddo lesionado en el partido ante el&hellip;\n","protected":false},"author":2,"featured_media":277227,"comment_status":"","ping_status":"","sticky":false,"template":"","format":"standard","meta":{"footnotes":""},"categories":[268],"tags":[1765,168,25,24,280,282,281,23,167,1766],"class_list":{"0":"post-277226","1":"post","2":"type-post","3":"status-publish","4":"format-standard","5":"has-post-thumbnail","7":"category-futbol","8":"tag-bestof","9":"tag-deportes","10":"tag-es","11":"tag-espana","12":"tag-football","13":"tag-futbol","14":"tag-soccer","15":"tag-spain","16":"tag-sports","17":"tag-topix"},"share_on_mastodon":{"url":"https:\/\/pubeurope.com\/@es\/115682720087594760","error":""},"_links":{"self":[{"href":"https:\/\/www.europesays.com\/es\/wp-json\/wp\/v2\/posts\/277226","targetHints":{"allow":["GET"]}}],"collection":[{"href":"https:\/\/www.europesays.com\/es\/wp-json\/wp\/v2\/posts"}],"about":[{"href":"https:\/\/www.europesays.com\/es\/wp-json\/wp\/v2\/types\/post"}],"author":[{"embeddable":true,"href":"https:\/\/www.europesays.com\/es\/wp-json\/wp\/v2\/users\/2"}],"replies":[{"embeddable":true,"href":"https:\/\/www.europesays.com\/es\/wp-json\/wp\/v2\/comments?post=277226"}],"version-history":[{"count":0,"href":"https:\/\/www.europesays.com\/es\/wp-json\/wp\/v2\/posts\/277226\/revisions"}],"wp:featuredmedia":[{"embeddable":true,"href":"https:\/\/www.europesays.com\/es\/wp-json\/wp\/v2\/media\/277227"}],"wp:attachment":[{"href":"https:\/\/www.europesays.com\/es\/wp-json\/wp\/v2\/media?parent=277226"}],"wp:term":[{"taxonomy":"category","embeddable":true,"href":"https:\/\/www.europesays.com\/es\/wp-json\/wp\/v2\/categories?post=277226"},{"taxonomy":"post_tag","embeddable":true,"href":"https:\/\/www.europesays.com\/es\/wp-json\/wp\/v2\/tags?post=277226"}],"curies":[{"name":"wp","href":"https:\/\/api.w.org\/{rel}","templated":true}]}}