{"id":277238,"date":"2025-12-08T07:24:08","date_gmt":"2025-12-08T07:24:08","guid":{"rendered":"https:\/\/www.europesays.com\/es\/277238\/"},"modified":"2025-12-08T07:24:08","modified_gmt":"2025-12-08T07:24:08","slug":"trump-dice-que-participara-en-la-revision-del-acuerdo-de-la-compra-de-warner-brothers-por-parte-de-netflix-economia","status":"publish","type":"post","link":"https:\/\/www.europesays.com\/es\/277238\/","title":{"rendered":"Trump dice que participar\u00e1 en la revisi\u00f3n del acuerdo de la compra de Warner Brothers por parte de Netflix | Econom\u00eda"},"content":{"rendered":"<p class=\"\">El presidente de Estados Unidos, <a href=\"https:\/\/elpais.com\/noticias\/donald-trump\/\" target=\"_blank\" rel=\"noreferrer nofollow noopener\" title=\"https:\/\/elpais.com\/noticias\/donald-trump\/\">Donald Trump<\/a>, dijo el domingo que tendr\u00eda voz y voto sobre si una propuesta de fusi\u00f3n entre <a href=\"https:\/\/elpais.com\/noticias\/netflix\/\" target=\"_blank\" rel=\"noreferrer nofollow noopener\" title=\"https:\/\/elpais.com\/noticias\/netflix\/\">Netflix<\/a> y Warner Brothers debe seguir adelante, diciendo a los periodistas que la cuota de mercado de una entidad combinada podr\u00eda generar preocupaciones. <\/p>\n<p class=\"\">\u201cParticipar\u00e9 en esa decisi\u00f3n\u201d, dijo Trump a los periodistas a su llegada al Kennedy Center para su entrega anual de premios. <\/p>\n<p class=\"\"><a href=\"https:\/\/elpais.com\/economia\/2025-12-05\/netflix-negocia-la-compra-de-los-estudios-y-activos-de-streaming-de-warner-bros-duena-de-hbo.html\" target=\"_blank\" rel=\"noreferrer nofollow noopener\" title=\"https:\/\/elpais.com\/economia\/2025-12-05\/netflix-negocia-la-compra-de-los-estudios-y-activos-de-streaming-de-warner-bros-duena-de-hbo.html\">Netflix acord\u00f3 el viernes comprar la divisi\u00f3n de televisi\u00f3n, estudios de cine y streaming de Warner Bros Discovery por 72.000 millones <\/a>de d\u00f3lares, un acuerdo que entregar\u00eda el control de uno de los activos m\u00e1s preciados de Hollywood al pionero del streaming.<\/p>\n<p class=\"\">Trump no dijo si estaba a favor de la aprobaci\u00f3n del acuerdo, pero se\u00f1al\u00f3 una posible concentraci\u00f3n de poder de mercado en la industria del entretenimiento. <\/p>\n<p class=\"\">\u201cEso lo tendr\u00e1n que decir algunos economistas. Pero es una gran cuota de mercado. No hay duda de que podr\u00eda ser un problema\u201d, declar\u00f3 Trump.<\/p>\n","protected":false},"excerpt":{"rendered":"El presidente de Estados Unidos, Donald Trump, dijo el domingo que tendr\u00eda voz y voto sobre si una&hellip;\n","protected":false},"author":2,"featured_media":277239,"comment_status":"","ping_status":"","sticky":false,"template":"","format":"standard","meta":{"footnotes":""},"categories":[91],"tags":[177,20881,352,95,146,147,25,24,629,152,16428,23,807,37559],"class_list":{"0":"post-277238","1":"post","2":"type-post","3":"status-publish","4":"format-standard","5":"has-post-thumbnail","7":"category-entretenimiento","8":"tag-cine","9":"tag-competencia","10":"tag-donald-trump","11":"tag-economia","12":"tag-entertainment","13":"tag-entretenimiento","14":"tag-es","15":"tag-espana","16":"tag-estados-unidos","17":"tag-netflix","18":"tag-plataformas-digitales","19":"tag-spain","20":"tag-television","21":"tag-warner-bros"},"share_on_mastodon":{"url":"https:\/\/pubeurope.com\/@es\/115682755445515972","error":""},"_links":{"self":[{"href":"https:\/\/www.europesays.com\/es\/wp-json\/wp\/v2\/posts\/277238","targetHints":{"allow":["GET"]}}],"collection":[{"href":"https:\/\/www.europesays.com\/es\/wp-json\/wp\/v2\/posts"}],"about":[{"href":"https:\/\/www.europesays.com\/es\/wp-json\/wp\/v2\/types\/post"}],"author":[{"embeddable":true,"href":"https:\/\/www.europesays.com\/es\/wp-json\/wp\/v2\/users\/2"}],"replies":[{"embeddable":true,"href":"https:\/\/www.europesays.com\/es\/wp-json\/wp\/v2\/comments?post=277238"}],"version-history":[{"count":0,"href":"https:\/\/www.europesays.com\/es\/wp-json\/wp\/v2\/posts\/277238\/revisions"}],"wp:featuredmedia":[{"embeddable":true,"href":"https:\/\/www.europesays.com\/es\/wp-json\/wp\/v2\/media\/277239"}],"wp:attachment":[{"href":"https:\/\/www.europesays.com\/es\/wp-json\/wp\/v2\/media?parent=277238"}],"wp:term":[{"taxonomy":"category","embeddable":true,"href":"https:\/\/www.europesays.com\/es\/wp-json\/wp\/v2\/categories?post=277238"},{"taxonomy":"post_tag","embeddable":true,"href":"https:\/\/www.europesays.com\/es\/wp-json\/wp\/v2\/tags?post=277238"}],"curies":[{"name":"wp","href":"https:\/\/api.w.org\/{rel}","templated":true}]}}