{"id":277242,"date":"2025-12-08T07:26:16","date_gmt":"2025-12-08T07:26:16","guid":{"rendered":"https:\/\/www.europesays.com\/es\/277242\/"},"modified":"2025-12-08T07:26:16","modified_gmt":"2025-12-08T07:26:16","slug":"que-el-pelo-se-mantenga-limpio-durante-dias-es-una-de-las-5-senales-de-que-esta-envejeciendo","status":"publish","type":"post","link":"https:\/\/www.europesays.com\/es\/277242\/","title":{"rendered":"Que el pelo se mantenga limpio durante d\u00edas es una de las 5 se\u00f1ales de que est\u00e1 envejeciendo"},"content":{"rendered":"<p id=\"eeLYMA0CP8\" data-wc=\"59\">Como la piel, <strong>el pelo tambi\u00e9n acusa el paso del tiempo<\/strong>: cambia su textura, se debilita y reacciona peor a los tratamientos. Con la ayuda de Helena Rodero, farmac\u00e9utica y experta capilar para Planet Skin,<strong>\u00a0identificamos los cinco s\u00edntomas de un pelo envejecido<\/strong> y te contamos <strong>c\u00f3mo ponerles soluci\u00f3n<\/strong> y <a class=\"hm-link ho-link\" href=\"https:\/\/www.hola.com\/belleza\/tendencias\/20190603143199\/productos-capilares-pelo-antiedad\/\" data-mrf-recirculation=\"article-body-link\" rel=\"nofollow noopener\" target=\"_blank\">devolver a tu pelo la juventud<\/a> que todas ansiamos.\u00a0<\/p>\n<p> <img src=\"https:\/\/www.europesays.com\/es\/wp-content\/uploads\/2025\/12\/4a531e96e344-gettyimages-2040914495.jpg\"   width=\"1080\" height=\"1800\" loading=\"lazy\" decoding=\"async\" alt=\"Un pelo que no brilla es un pelo envejecido\" fetchpriority=\"auto\" class=\"image ho-image\"\/>\u00a9 Getty Images<br \/>\nTu pelo ha perdido brillo<\/p>\n<p id=\"exW3Brn-t0\" data-wc=\"45\"><strong>Cuando el pelo envejece, lo primero que desaparece es su luminosidad<\/strong>. \u00abCon los a\u00f1os, las gl\u00e1ndulas seb\u00e1ceas producen menos sebo, y ese sebo natural es el que aporta brillo y suavidad al pelo\u00bb, explica Helena Rodero, autora de Todo sobre tu pelo y tu piel.<\/p>\n<p id=\"eA2kEznDET\" data-wc=\"68\">\u00abSin esa pel\u00edcula protectora, <strong>la cut\u00edcula se vuelve m\u00e1s porosa<\/strong>, el agua se evapora con facilidad y el pelo se ve apagado\u00bb, a\u00f1ade. La consecuencia es una melena mate, r\u00edgida y sin reflejo. <strong>La experta recomienda incorporar mascarillas nutritivas y s\u00e9rums capilares\u00a0<\/strong><a class=\"hm-link ho-link\" href=\"https:\/\/www.hola.com\/belleza\/20250301815817\/ceramidas-pelo-fuerte-brillante-beneficios\/\" data-mrf-recirculation=\"article-body-link\" rel=\"nofollow noopener\" target=\"_blank\">con ceramidas<\/a><strong>\u00a0o aceites ligeros<\/strong>, \u00abpero sobre todo mantener un acondicionamiento constante, no solo cuando la melena ya se ve da\u00f1ada, sino antes\u00bb, aconseja Helena Rodero.<\/p>\n<p> <img src=\"https:\/\/www.europesays.com\/es\/wp-content\/uploads\/2025\/12\/4c545feaf608-gettyimages-83830643.jpg\"   width=\"1080\" height=\"1800\" loading=\"lazy\" decoding=\"async\" alt=\"Como evitar que el pelo parezca envejecido\" fetchpriority=\"auto\" class=\"image ho-image\"\/>\u00a9 Getty Images<br \/>\nTu melena tiene menos volumen<\/p>\n<p id=\"eEkUVk6wXQ\" data-wc=\"87\">Si antes, para conseguir un extra de volumen, te bastaba con darle a tu pelo un toque de secador y ahora, en cambio, notas que se te aplasta enseguida y se queda sin movimiento ni vida, la causa puede ser estructural. \u00ab<strong>El di\u00e1metro de la fibra capilar disminuye con la edad<\/strong>. <strong>No necesariamente tenemos menos pelo, pero s\u00ed m\u00e1s fino<\/strong>\u00ab, detalla la farmac\u00e9utica. <strong>El ciclo de crecimiento se ralentiza y los fol\u00edculos pilosos se vuelven menos activos<\/strong>, lo que se traduce en una <a class=\"hm-link ho-link\" href=\"https:\/\/www.hola.com\/belleza\/tendencias\/20210129183344\/pelo-fino-cortes-mechas-trucos-errores\/\" data-mrf-recirculation=\"article-body-link\" rel=\"nofollow noopener\" target=\"_blank\">p\u00e9rdida visible de densidad<\/a>.\u00a0<\/p>\n<p id=\"eq_hlGr2BM\" data-wc=\"30\">\u00ab<strong>Las f\u00f3rmulas densificadoras ayudan a envolver la fibra<\/strong>, aportando sensaci\u00f3n de grosor, y los activos estimulantes de la microcirculaci\u00f3n (como los <a class=\"hm-link ho-link\" href=\"https:\/\/www.hola.com\/belleza\/caraycuerpo\/20221013218875\/peptidos-ingrediente-cuidado-piel-pelo-beneficios-expertos\/\" data-mrf-recirculation=\"article-body-link\" rel=\"nofollow noopener\" target=\"_blank\">p\u00e9ptidos o los amino\u00e1cidos<\/a>) <strong>fortalecen la ra\u00edz<\/strong>\u00ab, recomienda Rodero.<\/p>\n<p> <img src=\"https:\/\/www.europesays.com\/es\/wp-content\/uploads\/2025\/12\/df1b28bac08e-gettyimages-177263056.jpg\"   width=\"1080\" height=\"1800\" loading=\"lazy\" decoding=\"async\" alt=\"Cuidar el cuero cabelludo es esencial para evitar que el pelo envejezca\" fetchpriority=\"auto\" class=\"image ho-image\"\/>\u00a9 Getty Images<br \/>\nTu pelo tarda m\u00e1s en ensuciarse\u00a0<\/p>\n<p id=\"ey-p-O-3yY9\" data-wc=\"72\">Aunque pueda parecer una ventaja, <strong>que el pelo se mantenga limpio durante m\u00e1s d\u00edas es otra se\u00f1al de envejecimiento capilar<\/strong>. \u00abA medida que las gl\u00e1ndulas seb\u00e1ceas reducen su actividad, el cuero cabelludo produce menos sebo. Esa falta de grasa natural lo vuelve<strong>\u00a0m\u00e1s seco y menos protegido<\/strong>\u00ab, explica la experta. <strong>S\u00f3lo en el caso de tener dermatitis seborreica ser\u00eda una buena noticia<\/strong> porque no sufrir\u00edas de las molestias asociadas a este problema.\u00a0<\/p>\n<p id=\"egjrdf4-Wi\" data-wc=\"57\">El resultado es <strong>un cuero cabelludo sensible, tirante y con posibles descamaciones<\/strong>. \u00ab<strong>Seleccionar un champ\u00fa seg\u00fan las necesidades espec\u00edficas para el cuero cabelludo\u00a0<\/strong>ser\u00eda la opci\u00f3n m\u00e1s inteligente\u00bb, se\u00f1ala Rodero. \u00abNormalmente lo hacemos mal porque seleccionamos el champ\u00fa seg\u00fan el pelo, pero <strong>hay que recordar que<\/strong> <a class=\"hm-link ho-link\" href=\"https:\/\/www.hola.com\/belleza\/20241118722596\/champu-sin-sulfatos-consejos-experto\/\" data-mrf-recirculation=\"article-body-link\" rel=\"nofollow noopener\" target=\"_blank\">el champ\u00fa es para limpiar el cuero cabelludo<\/a>\u00ab, a\u00f1ade la experta.\u00a0<\/p>\n<p> <img src=\"https:\/\/www.europesays.com\/es\/wp-content\/uploads\/2025\/12\/93d2fa9d744c-gettyimages-2216944281.jpg\"   width=\"1080\" height=\"1800\" loading=\"lazy\" decoding=\"async\" alt=\"Pelo largo y puntas abiertas\" fetchpriority=\"auto\" class=\"image ho-image\"\/>\u00a9 Getty Images<br \/>\nAparecen encrespamiento y puntas abiertas con m\u00e1s frecuencia<\/p>\n<p id=\"es8BKh1Hx1\" data-wc=\"36\"><strong>Una melena envejecida tambi\u00e9n pierde elasticidad<\/strong>. \u00abCon el paso del tiempo<strong>\u00a0disminuye la producci\u00f3n de queratina y l\u00edpidos protectores<\/strong>. Eso hace que la fibra sea m\u00e1s fr\u00e1gil, se rompa con facilidad y se encrespe\u00bb, comenta Rodero.\u00a0<\/p>\n<p id=\"e9uxgi7WFj\" data-wc=\"73\"><strong>Si notas que tu pelo se enreda o se quiebra al peinarlo, es momento de cambiar tu rutina<\/strong>. La farmac\u00e9utica experta en cabello recomienda \u00abreducir el uso de planchas y secadores a alta temperatura, espaciar las coloraciones y <a class=\"hm-link ho-link\" href=\"https:\/\/www.hola.com\/seleccion\/20220301205305\/mejor-mascarilla-hidratante-pelo\/\" rel=\"noopener nofollow\" target=\"_blank\" data-mrf-recirculation=\"article-body-link\">utilizar mascarillas con prote\u00ednas reestructurantes o amino\u00e1cidos<\/a><strong>\u00a0<\/strong>para reforzar la estructura del cabello\u00bb. <strong>Cortar las puntas cada vez que veas que tienen mal aspecto<\/strong>, no siguiendo una frecuencia espec\u00edfica, \u00a0tambi\u00e9n ayuda a mantener su vitalidad.<\/p>\n<p> <img src=\"https:\/\/www.europesays.com\/es\/wp-content\/uploads\/2025\/12\/08782abf94bd-gettyimages-1333713194.jpg\"   width=\"1080\" height=\"1800\" loading=\"lazy\" decoding=\"async\" alt=\"Cuidar el cuero cabelludo es fundamental para evitar que el pelo envejezca\" fetchpriority=\"auto\" class=\"image ho-image\"\/>\u00a9 Getty Images<br \/>\nSientes el cuero cabelludo m\u00e1s seco o tirante<\/p>\n<p id=\"eJTO5EmYcB\" data-wc=\"111\"><strong>El cuero cabelludo tambi\u00e9n envejece<\/strong>. \u00abCon los a\u00f1os disminuye la microcirculaci\u00f3n, y eso <strong>afecta al aporte de ox\u00edgeno y nutrientes a la ra\u00edz<\/strong>\u00ab, explica la experta. \u00ab<strong>El pelo nace m\u00e1s d\u00e9bil\u00a0<\/strong>y el cuero cabelludo puede sentirse m\u00e1s seco, sensible o incluso picar\u00bb, a\u00f1ade. <a class=\"hm-link ho-link\" href=\"https:\/\/www.hola.com\/belleza\/20231204244628\/skinification-cuidado-pelo-cuero-cabelludo\/\" data-mrf-recirculation=\"article-body-link\" rel=\"nofollow noopener\" target=\"_blank\"><strong>La tendencia actual, inspirada en el skincare, consiste en tratar el cuero cabelludo como si fuera la piel del rostro<\/strong><\/a>. \u00abEl futuro del cuidado capilar est\u00e1 en los <strong>s\u00e9rums y t\u00f3nicos espec\u00edficos<\/strong>, que hidratan, equilibran y estimulan la ra\u00edz. Son el <strong>nuevo gesto antiedad del cabello<\/strong>\u00ab, afirma Rodero.<\/p>\n<p id=\"e-EdjwOE5qv\" data-wc=\"97\">No se puede detener el tiempo, pero s\u00ed ralentizar su impacto en el cabello. \u00ab<strong>El envejecimiento capilar puede modularse con h\u00e1bitos adecuados<\/strong>\u00ab, asegura la farmac\u00e9utica. \u00abLa clave est\u00e1 en mantener una rutina adaptada, cuidar la alimentaci\u00f3n y evitar los factores que aceleran el da\u00f1o, como el calor o los tintes agresivos\u00bb, a\u00f1ade.<strong>\u00a0Rodero recomienda seguir una dieta rica en vitaminas del grupo B, zinc, cobre y \u00e1cidos grasos esenciales<\/strong>, presentes en alimentos como <strong>la yema de huevo, la quinoa, las legumbres o el aguacate<\/strong>. \u00abCuidar el cabello desde dentro es tan importante como hacerlo desde fuera\u00bb, subraya.<\/p>\n<p id=\"eprb8b4b38v\" data-wc=\"66\">Y si ya has identificado alguno de estos cinco s\u00edntomas, no esperes a que tu melena pierda m\u00e1s fuerza. <strong>Igual que protegemos la piel con antioxidantes o protector solar, el cabello tambi\u00e9n necesita su rutina antiedad<\/strong>: limpieza suave, suavizar constantemente y nutrici\u00f3n profunda. Porque<strong>\u00a0la juventud del pelo, igual que la del rostro, tambi\u00e9n se puede prolongar\u00a0<\/strong>si sabes c\u00f3mo hacerlo y usas los productos correctos.\u00a0<\/p>\n<p> <img src=\"https:\/\/www.europesays.com\/es\/wp-content\/uploads\/2025\/12\/3e4be13ed3d8-revitalash.jpg\"   width=\"1024\" height=\"1024\" loading=\"lazy\" decoding=\"async\" alt=\"Media Image\" fetchpriority=\"auto\" class=\"image ho-image\"\/><br \/>\nThickening Shampoo, de Revitalash<\/p>\n<p id=\"e5IVv4jgGEf\" data-wc=\"73\">Prep\u00e1rate para ver tu cuero cabelludo y tu cabello prosperar. El champ\u00fa limpio con fitoinfusi\u00f3n,<strong>\u00a0rico en ingredientes terap\u00e9uticos<\/strong> (y libre de detergentes de azufre) respalda la salud \u00f3ptima del cuero cabelludo, fortalece la cut\u00edcula y trabaja para mejorar el grosor de tu pelo. \u00bfQu\u00e9 vas a notar? Que<strong>\u00a0tu melena est\u00e1 m\u00e1s llena, m\u00e1s gruesa y que tiene m\u00e1s movimiento y acepta mejor cualquier otro producto que le apliques<\/strong>. Precio: 36 euros.<\/p>\n<p> <img src=\"https:\/\/www.europesays.com\/es\/wp-content\/uploads\/2025\/12\/cb513dd8a4cc-pepdtidos.jpg\"   width=\"1024\" height=\"1024\" loading=\"lazy\" decoding=\"async\" alt=\"Media Image\" fetchpriority=\"auto\" class=\"image ho-image\"\/><br \/>\nChamp\u00fa Peptide-132 Ultra Perfect Hair Bonding, de COSRX\u00a0<\/p>\n<p id=\"e1TPw3Bse75\" data-wc=\"69\"><strong>La limpieza tambi\u00e9n debe adaptarse al envejecimiento capilar<\/strong>: este champ\u00fa no solo limpia suavemente, sino que repara mientras lo hace. Con la misma tecnolog\u00eda PEPTIDE-132\u2122 que fortalece la fibra desde el interior, y una<strong>\u00a0combinaci\u00f3n de prote\u00edna vegetal, col\u00e1geno y amino\u00e1cidos<\/strong>, deja el cabello m\u00e1s fuerte, sedoso y menos expuesto al da\u00f1o. <strong>Ideal para quien siente que su melena ya no tiene el cuerpo de antes<\/strong>. Precio: 14,48 euros.<\/p>\n<p> <img src=\"https:\/\/www.europesays.com\/es\/wp-content\/uploads\/2025\/12\/50c8cf1b58ba-ds.jpg\"   width=\"1024\" height=\"1024\" loading=\"lazy\" decoding=\"async\" alt=\"Media Image\" fetchpriority=\"auto\" class=\"image ho-image\"\/><br \/>\nSPECTRAL.DNC-S, de DS Laboratories<\/p>\n<p id=\"ejHPMrD3l1B\" data-wc=\"81\">Su innovadora f\u00f3rmula combina el Complejo Melanex\u00ae y Nanoxidil\u00ae al 5%: el complejo antioxidante MELANEX\u00ae est\u00e1 formado por una combinaci\u00f3n de ingredientes que previene, detiene y <strong>revierte los signos del envejecimiento<\/strong>. Su acci\u00f3n aumenta significativamente en un +15% la producci\u00f3n de melanina en los fol\u00edculos pilosos canosos en 3 d\u00edas. Es el tratamiento id\u00f3neo tanto para hombres como para mujeres con alopecia androgen\u00e9tica avanzada. Tambi\u00e9n <strong>para cabellos canosos (canas incipientes, canas por envejecimiento y canas debidas al estr\u00e9s)<\/strong>. Precio: 52,92 euros.<\/p>\n<p> <img src=\"https:\/\/www.europesays.com\/es\/wp-content\/uploads\/2025\/12\/e6d89efb9669-klorane.jpg\"   width=\"1024\" height=\"1024\" loading=\"lazy\" decoding=\"async\" alt=\"Media Image\" fetchpriority=\"auto\" class=\"image ho-image\"\/><br \/>\n\u00a0Tratamiento Fortalecedor Intensivo a la Quinina medicinal, de Klorane<\/p>\n<p id=\"ezvcWS9Oh2e\" data-wc=\"60\">El <strong>Tratamiento\u00a0Antica\u00edda\u00a0fortalecedor intensivo a la Quinina medicinal<\/strong> es un s\u00e9rum sin aclarado indicado para todos los tipos de ca\u00edda del cabello, que a la vez lo protege frente a los efectos nocivos del estr\u00e9s. Adecuada para todos los tipos de ca\u00edda del cabello y <strong>apta durante el embarazo, la lactancia y despu\u00e9s de la quimioterapia<\/strong>. Precio: 57,90 euros.\u00a0<\/p>\n<p> <img src=\"https:\/\/www.europesays.com\/es\/wp-content\/uploads\/2025\/12\/e2db2d6e1d17-kerastase.jpg\"   width=\"1024\" height=\"1024\" loading=\"lazy\" decoding=\"async\" alt=\"Media Image\" fetchpriority=\"auto\" class=\"image ho-image\"\/><br \/>\nNutritive 8H Magic Night Serum, K\u00e9rastase<\/p>\n<p id=\"ekinPws-RP\" data-wc=\"80\">Disfruta del aspecto radiante de tu cabello inmediatamente despu\u00e9s de despertarte. <strong>El s\u00e9rum de noche de K\u00e9rastase, te ayuda a revitalizar y regenerar el cabello seco<\/strong> mientras duermes y durante ocho horas. <strong>El s\u00e9rum restaura el nivel de hidrataci\u00f3n natural de las fibras capilares<\/strong>, proporciona al cabello una hidrataci\u00f3n intensa y lo protege de los da\u00f1os provocados por el roce de la almohada. Adem\u00e1s, deja en el cabello una adictiva fragancia llena de notas florales y empolvadas. Precio: 60,40 euros.<\/p>\n","protected":false},"excerpt":{"rendered":"Como la piel, el pelo tambi\u00e9n acusa el paso del tiempo: cambia su textura, se debilita y reacciona&hellip;\n","protected":false},"author":2,"featured_media":277243,"comment_status":"","ping_status":"","sticky":false,"template":"","format":"standard","meta":{"footnotes":""},"categories":[80],"tags":[67511,3451,82,29860,253,95,94,25,24,19778,23],"class_list":{"0":"post-277242","1":"post","2":"type-post","3":"status-publish","4":"format-standard","5":"has-post-thumbnail","7":"category-economia","8":"tag-antiedad","9":"tag-belleza","10":"tag-business","11":"tag-cuidado-del-cabello","12":"tag-discover","13":"tag-economia","14":"tag-economy","15":"tag-es","16":"tag-espana","17":"tag-pelo","18":"tag-spain"},"share_on_mastodon":{"url":"https:\/\/pubeurope.com\/@es\/115682764185035094","error":""},"_links":{"self":[{"href":"https:\/\/www.europesays.com\/es\/wp-json\/wp\/v2\/posts\/277242","targetHints":{"allow":["GET"]}}],"collection":[{"href":"https:\/\/www.europesays.com\/es\/wp-json\/wp\/v2\/posts"}],"about":[{"href":"https:\/\/www.europesays.com\/es\/wp-json\/wp\/v2\/types\/post"}],"author":[{"embeddable":true,"href":"https:\/\/www.europesays.com\/es\/wp-json\/wp\/v2\/users\/2"}],"replies":[{"embeddable":true,"href":"https:\/\/www.europesays.com\/es\/wp-json\/wp\/v2\/comments?post=277242"}],"version-history":[{"count":0,"href":"https:\/\/www.europesays.com\/es\/wp-json\/wp\/v2\/posts\/277242\/revisions"}],"wp:featuredmedia":[{"embeddable":true,"href":"https:\/\/www.europesays.com\/es\/wp-json\/wp\/v2\/media\/277243"}],"wp:attachment":[{"href":"https:\/\/www.europesays.com\/es\/wp-json\/wp\/v2\/media?parent=277242"}],"wp:term":[{"taxonomy":"category","embeddable":true,"href":"https:\/\/www.europesays.com\/es\/wp-json\/wp\/v2\/categories?post=277242"},{"taxonomy":"post_tag","embeddable":true,"href":"https:\/\/www.europesays.com\/es\/wp-json\/wp\/v2\/tags?post=277242"}],"curies":[{"name":"wp","href":"https:\/\/api.w.org\/{rel}","templated":true}]}}