{"id":277254,"date":"2025-12-08T07:38:12","date_gmt":"2025-12-08T07:38:12","guid":{"rendered":"https:\/\/www.europesays.com\/es\/277254\/"},"modified":"2025-12-08T07:38:12","modified_gmt":"2025-12-08T07:38:12","slug":"otro-frenazo-al-granada-en-los-carmenes","status":"publish","type":"post","link":"https:\/\/www.europesays.com\/es\/277254\/","title":{"rendered":"Otro frenazo al Granada en Los C\u00e1rmenes"},"content":{"rendered":"<p>Frenazo al Granada en su estadio tras una primera parte primorosa, en la que mereci\u00f3 golear. La cerr\u00f3 con una pifia bajo palos de Luca  &#8230; Zidane, devuelto al tapete en un campo donde no luce. No recobraron el hilo los rojiblancos en la segunda mitad, precipitados como pocos d\u00edas, derrochando posesiones ante un Ceuta agazapado hasta el descanso, pero resuelto despu\u00e9s, contento de la torpeza de los anfitriones. <\/p>\n<p class=\"v-p\">Este equipo, su trayectoria lo confirma, es de poco gol. Si se adelanta, se convierte en fundamental proteger su renta. Viv\u00eda tranquilo durante un magisterio inicial estupendo, pero no contaban con la carencia de firmeza de su cancerbero. No tuvo m\u00e1s meteduras de pata, pero fue lo suficientemente lesiva. Nadie encontr\u00f3 la br\u00fajula y el fuelle cay\u00f3 sin reacci\u00f3n en ataque, todos a trompicones. <\/p>\n<p class=\"v-scr__t\">Granada CF <\/p>\n<p class=\"v-scr__p v-scr__p--3\">Luca Zidane; Oscar Naasei (Pau Casades\u00fas, m. 57), Manu Lama, Lo\u00efc Williams, Diallo; Rub\u00e9n Alcaraz (Manu Trigueros, m. 74), Pedro Alema\u00f1 (Gagnidze, m. 83), \u00c1lex Sola, Souleymane Faye; Arnaiz (Moha Bouldini, m. 83); y Jorge Pascual. <\/p>\n<p class=\"v-scr__n-c v-scr__n-c--1 \">\n 1\n<\/p>\n<p class=\"v-scr__n-c v-scr__n-c--2\">\n&#8211;\n<\/p>\n<p class=\"v-scr__t\">AD Ceuta <\/p>\n<p class=\"v-scr__p v-scr__p--3\">Vallejo; Aisar (Salvi S\u00e1nchez, m. 93), Carlos Hern\u00e1ndez, Diego Gonz\u00e1lez, Matos; Yann Bodiger, Rub\u00e9n D\u00edez (Youness, m. 87), Cristian Rodr\u00edguez (Josema, m. 93); Konrad de la Fuente (Kuki Zalazar, m. 78), Kone (Redru, m. 93) y Marcos Fern\u00e1ndez. <\/p>\n<ul class=\"v-u\">\n<li class=\"v-u__l\">\n<p class=\"v-p\">\nGOLES:<br \/>\n1-0, m. 19: Pedro Alema\u00f1; 1-1, m. 40: Cristian Rodr\u00edguez, de libre directo.\n<\/p>\n<\/li>\n<li class=\"v-u__l\">\n<p class=\"v-p\">\n\u00c1RBITRO:<br \/>\nCarlos Mu\u00f1iz Mu\u00f1oz (comit\u00e9 aragon\u00e9s). Amonest\u00f3 a los locales Alema\u00f1 (m. 34) y Oscar Naasei (m. 39); y a los visitantes Marcos Fern\u00e1ndez (m. 62) y Bodiger (m. 68).\n<\/p>\n<\/li>\n<li class=\"v-u__l\">\n<p class=\"v-p\">\nINCIDENCIAS:<br \/>\nPartido correspondiente a la jornada 17 de LaLiga Hypermotion, disputado en el estadio Nuevo Los C\u00e1rmenes ante 13.478 espectadores.\n<\/p>\n<\/li>\n<\/ul>\n<p class=\"v-p\">Un proceso gripal sac\u00f3 a Sergio Ruiz de la foto inicial, confirm\u00f3 el club antes de comenzar. Rub\u00e9n Alcaraz repiti\u00f3 en el centro del campo. No hubo explicaci\u00f3n previa para la titularidad de Luca Zidane, quiz\u00e1s porque Ander Astralaga no estaba al 100%. El caso es que el movimiento en el arco se convirti\u00f3 en decisivo. <\/p>\n<p class=\"v-p\">El Ceuta sac\u00f3 de centro y enhebr\u00f3 una jugada el\u00e9ctrica con tiro final del exrojiblanco Bodiger. No marc\u00f3 la t\u00f3nica del primer tiempo, pues el Granada se adue\u00f1\u00f3 de casi todos los acontecimientos. Los visitantes no presionaban la salida de bal\u00f3n de los anfitriones, que s\u00ed hostigaban. Lama se anticip\u00f3 en un quite y permiti\u00f3 que Arnaiz se colara por primera vez a trav\u00e9s del pasillo central, sufriendo una zancadilla que no se pit\u00f3. <\/p>\n<p class=\"v-p\">El talaverano tuvo una opci\u00f3n m\u00e1s clara tras un eslalon de \u00c1lex Sola, aventurero por naturaleza. Invadi\u00f3 el \u00e1rea contraria y se la toc\u00f3 a Arnaiz, quien quiso asegurar pero no contaba con la pierna estirada del lateral Aisar. Tampoco tuvo finura para concluir acto seguido con la zurda, despu\u00e9s de una recuperaci\u00f3n de Faye. <\/p>\n<p class=\"v-p\">Sola prob\u00f3 de lejos y hubo unos minutos de desconcierto posteriores por una atenci\u00f3n m\u00e9dica en un fondo por la que el partido no se detuvo, cosa que hizo cabrear a parte de los aficionados. El seguidor fue retirado en camilla y el partido prosigui\u00f3 con continuas llegadas rojiblancas. Una concluy\u00f3 en la red, pero en fuera de juego de Jorge Pascual. <\/p>\n<p class=\"v-p\">Sola buscaba una y otra vez a Arnaiz, bastante obtuso en sus intervenciones. En una, pretendi\u00f3 una dejada de espuela que se le hizo despeje para atr\u00e1s. El mediapunta no paraba de lamentarse hasta que lleg\u00f3 un fogonazo. Pascual apret\u00f3 al contrario y la pelota sali\u00f3 despedida mal por el Ceuta. Faye la pesc\u00f3 y reparti\u00f3 hacia Alema\u00f1, que maniobr\u00f3 como un genio. Se gir\u00f3 como en una ruleta con un delicioso control orientado con la derecha, penetr\u00f3 con decisi\u00f3n y solt\u00f3 la zurda para ajustar el esf\u00e9rico a un rinc\u00f3n de la meta. Cuarta diana del valenciano, que es un llegador fant\u00e1stico y un buen metr\u00f3nomo para el conjunto. <\/p>\n<p class=\"v-p\">Arnaiz quiso desquitarse de sus fallos con un chut de falta que pein\u00f3 Alcaraz ligeramente fuera, pero estaba en posici\u00f3n antirreglamentaria. Faye protagoniz\u00f3 un zigzag espl\u00e9ndido, con final abortado por Vallejo pr\u00e1cticamente a bocajarro. <\/p>\n<p class=\"v-p\">Segu\u00eda peleado Arnaiz con la pelota cuando en una de las pocas veces que el Ceuta lleg\u00f3 a las inmediaciones de Luca Zidane, Oscar se precipit\u00f3 con una falta lateral. Cristian se perfil\u00f3 desde una orientaci\u00f3n muy escorada. Chut\u00f3 fuerte, pero centrado, en teor\u00eda factible de detener para el portero, pero al francoargelino le pas\u00f3 el bal\u00f3n entre las manos por encima de su cabeza, una cantada sin paliativos por m\u00e1s que se quejara del movimiento de Pascual en la trayectoria. Cierta parte del respetable retom\u00f3 los silbidos que ya sufri\u00f3 en otras comparecencias anteriores a su suplencia. <\/p>\n<p class=\"v-p\">El 1-1, inmerecido en el c\u00f3mputo global, puso algo nervioso al Granada, aunque logr\u00f3 acabar el primer acto atacando en campo enemigo. <\/p>\n<p class=\"v-p\">El Ceuta se asom\u00f3 a la segunda mitad con algo m\u00e1s de gallard\u00eda. Oscar se enred\u00f3 en una salida y Rub\u00e9n D\u00edez logr\u00f3 chutar desde la corona, con una buena respuesta voladora de Luca en esta ocasi\u00f3n. Seguidamente, en la continuaci\u00f3n del c\u00f3rner, Diego Gonz\u00e1lez pein\u00f3 la pelota en sus mismos morros, pero le libr\u00f3 de m\u00e1s penurias el larguero. M\u00e1s dudas en el de los guantes. <\/p>\n<p class=\"v-p\">El encuentro era pura anarqu\u00eda y hasta hubo una segunda atenci\u00f3n m\u00e9dica en grada para mayor preocupaci\u00f3n de los hinchas m\u00e1s cercanos. Pacheta, mientras, busc\u00f3 filo con Pau Casades\u00fas por Oscar, pero todo segu\u00eda empantanado. El Ceuta se recreaba en cada par\u00f3n y exageraba para dejar pasar el tiempo sin incidencias. <\/p>\n<p class=\"v-p\">Arnaiz fastidi\u00f3 otro mano a mano en un contragolpe, aunque de nuevo debi\u00f3 arrancar tarde porque la oportunidad tambi\u00e9n se invalid\u00f3. Se precipitaban los rojiblancos sin cesar, les costaba trenzar m\u00e1s de cuatro pases. Por ello, Pacheta acudi\u00f3 a Trigueros. Pascual, bastante desapercibido, intent\u00f3 un lanzamiento que se fue alto. Una aparici\u00f3n aislada, todos en la escuadra continuaban inc\u00f3modos. <\/p>\n<p class=\"v-p\">Qued\u00f3 el \u00faltimo turno para Gagnidze y Bouldini. La afici\u00f3n ceut\u00ed hasta core\u00f3 \u00abol\u00e9s\u00bb ante una secuencia de los suyos mientras los rojiblancos les persegu\u00edan. Bouldini se quej\u00f3, con raz\u00f3n, de un agarr\u00f3n en el \u00e1rea, pero el \u00e1rbitro puso el list\u00f3n muy alto. Nada qued\u00f3 para aliviarse. Otro tren que pasa por la estaci\u00f3n sin que el Granada se mueva del apeadero.\u00a0<\/p>\n","protected":false},"excerpt":{"rendered":"Frenazo al Granada en su estadio tras una primera parte primorosa, en la que mereci\u00f3 golear. La cerr\u00f3&hellip;\n","protected":false},"author":2,"featured_media":277255,"comment_status":"","ping_status":"","sticky":false,"template":"","format":"standard","meta":{"footnotes":""},"categories":[268],"tags":[49088,168,25,24,280,36669,282,494,281,23,167],"class_list":{"0":"post-277254","1":"post","2":"type-post","3":"status-publish","4":"format-standard","5":"has-post-thumbnail","7":"category-futbol","8":"tag-carmenes","9":"tag-deportes","10":"tag-es","11":"tag-espana","12":"tag-football","13":"tag-frenazo","14":"tag-futbol","15":"tag-granada","16":"tag-soccer","17":"tag-spain","18":"tag-sports"},"share_on_mastodon":{"url":"https:\/\/pubeurope.com\/@es\/115682810711492944","error":""},"_links":{"self":[{"href":"https:\/\/www.europesays.com\/es\/wp-json\/wp\/v2\/posts\/277254","targetHints":{"allow":["GET"]}}],"collection":[{"href":"https:\/\/www.europesays.com\/es\/wp-json\/wp\/v2\/posts"}],"about":[{"href":"https:\/\/www.europesays.com\/es\/wp-json\/wp\/v2\/types\/post"}],"author":[{"embeddable":true,"href":"https:\/\/www.europesays.com\/es\/wp-json\/wp\/v2\/users\/2"}],"replies":[{"embeddable":true,"href":"https:\/\/www.europesays.com\/es\/wp-json\/wp\/v2\/comments?post=277254"}],"version-history":[{"count":0,"href":"https:\/\/www.europesays.com\/es\/wp-json\/wp\/v2\/posts\/277254\/revisions"}],"wp:featuredmedia":[{"embeddable":true,"href":"https:\/\/www.europesays.com\/es\/wp-json\/wp\/v2\/media\/277255"}],"wp:attachment":[{"href":"https:\/\/www.europesays.com\/es\/wp-json\/wp\/v2\/media?parent=277254"}],"wp:term":[{"taxonomy":"category","embeddable":true,"href":"https:\/\/www.europesays.com\/es\/wp-json\/wp\/v2\/categories?post=277254"},{"taxonomy":"post_tag","embeddable":true,"href":"https:\/\/www.europesays.com\/es\/wp-json\/wp\/v2\/tags?post=277254"}],"curies":[{"name":"wp","href":"https:\/\/api.w.org\/{rel}","templated":true}]}}