{"id":277266,"date":"2025-12-08T07:47:09","date_gmt":"2025-12-08T07:47:09","guid":{"rendered":"https:\/\/www.europesays.com\/es\/277266\/"},"modified":"2025-12-08T07:47:09","modified_gmt":"2025-12-08T07:47:09","slug":"por-los-100-anos-de-carmen-martin-gaite-entramos-en-la-casa-familiar-en-el-boalo-hay-fotos-que-no-se-han-visto-nunca-cuadros-y-objetos-esta-la-biblioteca-la-gente-suele-sorprende","status":"publish","type":"post","link":"https:\/\/www.europesays.com\/es\/277266\/","title":{"rendered":"Por los 100 a\u00f1os de Carmen Mart\u00edn Gaite, entramos en la casa familiar en El Boalo: \u201cHay fotos que no se han visto nunca, cuadros y objetos, est\u00e1 la biblioteca\u2026 La gente suele sorprenderse de que est\u00e9 tan llena de cosas\u201d"},"content":{"rendered":"<p>En los a\u00f1os 50, el matrimonio <strong>Mart\u00edn Gaite<\/strong> adquiri\u00f3 en el municipio de El Boalo un terreno, con la intenci\u00f3n de construir una casa que sustituyera a la que la familia acababa de vender en la localidad orensana de San Lorenzo de Pi\u00f1or. Afincados en una vivienda del n\u00famero 35 de la calle de Alcal\u00e1 desde hac\u00eda a\u00f1os, el padre y la madre de <strong>Carmen y Ana Mar\u00eda Mart\u00edn Gaite<\/strong> hab\u00edan decidido no embarcarse m\u00e1s en esos largos y agotadores trayectos que requer\u00eda un viaje a Galicia, por lo que una casa en las cercan\u00edas de la capital resultaba mejor soluci\u00f3n.<\/p>\n<p>A partir de entonces, la vivienda, construida con ese caracter\u00edstico estilo arquitect\u00f3nico de granito y madera de la sierra madrile\u00f1a, se convirti\u00f3 en el lugar para pasar fines de semana, puentes, vacaciones y, posteriormente, temporadas m\u00e1s largas. \u201cA partir de que don Jos\u00e9 se jubilase, pasaban varios meses aqu\u00ed y regresaban a la casa de Madrid cuando empezaba a hacer fr\u00edo. Luego, cuando los padres fallecieron, la que se hizo cargo de la casa fue Anita, la hermana de Carmen\u201d, apunta <strong>Patricia Caprile Trucchi<\/strong>, amiga de la familia, vicepresidenta de la Fundaci\u00f3n Mart\u00edn Gaite y encargada de la visitas guiadas que, una vez al mes, se organizan para conocer la casa.<\/p>\n<p><img decoding=\"async\" alt=\"Entrada de la casa.\" loading=\"lazy\" class=\"ResponsiveImageContainer-eNxvmU cfBbTk responsive-image__image\"   src=\"https:\/\/www.europesays.com\/es\/wp-content\/uploads\/2025\/12\/Entrada-de-Anita.jpg\"\/><\/p>\n<p>\u201cEmpezamos a hacer las visitas ya en vida de Anita. La gente se presentaba y entraba porque ella siempre ten\u00eda la puerta de la cancela abierta y, claro, hab\u00eda veces que se presentaban a deshoras, como a la hora de comer. Aunque fuera su casa y su intimidad, Anita nunca sab\u00eda decir que no \u2014recuerda Patricia Caprile\u2014. Por eso decidimos que, una vez cada poco tiempo, d\u00e1bamos cabida a una visita. Al principio, ella ense\u00f1aba la planta baja, que era donde viv\u00eda, y a m\u00ed me mandaba a la parte de arriba, a ense\u00f1ar la torre, que es donde est\u00e1n todas las cosas de Carmi\u00f1a, aunque ese espacio ella no lleg\u00f3 a conocerlo, sino que fue un espacio que Anita hizo para albergar todas esas pertenencias despu\u00e9s de que ella muriera\u201d.<\/p>\n<p>A pesar de que El Boalo era la vivienda familiar y de que Carmen Mart\u00edn Gaite acud\u00eda con frecuencia, la escritora nunca ocult\u00f3 su preferencia por la vida de la ciudad y por su piso de la calle Doctor Esquerdo. De hecho, tras la muerte de sus padres y de su hija, <strong>Marta Ferlosio Mart\u00edn<\/strong>, la escritora decidi\u00f3 no volver a El Boalo por una larga temporada.<\/p>\n","protected":false},"excerpt":{"rendered":"En los a\u00f1os 50, el matrimonio Mart\u00edn Gaite adquiri\u00f3 en el municipio de El Boalo un terreno, con&hellip;\n","protected":false},"author":2,"featured_media":277267,"comment_status":"","ping_status":"","sticky":false,"template":"","format":"standard","meta":{"footnotes":""},"categories":[91],"tags":[146,147,25,24,225,23],"class_list":{"0":"post-277266","1":"post","2":"type-post","3":"status-publish","4":"format-standard","5":"has-post-thumbnail","7":"category-entretenimiento","8":"tag-entertainment","9":"tag-entretenimiento","10":"tag-es","11":"tag-espana","12":"tag-libros","13":"tag-spain"},"share_on_mastodon":{"url":"https:\/\/pubeurope.com\/@es\/115682846517065324","error":""},"_links":{"self":[{"href":"https:\/\/www.europesays.com\/es\/wp-json\/wp\/v2\/posts\/277266","targetHints":{"allow":["GET"]}}],"collection":[{"href":"https:\/\/www.europesays.com\/es\/wp-json\/wp\/v2\/posts"}],"about":[{"href":"https:\/\/www.europesays.com\/es\/wp-json\/wp\/v2\/types\/post"}],"author":[{"embeddable":true,"href":"https:\/\/www.europesays.com\/es\/wp-json\/wp\/v2\/users\/2"}],"replies":[{"embeddable":true,"href":"https:\/\/www.europesays.com\/es\/wp-json\/wp\/v2\/comments?post=277266"}],"version-history":[{"count":0,"href":"https:\/\/www.europesays.com\/es\/wp-json\/wp\/v2\/posts\/277266\/revisions"}],"wp:featuredmedia":[{"embeddable":true,"href":"https:\/\/www.europesays.com\/es\/wp-json\/wp\/v2\/media\/277267"}],"wp:attachment":[{"href":"https:\/\/www.europesays.com\/es\/wp-json\/wp\/v2\/media?parent=277266"}],"wp:term":[{"taxonomy":"category","embeddable":true,"href":"https:\/\/www.europesays.com\/es\/wp-json\/wp\/v2\/categories?post=277266"},{"taxonomy":"post_tag","embeddable":true,"href":"https:\/\/www.europesays.com\/es\/wp-json\/wp\/v2\/tags?post=277266"}],"curies":[{"name":"wp","href":"https:\/\/api.w.org\/{rel}","templated":true}]}}