{"id":27727,"date":"2025-08-05T18:02:08","date_gmt":"2025-08-05T18:02:08","guid":{"rendered":"https:\/\/www.europesays.com\/es\/27727\/"},"modified":"2025-08-05T18:02:08","modified_gmt":"2025-08-05T18:02:08","slug":"yurena-antes-conocida-como-tamara-anuncia-el-concierto-mas-importante-de-su-carrera-el-ano-que-viene-en-madrid","status":"publish","type":"post","link":"https:\/\/www.europesays.com\/es\/27727\/","title":{"rendered":"Yurena (antes conocida como Tamara) anuncia \u00abel concierto m\u00e1s importante\u00bb de su carrera el a\u00f1o que viene en Madrid"},"content":{"rendered":"<p class=\"article-text\">\n        Yurena, la artista que salt\u00f3 a la fama como Tamara y que estos d\u00edas vuelve a estar bajo el foco gracias a la serie de televisi\u00f3n sobre sus or\u00edgenes, ha anunciado este martes la celebraci\u00f3n el pr\u00f3ximo 23 de marzo en el Palacio Vistalegre de Madrid del concierto \u201cm\u00e1s importante\u201d de su vida.\n    <\/p>\n<p class=\"article-text\">\n        Titulado Yurena: El concierto que nunca fue, su promotora lo califica como \u201cun acto de justicia social\u201d para valorar m\u00e1s su faceta como cantante o \u201cuna cita \u00fanica que reescribe la historia de una artista a la que la televisi\u00f3n convirti\u00f3 en fen\u00f3meno y el tiempo, en leyenda\u201d.\n    <\/p>\n<p class=\"article-text\">\n        Ser\u00e1 \u201cun show cuidado, grande, lleno de respeto y con toda la \u00e9pica que merece su carrera\u201d, de acuerdo con el comunicado de Locamente, la compa\u00f1\u00eda responsable del espect\u00e1culo y de haber reimpulsado en los \u00faltimos tiempos a otras figuras como Melody y el d\u00fao Sonia y Selena.\n    <\/p>\n<blockquote class=\"instagram-media\" data-instgrm-version=\"14\" data-instgrm-permalink=\"https:\/\/www.instagram.com\/p\/DM-ivFBt0lr\/\"\/>\n<p class=\"article-text\">\n        A trav\u00e9s de su web ser\u00e1 posible adquirir las entradas a partir de las 12:00 horas de este jueves, 7 de agosto. El anuncio del concierto llega tras el estreno en Netflix de la serie Superestar, dirigida por Nacho Vigalondo y producida por Los Javis, que aporta una nueva visi\u00f3n sobre el momento en el que la cantante se convirti\u00f3 en un fen\u00f3meno y un aut\u00e9ntico icono popular a comienzos de la d\u00e9cada de 2000 tras el lanzamiento de la canci\u00f3n No cambi\u00e9.\n    <\/p>\n<p class=\"article-text\">\n        La sinopsis de la serie informa que la historia lleva al espectador \u201cde vuelta a los estramb\u00f3ticos a\u00f1os de principios de los 2000\u201d, siendo as\u00ed una serie que reimagina \u201ccomo nunca antes la vida del icono pop Tamara y su metamorfosis en Yurena\u201d.\n    <\/p>\n<p>    <a href=\"https:\/\/www.eldiario.es\/cultura\/deberes-ministerio-cultura-vuelta-vacaciones-cine-incautaciones-descolonizacion_1_12505683.html\" data-mrf-recirculation=\"saber-mas-abajo\" data-dl-event=\"saber-mas-abajo\" rel=\"nofollow noopener\" target=\"_blank\"><\/p>\n<p class=\"know-more__title\">Los deberes del Ministerio de Cultura para la vuelta de las vacaciones: el cine, las incautaciones y la descolonizaci\u00f3n<\/p>\n<p>            <img decoding=\"async\" class=\"lazy\" loading=\"lazy\" data-src=\"https:\/\/static.eldiario.es\/clip\/93c746ea-3bd2-4391-92b6-79eaa0c4fb72_16-9-aspect-ratio_default_0_x1877y631.jpg\" src=\"data:image\/svg+xml,%3Csvg xmlns=\" http:=\"\" viewbox=\"0 0 880 495\" alt=\"Los deberes del Ministerio de Cultura para la vuelta de las vacaciones: el cine, las incautaciones y la descolonizaci\u00f3n\"\/><\/p>\n<p>                        <\/a><\/p>\n<p class=\"article-text\">\n        \u201cLa justicia pop ya tiene fecha. Yurena, la artista que cambi\u00f3 la tele, rompi\u00f3 esquemas y se convirti\u00f3 en icono pese a todo y a todos, presenta el concierto m\u00e1s importante de su vida\u201d, ha escrito su promotera en redes sociales. \u201cUn evento \u00fanico, redentor y can\u00f3nico. Un repaso a su carrera, su m\u00fasica, sus s\u00edmbolos y su leyenda. Porque si Tamara fue un fen\u00f3meno, Yurena es historia. Y este es el show que siempre mereci\u00f3\u201d, ha a\u00f1adido en una publicaci\u00f3n de Instagram.\n    <\/p>\n<p>                                <script async src=\"\/\/www.instagram.com\/embed.js\"><\/script><\/p>\n","protected":false},"excerpt":{"rendered":"Yurena, la artista que salt\u00f3 a la fama como Tamara y que estos d\u00edas vuelve a estar bajo&hellip;\n","protected":false},"author":2,"featured_media":27728,"comment_status":"","ping_status":"","sticky":false,"template":"","format":"standard","meta":{"footnotes":""},"categories":[91],"tags":[15093,4187,4860,2339,146,147,25,24,908,205,15094,23,12671],"class_list":{"0":"post-27727","1":"post","2":"type-post","3":"status-publish","4":"format-standard","5":"has-post-thumbnail","7":"category-entretenimiento","8":"tag-15093","9":"tag-anuncia","10":"tag-carrera","11":"tag-concierto","12":"tag-entertainment","13":"tag-entretenimiento","14":"tag-es","15":"tag-espana","16":"tag-importante","17":"tag-madrid","18":"tag-marzo","19":"tag-spain","20":"tag-yurena"},"share_on_mastodon":{"url":"","error":""},"_links":{"self":[{"href":"https:\/\/www.europesays.com\/es\/wp-json\/wp\/v2\/posts\/27727","targetHints":{"allow":["GET"]}}],"collection":[{"href":"https:\/\/www.europesays.com\/es\/wp-json\/wp\/v2\/posts"}],"about":[{"href":"https:\/\/www.europesays.com\/es\/wp-json\/wp\/v2\/types\/post"}],"author":[{"embeddable":true,"href":"https:\/\/www.europesays.com\/es\/wp-json\/wp\/v2\/users\/2"}],"replies":[{"embeddable":true,"href":"https:\/\/www.europesays.com\/es\/wp-json\/wp\/v2\/comments?post=27727"}],"version-history":[{"count":0,"href":"https:\/\/www.europesays.com\/es\/wp-json\/wp\/v2\/posts\/27727\/revisions"}],"wp:featuredmedia":[{"embeddable":true,"href":"https:\/\/www.europesays.com\/es\/wp-json\/wp\/v2\/media\/27728"}],"wp:attachment":[{"href":"https:\/\/www.europesays.com\/es\/wp-json\/wp\/v2\/media?parent=27727"}],"wp:term":[{"taxonomy":"category","embeddable":true,"href":"https:\/\/www.europesays.com\/es\/wp-json\/wp\/v2\/categories?post=27727"},{"taxonomy":"post_tag","embeddable":true,"href":"https:\/\/www.europesays.com\/es\/wp-json\/wp\/v2\/tags?post=27727"}],"curies":[{"name":"wp","href":"https:\/\/api.w.org\/{rel}","templated":true}]}}