{"id":277281,"date":"2025-12-08T08:01:10","date_gmt":"2025-12-08T08:01:10","guid":{"rendered":"https:\/\/www.europesays.com\/es\/277281\/"},"modified":"2025-12-08T08:01:10","modified_gmt":"2025-12-08T08:01:10","slug":"el-espanyol-noquea-al-rayo-y-ya-tontea-con-la-champions","status":"publish","type":"post","link":"https:\/\/www.europesays.com\/es\/277281\/","title":{"rendered":"El Espanyol noquea al Rayo y ya tontea con la Champions"},"content":{"rendered":"<p data-gtm-element-container=\"modulo-texto-link\" class=\"paragraph\">Fiesta grande en el <strong>RCDE Stadium<\/strong>. El <strong>Espanyol <\/strong>venci\u00f3 este domingo al <strong>Rayo <\/strong>con un solitario gol de penalti de <strong>Roberto <\/strong>y ya es quinto en la clasificaci\u00f3n de <strong>Liga<\/strong>, a s\u00f3lo 4 puntos de los puestos de <strong>Champions<\/strong>, s\u00ed el sue\u00f1o europeo sigue muy vivo con 27 puntos tras el \u00faltimo partido jugado en casa en este  2025. El mejor arranque del <strong>Espanyol <\/strong>en los \u00faltimos 15 a\u00f1os.<\/p>\n<p data-gtm-element-container=\"modulo-texto-link\" class=\"paragraph\">En una tarde de sufrimiento, marca de la casa, el <strong>Espanyol <\/strong>alivi\u00f3 el rid\u00edculo copero y at\u00f3 una victoria de oro y trabajad\u00edsima para seguir en la pomada europea tras un duelo intenso y el\u00e9ctrico, acabando los dos equipos con diez jugadores por las expulsiones de <strong>Unai <\/strong>y <strong>Dolan<\/strong>. Tres puntos que se celebraron a lo grande con una brutal comuni\u00f3n de los jugadores con la grada al acabar el duelo.<\/p>\n<p>[+] Mira el resumen en datos del partido:<\/p>\n<p>            <img decoding=\"async\" alt=\"El Espanyol noquea al Rayo y ya tontea con la Champions\" heigth=\"3000\" width=\"544\" src=\"https:\/\/www.europesays.com\/es\/wp-content\/uploads\/2025\/12\/6935d90461778.jpeg\" class=\"lazy\"\/><\/p>\n<p>                 Video<\/p>\n<p class=\"caption-title video-caption-title \">Victoria del Espanyol ante el Rayo en el RCDE Stadium<\/p>\n<p>            <video data-source=\"jwplatform\" video-id=\"XlD2AfwL\"\/><\/p>\n<p data-gtm-element-container=\"modulo-texto-link\" class=\"paragraph\">Tercera victoria que enlazan los pericos en la <strong>Liga <\/strong>y quintos. Mucho m\u00e9rito y la mejor medicina para olvidar el <strong>KO <\/strong>copero del <strong>Espanyol<\/strong>. Mientras que el <strong>Rayo <\/strong>desaprovecha la ocasi\u00f3n de haber puntuado para acercarse a la zona europea de la tabla, se queda en tierra de nadie.<\/p>\n<p data-gtm-element-container=\"modulo-texto-link\" class=\"paragraph\"><strong>Manolo Gonz\u00e1lez <\/strong>volvi\u00f3 a su once de gala tras los experimentos en la bochornosa <strong>Copa <\/strong>y solo hizo un cambio en su once respecto al equipo que salt\u00f3 en <strong>Bala\u00eddos<\/strong>: <strong>Edu Exp\u00f3sito<\/strong> sali\u00f3 por <strong>Terrats<\/strong>.<\/p>\n<p data-gtm-element-container=\"modulo-texto-link\" class=\"paragraph\">Al <strong>Espanyol <\/strong>se le vio muy enchufado desde el primer suspiro, un mensaje a la afici\u00f3n avisando que no se ver\u00eda el futbol ni la p\u00e9sima actitud de la <strong>Copa<\/strong>. Y en el minuto 3 <strong>Dolan <\/strong>dio el primer susto tras un gran centro de <strong>Pere Milla<\/strong>.  Mord\u00edan los pericos en un inicio arrollador y <strong>Calero <\/strong>tuvo la primera clar\u00edsima en el 7\u2019. A bal\u00f3n parado, la especialidad de la casa, <strong>Edu Exp\u00f3sito <\/strong>puso un caramelo en forma de centro que remat\u00f3 de cabeza <strong>Calero<\/strong>, acariciando el travesa\u00f1o. Se gustaba el <strong>Espanyol <\/strong>ante un  <strong>Rayo <\/strong>que no se despertaba.<\/p>\n<p data-gtm-element-container=\"modulo-texto-link\" class=\"paragraph\">Dominaba el once catal\u00e1n con un juego vertical y el\u00e9ctrico, aunque a partir del primer cuarto el <strong>Rayo <\/strong>se limpi\u00f3 las lega\u00f1as y el duelo se equilibr\u00f3. Y asust\u00f3 por primera vez. En el 18\u2019 <strong>Dmitrovic <\/strong>result\u00f3 providencial para desviar un chut a bocajarro de <strong>Unai L\u00f3pez<\/strong>, que no aprovech\u00f3 un error de <strong>Urko <\/strong>para haber abierto el mel\u00f3n. Se equilibr\u00f3 el partido, m\u00e1s incisivo el <strong>Espanyol <\/strong>pero el <strong>Rayo<\/strong>, sobre todo por la banda de <strong>Ratiu<\/strong>, dejaba claro que pod\u00eda hacer un roto a los locales en cualquier momento.<\/p>\n<p data-gtm-element-container=\"modulo-texto-link\" class=\"paragraph\">Y cuando parec\u00eda que el partido se ir\u00eda al descanso con el 0-0, jugada clave a favor de los pericos. <strong>Dolan <\/strong>se fue con todo y cay\u00f3 en el \u00e1rea por culpa de <strong>Chavarr\u00eda<\/strong>.\u2009Penalti que ratific\u00f3 el <strong>VAR <\/strong>y que transform\u00f3 de lujo <strong>Roberto<\/strong>, poniendo el 1-0 en el luminoso.<\/p>\n<blockquote class=\"twitter-tweet\" data-lang=\"es\"><p>\n<a href=\"https:\/\/twitter.com\/MovistarFutbol\/status\/1997731207967343051?s=20\" rel=\"nofollow noopener\" target=\"_blank\">\n<\/p><\/blockquote>\n<p data-gtm-element-container=\"modulo-texto-link\" class=\"paragraph\">Antes del descanso <strong>Dolan <\/strong>volvi\u00f3 a ser protagonista pues pudo provocar la expulsi\u00f3n de <strong>Mendy<\/strong> cuando se iba hasta la cocina y era el \u00faltimo defensor, pero el colegiado s\u00f3lo le mostr\u00f3 la amarilla.<\/p>\n<p>    Lee tambi\u00e9n<\/p>\n<p data-gtm-element-container=\"modulo-texto-link\" class=\"paragraph\">En la reanudaci\u00f3n, similar guion del primer acto, el <strong>Espanyol <\/strong>sali\u00f3 dominador y mordiendo, buscando el segundo. Y en el 48\u2019 un  testarazo de <strong>Cabrera <\/strong>tras un c\u00f3rner servido por <strong>Exp\u00f3sito <\/strong>no supuso el segundo local por la buena intervenci\u00f3n del meta <strong>Batalla<\/strong>.<\/p>\n<p>                     Galer\u00eda<\/p>\n<p>                <img loading=\"lazy\" decoding=\"async\" data-full-src=\"https:\/\/www.mundodeportivo.com\/uploads\/2025\/12\/07\/6935d9370a042.jpeg\" alt=\"Horizontal\" src=\"https:\/\/www.europesays.com\/es\/wp-content\/uploads\/2025\/12\/6935d9370a042.jpeg\" class=\"lazy\" width=\"449\" height=\"299\"\/><\/p>\n<p>                    <a class=\"caption-title \" href=\"https:\/\/www.mundodeportivo.com\/futbol\/laliga\/20251207\/1002582997\/espanyol-rayo-imagenes.html\" rel=\"nofollow noopener\" target=\"_blank\">Espanyol &#8211; Rayo, en im\u00e1genes<\/a><\/p>\n<p>                    Toni Albir \/ EFE<\/p>\n<p data-gtm-element-container=\"modulo-texto-link\" class=\"paragraph\">No redujo la marcha el <strong>Espanyol <\/strong>y sigui\u00f3 mandando ante un <strong>Rayo <\/strong>desconocido. <strong>Manolo<\/strong> movi\u00f3 fichas y sali\u00f3 <strong>Pickel <\/strong>por <strong>Lozano <\/strong>que ten\u00eda una amarilla. El <strong>Espanyol <\/strong>se vino arriba y la buena presi\u00f3n que ejerc\u00eda a la salida del bal\u00f3n de los madrile\u00f1os tuvo sus frutos.\u2009En el 64\u2019 <strong>Edu Exp\u00f3sito <\/strong>rob\u00f3 un bal\u00f3n y fue objeto de una clara falta de <strong>Unai L\u00f3pez<\/strong>, segunda amarilla y consiguiente roja, y\u00e9ndose a la ducha antes de tiempo y dejando al <strong>Rayo <\/strong>con diez con media hora por delante. Pintaba rosa para un <strong>Espanyol <\/strong>que mord\u00eda buscando la sentencia, aculando al <strong>Rayo<\/strong>.<\/p>\n<tr>\n<td class=\"equipo rojobg\">Espanyol<\/td>\n<td class=\"equipo negrobg\">Rayo Vallecano<\/td>\n<\/tr>\n<tr>\n<td class=\"resultado\">\n<p>1<\/p>\n<\/td>\n<td class=\"resultado\">\n<p>0<\/p>\n<\/td>\n<\/tr>\n<tr>\n<td align=\"left\" valign=\"middle\" width=\"36.79%\">\n13 M. Dmitrovi\u0107 <\/td>\n<td valign=\"middle\" align=\"right\" width=\"18.49\"\/>\n<td align=\"left\" valign=\"middle\" width=\"36.79%\">\n13 A. Batalla <\/td>\n<td valign=\"middle\" align=\"right\" width=\"18.49\"\/>\n<\/tr>\n<tr>\n<td align=\"left\" valign=\"middle\" width=\"36.79%\">\n23 Omar El Hilali <\/td>\n<td valign=\"middle\" align=\"right\" width=\"18.49\"\/>\n<td align=\"left\" valign=\"middle\" width=\"36.79%\">\n2 Andrei Ra\u021biu <\/td>\n<td valign=\"middle\" align=\"right\" width=\"18.49\"\/>\n<\/tr>\n<tr>\n<td align=\"left\" valign=\"middle\" width=\"36.79%\">\n5 F. Calero <\/td>\n<td valign=\"middle\" align=\"right\" width=\"18.49\"\/>\n<td align=\"left\" valign=\"middle\" width=\"36.79%\">\n24 Florian Lejeune <\/td>\n<td valign=\"middle\" align=\"right\" width=\"18.49\"\/>\n<\/tr>\n<tr>\n<td align=\"left\" valign=\"middle\" width=\"36.79%\">\n6 L. Cabrera <\/td>\n<td valign=\"middle\" align=\"right\" width=\"18.49\"\/>\n<td align=\"left\" valign=\"middle\" width=\"36.79%\">\n32 Nobel Mendy 86&#8242;<\/td>\n<td valign=\"middle\" align=\"right\" width=\"18.49\"\/>\n<\/tr>\n<tr>\n<td align=\"left\" valign=\"middle\" width=\"36.79%\">\n22 Carlos Romero <\/td>\n<td valign=\"middle\" align=\"right\" width=\"18.49\"\/>\n<td align=\"left\" valign=\"middle\" width=\"36.79%\">\n(11 Randy Nteka)\n<\/td>\n<td valign=\"middle\" align=\"right\" width=\"18.49\"\/>\n<\/tr>\n<tr>\n<td align=\"left\" valign=\"middle\" width=\"36.79%\">\n4 Urko Gonz\u00e1lez <\/td>\n<td valign=\"middle\" align=\"right\" width=\"18.49\"\/>\n<td align=\"left\" valign=\"middle\" width=\"36.79%\">\n3 Pep Chavarr\u00eda <\/td>\n<td valign=\"middle\" align=\"right\" width=\"18.49\"\/>\n<\/tr>\n<tr>\n<td align=\"left\" valign=\"middle\" width=\"36.79%\">\n10 Pol Lozano 56&#8242;<\/td>\n<td valign=\"middle\" align=\"right\" width=\"18.49\"\/>\n<td align=\"left\" valign=\"middle\" width=\"36.79%\">\n23 \u00d3scar Valent\u00edn <\/td>\n<td valign=\"middle\" align=\"right\" width=\"18.49\"\/>\n<\/tr>\n<tr>\n<td align=\"left\" valign=\"middle\" width=\"36.79%\">\n(18 C. Pickel)\n<\/td>\n<td valign=\"middle\" align=\"right\" width=\"18.49\"\/>\n<td align=\"left\" valign=\"middle\" width=\"36.79%\">\n17 Unai L\u00f3pez <\/td>\n<td valign=\"middle\" align=\"right\" width=\"18.49\"\/>\n<\/tr>\n<tr>\n<td align=\"left\" valign=\"middle\" width=\"36.79%\">\n24 Tyrhys Dolan <\/td>\n<td valign=\"middle\" align=\"right\" width=\"18.49\"\/>\n<td align=\"left\" valign=\"middle\" width=\"36.79%\">\n7 Isi Palaz\u00f3n <\/td>\n<td valign=\"middle\" align=\"right\" width=\"18.49\"\/>\n<\/tr>\n<tr>\n<td align=\"left\" valign=\"middle\" width=\"36.79%\">\n8 Edu Exp\u00f3sito 80&#8242;<\/td>\n<td valign=\"middle\" align=\"right\" width=\"18.49\"\/>\n<td align=\"left\" valign=\"middle\" width=\"36.79%\">\n15 G. Gumbau 52&#8242;<\/td>\n<td valign=\"middle\" align=\"right\" width=\"18.49\"\/>\n<\/tr>\n<tr>\n<td align=\"left\" valign=\"middle\" width=\"36.79%\">\n(14 Ram\u00f3n Terrats)\n<\/td>\n<td valign=\"middle\" align=\"right\" width=\"18.49\"\/>\n<td align=\"left\" valign=\"middle\" width=\"36.79%\">\n(10 Sergio Camello)\n<\/td>\n<td valign=\"middle\" align=\"right\" width=\"18.49\"\/>\n<\/tr>\n<tr>\n<td align=\"left\" valign=\"middle\" width=\"36.79%\">\n11 Pere Milla 89&#8242;<\/td>\n<td valign=\"middle\" align=\"right\" width=\"18.49\"\/>\n<td align=\"left\" valign=\"middle\" width=\"36.79%\">\n21 Fran P\u00e9rez 70&#8242;<\/td>\n<td valign=\"middle\" align=\"right\" width=\"18.49\"\/>\n<\/tr>\n<tr>\n<td align=\"left\" valign=\"middle\" width=\"36.79%\">\n(2 Rub\u00e9n S\u00e1nchez)\n<\/td>\n<td valign=\"middle\" align=\"right\" width=\"18.49\"\/>\n<td align=\"left\" valign=\"middle\" width=\"36.79%\">\n(20 Iv\u00e1n Balliu)\n<\/td>\n<td valign=\"middle\" align=\"right\" width=\"18.49\"\/>\n<\/tr>\n<tr>\n<td align=\"left\" valign=\"middle\" width=\"36.79%\">\n9 Roberto 80&#8242;<\/td>\n<td valign=\"middle\" align=\"right\" width=\"18.49\"\/>\n<td align=\"left\" valign=\"middle\" width=\"36.79%\">\n19 Jorge De Frutos 70&#8242;<\/td>\n<td valign=\"middle\" align=\"right\" width=\"18.49\"\/>\n<\/tr>\n<tr>\n<td align=\"left\" valign=\"middle\" width=\"36.79%\">\n(19 Kike Garc\u00eda)\n<\/td>\n<td valign=\"middle\" align=\"right\" width=\"18.49\"\/>\n<td align=\"left\" valign=\"middle\" width=\"36.79%\">\n(18 \u00c1lvaro Garc\u00eda)\n<\/td>\n<td valign=\"middle\" align=\"right\" width=\"18.49\"\/>\n<\/tr>\n<tr>\n<td align=\"left\" valign=\"middle\" width=\"36.79%\">\n <\/td>\n<td valign=\"middle\" align=\"right\" width=\"18.49\"\/>\n<td align=\"left\" valign=\"middle\" width=\"36.79%\">\n <\/td>\n<td valign=\"middle\" align=\"right\" width=\"18.49\"\/>\n<\/tr>\n<p class=\"negrita\">Goles:(1-0) Roberto (39&#8242;) <\/p>\n<p class=\"negrita\">Tarjetas:L Unai L\u00f3pez (16&#8242;), Pol Lozano (31&#8242;), Nobel Mendy (42&#8242;), G. Gumbau (50&#8242;), \u00d3scar Valent\u00edn (63&#8242;), Pep Chavarr\u00eda (73&#8242;), Urko Gonz\u00e1lez (76&#8242;), Tyrhys Dolan (77&#8242;), A. Batalla (87&#8242;), Iv\u00e1n Balliu (96&#8242;)L Unai L\u00f3pez (64&#8242;), Tyrhys Dolan (87&#8242;)<\/p>\n<p class=\"negrita\">\u00c1rbitro: Jos\u00e9 Mar\u00eda S\u00e1nchez Mart\u00ednez<\/p>\n<p class=\"negrita\">Espectadores: 28.110 en el RCDE Stadium<\/p>\n<tr class=\"lomejor\">\n<td class=\"topo mejor\"\/>\n<td align=\"left\" class=\"comentario\">\nLO MEJOR El Espanyol encadena su tercera victoria y se encarama arriba, la mejor medicina contra el rev\u00e9s copero<\/td>\n<\/tr>\n<tr class=\"lopeor\">\n<td class=\"topo peor\"\/>\n<td align=\"left\" class=\"comentario\">\nLO PEOR La actuaci\u00f3n del \u00e1rbitro y la rigurosa roja de Dolan<\/td>\n<\/tr>\n<p data-gtm-element-container=\"modulo-texto-link\" class=\"paragraph\">Se calent\u00f3 el duelo y el colegiado  par\u00f3 el partido varios minutos para cotejar una posible mano de <strong>Mendy <\/strong>en el \u00e1rea, lance que acab\u00f3 en nada pero elev\u00f3 la electricidad de un partido re\u00f1ido y que sacaba chispas, salpicado de faltas.<\/p>\n<p data-gtm-element-container=\"modulo-texto-link\" class=\"paragraph\">Los de <strong>Manolo <\/strong>segu\u00edan a lo suyo, presionando con todo y atacando con veneno y un <strong>Dolan <\/strong>desatado, con dos ocasiones seguidas a la contra (72\u2019).  No sentenciaba el <strong>Espanyol <\/strong> pese a jugar en superioridad y la grada sufr\u00eda.<\/p>\n<p data-gtm-element-container=\"modulo-texto-link\" class=\"paragraph\">M\u00e1s p\u00f3lvora perica, con <strong>Kike <\/strong>y <strong>Terrats <\/strong>sobre el verde. Y en la primera que toc\u00f3 el veterano ariete, gol que acab\u00f3 siendo anulado por fuera de juego (81\u2019). Tocaba seguir sufriendo pues el <strong>Espanyol<\/strong> no cerraba el partido y el <strong>Rayo<\/strong>, pese a no existir casi arriba, pod\u00eda liarla en cualquier contra.<\/p>\n<p data-gtm-element-container=\"modulo-texto-link\" class=\"paragraph\">Todav\u00eda quedaba tela por cortar y nervios en la recta final. <strong>Dolan <\/strong>vio su segunda amarilla por un lance con <strong>Chavarr\u00eda<\/strong>, una tarjeta muy rigurosa que acab\u00f3 con el ingl\u00e9s antes de hora en la ducha (87\u2019). Igualdad de fuerzas, diez contra diez,  y todo en el aire en un final de  infarto. El <strong>Espanyol <\/strong>le daba una vida extra a un <strong>Rayo <\/strong>que no hab\u00eda  asustado en la segunda parte. Nervios, muchos hasta el final, achuchando un <strong>Rayo <\/strong>enrabietado pero el <strong>Espanyol <\/strong>aguant\u00f3 y se llev\u00f3 3 puntos de oro para seguir ilusionando en la parte noble de la <strong>Liga<\/strong>. El mejor remedio para olvidar el mal trago copero.<\/p>\n<p><script async src=\"https:\/\/platform.twitter.com\/widgets.js\" charset=\"utf-8\"><\/script><\/p>\n","protected":false},"excerpt":{"rendered":"Fiesta grande en el RCDE Stadium. El Espanyol venci\u00f3 este domingo al Rayo con un solitario gol de&hellip;\n","protected":false},"author":2,"featured_media":277282,"comment_status":"","ping_status":"","sticky":false,"template":"","format":"standard","meta":{"footnotes":""},"categories":[268],"tags":[168,25,24,280,282,281,23,167],"class_list":{"0":"post-277281","1":"post","2":"type-post","3":"status-publish","4":"format-standard","5":"has-post-thumbnail","7":"category-futbol","8":"tag-deportes","9":"tag-es","10":"tag-espana","11":"tag-football","12":"tag-futbol","13":"tag-soccer","14":"tag-spain","15":"tag-sports"},"share_on_mastodon":{"url":"https:\/\/pubeurope.com\/@es\/115682901691217547","error":""},"_links":{"self":[{"href":"https:\/\/www.europesays.com\/es\/wp-json\/wp\/v2\/posts\/277281","targetHints":{"allow":["GET"]}}],"collection":[{"href":"https:\/\/www.europesays.com\/es\/wp-json\/wp\/v2\/posts"}],"about":[{"href":"https:\/\/www.europesays.com\/es\/wp-json\/wp\/v2\/types\/post"}],"author":[{"embeddable":true,"href":"https:\/\/www.europesays.com\/es\/wp-json\/wp\/v2\/users\/2"}],"replies":[{"embeddable":true,"href":"https:\/\/www.europesays.com\/es\/wp-json\/wp\/v2\/comments?post=277281"}],"version-history":[{"count":0,"href":"https:\/\/www.europesays.com\/es\/wp-json\/wp\/v2\/posts\/277281\/revisions"}],"wp:featuredmedia":[{"embeddable":true,"href":"https:\/\/www.europesays.com\/es\/wp-json\/wp\/v2\/media\/277282"}],"wp:attachment":[{"href":"https:\/\/www.europesays.com\/es\/wp-json\/wp\/v2\/media?parent=277281"}],"wp:term":[{"taxonomy":"category","embeddable":true,"href":"https:\/\/www.europesays.com\/es\/wp-json\/wp\/v2\/categories?post=277281"},{"taxonomy":"post_tag","embeddable":true,"href":"https:\/\/www.europesays.com\/es\/wp-json\/wp\/v2\/tags?post=277281"}],"curies":[{"name":"wp","href":"https:\/\/api.w.org\/{rel}","templated":true}]}}