{"id":277287,"date":"2025-12-08T08:05:10","date_gmt":"2025-12-08T08:05:10","guid":{"rendered":"https:\/\/www.europesays.com\/es\/277287\/"},"modified":"2025-12-08T08:05:10","modified_gmt":"2025-12-08T08:05:10","slug":"yo-tambien-he-conocido-a-gente-como-los-recio","status":"publish","type":"post","link":"https:\/\/www.europesays.com\/es\/277287\/","title":{"rendered":"Yo tambi\u00e9n he conocido a gente como los Recio"},"content":{"rendered":"<p class=\"paragraph\">Es una de las protagonistas m\u00e1s queridas de la comedia m\u00e1s longeva de la tele. La actriz <b>Nathalie Sese\u00f1a<\/b> (Madrid, 58 a\u00f1os) interpreta a Berta Escobar en <a href=\"https:\/\/www.heraldo.es\/noticias\/ocio-y-cultura\/2025\/08\/22\/vanesa-romero-he-aprendido-muchisimo-de-jose-luis-gil-es-uno-de-los-grandes-1848217.html\" title=\"Vanesa Romero: &quot;He aprendido much\u00edsimo de Jos\u00e9 Luis Gil, es uno de los grandes&quot;\" rel=\"nofollow noopener\" target=\"_blank\">La que se avecina<\/a>, la serie que emite los martes <a href=\"https:\/\/www.heraldo.es\/tags\/instituciones_empresas\/telecinco.html\" title=\"Telecinco\" rel=\"nofollow noopener\" target=\"_blank\">Telecinco<\/a> (23.00), cuya nueva temporada est\u00e1 disponible en Prime Video.<\/p>\n<p class=\"paragraph\"><b>Lleva 18 a\u00f1os interpretando a Berta Escobar. \u00bfA los personajes tambi\u00e9n se les coge cari\u00f1o como hace el p\u00fablico?<\/b><\/p>\n<p class=\"paragraph\">Claro que le coges cari\u00f1o despu\u00e9s de tantos a\u00f1os. Y cuando echo la vista atr\u00e1s, pienso que estoy teniendo la suerte de hacer algo muy poco frecuente en mi profesi\u00f3n: poder desarrollar un personaje durante 18 a\u00f1os, seguir aport\u00e1ndole y que el personaje tambi\u00e9n me aporte a m\u00ed.<\/p>\n<p class=\"paragraph\"><b>Berta ha cambiado mucho en la serie.<\/b><\/p>\n<p class=\"paragraph\">El personaje ha tenido muchos giros. Creo que es un personaje muy rico por c\u00f3mo lo escriben y muy divertido de interpretar, porque tiene muchas contradicciones. Empez\u00f3 siendo de una manera y ahora se ha ido al extremo opuesto, pero no es lineal. Gracias a la maestr\u00eda de los guionistas ha dado giros muy divertidos: pas\u00f3 de ser una mujer bajo el ala de su marido a tener mucho poder y ser la due\u00f1a del negocio. Para m\u00ed todo ese cambio es muy divertido y te mantiene con ganas de seguir haci\u00e9ndolo.<\/p>\n<p class=\"paragraph\"><b>\u00bfC\u00f3mo le lleg\u00f3 este papel?<\/b><\/p>\n<p class=\"paragraph\">Me present\u00e9 a un castin. Hab\u00eda otras actrices y, la verdad, no sal\u00ed muy contenta; pens\u00e9 que no me hab\u00edan seleccionado porque no me hab\u00eda salido bien. Pero luego me llamaron y todo fue inmediato: me lo dijeron un viernes y empec\u00e9 a trabajar el martes siguiente. Desde el principio fue muy divertido. Era un reto porque me gustaba mucho el trabajo de Laura y Alberto Caballero, y quer\u00eda estar a la altura de ese tipo de comedia. Y me lo pusieron muy f\u00e1cil. Laura, los compa\u00f1eros\u2026 hubo mucha sinton\u00eda.<\/p>\n<p class=\"paragraph\"><b>Laura Caballero cont\u00f3 que los Recio estaban inspirados en unos vecinos suyos. \u00bfConoce usted tambi\u00e9n a unos personajes parecidos?<\/b><\/p>\n<p class=\"paragraph\">S\u00ed, es verdad que Laura nos cont\u00f3 que estaban inspirados en sus vecinos, con todo eso de los golpes con el palo en el techo y el histerismo. Y claro, yo tambi\u00e9n he conocido y conozco gente as\u00ed. En cualquier comunidad hay todo tipo de personas, y dan mucho juego. Desde que empec\u00e9 la serie, cualquier historia sobre un vecino te da mucha informaci\u00f3n.<\/p>\n<p class=\"paragraph\"><b>Los primeros a\u00f1os de la serie era comparada con Aqu\u00ed no hay quien viva. \u00bfC\u00f3mo lo viv\u00eda?<\/b><\/p>\n<p class=\"paragraph\">Yo creo que La que se avecina lo tuvo bastante dif\u00edcil al principio por esas comparaciones. Parec\u00eda que el p\u00fablico no estaba contento con el giro: muchos actores repet\u00edan, pero con personajes distintos. Aun as\u00ed, me parece incre\u00edble c\u00f3mo Laura y Alberto Caballero pudieron dar ese giro de Aqu\u00ed no hay quien viva a La que se avecina. Al principio cost\u00f3, pero el p\u00fablico fue entrando porque realmente es otra serie, aunque siga siendo la historia de una comunidad. Y mira si lo acept\u00f3, que llevamos tantos a\u00f1os y con tanto \u00e9xito.<\/p>\n<p class=\"paragraph\"><b>Llevan ya tres temporadas en el nuevo edificio. \u00bfSe ha acostumbrado o echa de menos el plat\u00f3 m\u00edtico?<\/b><\/p>\n<p class=\"paragraph\">Las nuevas localizaciones est\u00e1n fenomenales, incluso tenemos una calle, y el plat\u00f3 est\u00e1 m\u00e1s cerca, as\u00ed que tardamos menos en llegar. En la casa de los Recio se han mantenido todos los muebles, as\u00ed que sigue siendo nuestro espacio. Al principio fue raro, pero enseguida te acostumbrabas. Adem\u00e1s, como forma parte de la trama, tambi\u00e9n te da cosas nuevas para jugar.<\/p>\n<p class=\"paragraph\"><b>\u00bfAlguna vez ha imaginado c\u00f3mo podr\u00eda ser el final de la serie?<\/b><\/p>\n<p class=\"paragraph\">No tengo ni idea. Solo pienso que me gustar\u00eda que fuera un broche de oro, algo bonito para personajes que han sido tan emblem\u00e1ticos y para el cari\u00f1o que les tenemos nosotros y el p\u00fablico. Y ojal\u00e1 falte mucho para ese momento.<\/p>\n","protected":false},"excerpt":{"rendered":"Es una de las protagonistas m\u00e1s queridas de la comedia m\u00e1s longeva de la tele. La actriz Nathalie&hellip;\n","protected":false},"author":2,"featured_media":277288,"comment_status":"","ping_status":"","sticky":false,"template":"","format":"standard","meta":{"footnotes":""},"categories":[171],"tags":[4389,146,147,25,24,260,67516,13068,50958,23,214],"class_list":{"0":"post-277287","1":"post","2":"type-post","3":"status-publish","4":"format-standard","5":"has-post-thumbnail","7":"category-tv","8":"tag-conocido","9":"tag-entertainment","10":"tag-entretenimiento","11":"tag-es","12":"tag-espana","13":"tag-gente","14":"tag-nathalie","15":"tag-recio","16":"tag-sesena","17":"tag-spain","18":"tag-tv"},"share_on_mastodon":{"url":"","error":""},"_links":{"self":[{"href":"https:\/\/www.europesays.com\/es\/wp-json\/wp\/v2\/posts\/277287","targetHints":{"allow":["GET"]}}],"collection":[{"href":"https:\/\/www.europesays.com\/es\/wp-json\/wp\/v2\/posts"}],"about":[{"href":"https:\/\/www.europesays.com\/es\/wp-json\/wp\/v2\/types\/post"}],"author":[{"embeddable":true,"href":"https:\/\/www.europesays.com\/es\/wp-json\/wp\/v2\/users\/2"}],"replies":[{"embeddable":true,"href":"https:\/\/www.europesays.com\/es\/wp-json\/wp\/v2\/comments?post=277287"}],"version-history":[{"count":0,"href":"https:\/\/www.europesays.com\/es\/wp-json\/wp\/v2\/posts\/277287\/revisions"}],"wp:featuredmedia":[{"embeddable":true,"href":"https:\/\/www.europesays.com\/es\/wp-json\/wp\/v2\/media\/277288"}],"wp:attachment":[{"href":"https:\/\/www.europesays.com\/es\/wp-json\/wp\/v2\/media?parent=277287"}],"wp:term":[{"taxonomy":"category","embeddable":true,"href":"https:\/\/www.europesays.com\/es\/wp-json\/wp\/v2\/categories?post=277287"},{"taxonomy":"post_tag","embeddable":true,"href":"https:\/\/www.europesays.com\/es\/wp-json\/wp\/v2\/tags?post=277287"}],"curies":[{"name":"wp","href":"https:\/\/api.w.org\/{rel}","templated":true}]}}