{"id":277305,"date":"2025-12-08T08:15:13","date_gmt":"2025-12-08T08:15:13","guid":{"rendered":"https:\/\/www.europesays.com\/es\/277305\/"},"modified":"2025-12-08T08:15:13","modified_gmt":"2025-12-08T08:15:13","slug":"luis-planas-al-frente-de-la-crisis-de-peste-porcina-las-proximas-dos-semanas-son-clave-el-pais-expres","status":"publish","type":"post","link":"https:\/\/www.europesays.com\/es\/277305\/","title":{"rendered":"Luis Planas, al frente de la crisis de peste porcina: \u201cLas pr\u00f3ximas dos semanas son clave\u201d | El PA\u00cdS Expr\u00e9s"},"content":{"rendered":"<p><img fetchpriority=\"high\" decoding=\"auto\" class=\"_re  a_m-h\" height=\"414\"  width=\"414\"  src=\"https:\/\/www.europesays.com\/es\/wp-content\/uploads\/2025\/12\/ZCFC4C2YZBFP3MUUQ32NYLXGKU.jpg\" loading=\"eager\"\/>dVD 1295 (05\/12\/25)   Luis Planas, ministro de Agricultura, Pesca y Alimentaci\u00f3n fotografiado en el ministerio.  \u00a9 Claudio \u00c1lvarezFoto: Claudio \u00c1lvarez<\/p>\n<p class=\"\">En plena gesti\u00f3n del brote de peste porcina africana detectado en Collserola, Luis Planas encara uno de los episodios m\u00e1s complejos de su etapa al frente del Ministerio de Agricultura. Habla con EL PA\u00cdS sobre la forma en que se est\u00e1 encarando esta amenaza, que se supon\u00eda erradicada en Espa\u00f1a desde los noventa.<\/p>\n<p class=\"\"><b>Empiezan dos semanas claves: <\/b>\u201cSi se confirma que no hay una extensi\u00f3n a las granjas y conseguimos efectivamente limpiar la zona, habremos dado un gran paso adelante\u201d, explica el ministro.<\/p>\n<p class=\"\"><b>Sobre el origen del brote. <\/b>Planas mantiene abiertas todas las hip\u00f3tesis y defiende que la investigaci\u00f3n debe avanzar sin descartar escenarios, incluidos los menos probables. <\/p>\n<ul>\n<li>Al principio se trabajaba en la hip\u00f3tesis de que el origen del virus fuera un bocadillo contaminado, pero ahora se investiga si el virus se ha escapado de un laboratorio.<\/li>\n<li>\u201cNo hay que privilegiar ning\u00fan escenario, dejemos que avance la investigaci\u00f3n\u201d, sugiere Planas.<\/li>\n<\/ul>\n<p class=\"\"><b>La importancia de mantener el m\u00e1ximo n\u00famero de mercados abiertos.<\/b> Cree que a\u00fan existe margen para recuperar la confianza de pa\u00edses clave que ya cerraron las exportaciones, como M\u00e9xico y Jap\u00f3n.<\/p>\n<ul>\n<li>\u201cEspa\u00f1a tiene una reputaci\u00f3n de pa\u00eds seguro que hemos de mantener. Somos el cuarto exportador agroalimentario de la UE y el s\u00e9ptimo del mundo\u201d.<\/li>\n<\/ul>\n<p class=\"\"><b>Sobre el impacto econ\u00f3mico.<\/b> Reconoce que la incertidumbre del mercado complica cualquier previsi\u00f3n, pero conf\u00eda en que las consecuencias sean limitadas y temporales. <\/p>\n<ul>\n<li>El ministro no descarta ayudas directas al sector o que se aplique un sistema como los ERTE. \u201cEstamos en un caso de fuerza mayor\u201d, a\u00f1ade.<\/li>\n<\/ul>\n<p class=\"\">\u00a9Foto: Claudio \u00c1lvarez<\/p>\n<p class=\"\"><a href=\"https:\/\/elpais.com\/economia\/2025-12-07\/luis-planas-las-dos-proximas-semanas-son-clave-para-ver-la-extension-de-la-peste-porcina.html\" target=\"_self\" rel=\"nofollow noopener\" title=\"https:\/\/elpais.com\/economia\/2025-12-07\/luis-planas-las-dos-proximas-semanas-son-clave-para-ver-la-extension-de-la-peste-porcina.html\">Si quieres saber m\u00e1s, puedes leer aqu\u00ed.<\/a> <\/p>\n","protected":false},"excerpt":{"rendered":"dVD 1295 (05\/12\/25) Luis Planas, ministro de Agricultura, Pesca y Alimentaci\u00f3n fotografiado en el ministerio. \u00a9 Claudio \u00c1lvarezFoto:&hellip;\n","protected":false},"author":2,"featured_media":277306,"comment_status":"","ping_status":"","sticky":false,"template":"","format":"standard","meta":{"footnotes":""},"categories":[5],"tags":[2077,17,18,25,24,13,14,1487,11,19,20,26455,48074,9,10,15,16,65110,23,12,21,22],"class_list":{"0":"post-277305","1":"post","2":"type-post","3":"status-publish","4":"format-standard","5":"has-post-thumbnail","7":"category-titulares","8":"tag-agricultura","9":"tag-breaking-news","10":"tag-breakingnews","11":"tag-es","12":"tag-espana","13":"tag-featured-news","14":"tag-featurednews","15":"tag-ganado","16":"tag-headlines","17":"tag-latest-news","18":"tag-latestnews","19":"tag-luis-planas","20":"tag-ministerio-de-agricultura","21":"tag-news","22":"tag-noticias","23":"tag-noticias-destacadas","24":"tag-noticiasdestacadas","25":"tag-peste-porcina","26":"tag-spain","27":"tag-titulares","28":"tag-ultimas-noticias","29":"tag-ultimasnoticias"},"share_on_mastodon":{"url":"https:\/\/pubeurope.com\/@es\/115682956364830210","error":""},"_links":{"self":[{"href":"https:\/\/www.europesays.com\/es\/wp-json\/wp\/v2\/posts\/277305","targetHints":{"allow":["GET"]}}],"collection":[{"href":"https:\/\/www.europesays.com\/es\/wp-json\/wp\/v2\/posts"}],"about":[{"href":"https:\/\/www.europesays.com\/es\/wp-json\/wp\/v2\/types\/post"}],"author":[{"embeddable":true,"href":"https:\/\/www.europesays.com\/es\/wp-json\/wp\/v2\/users\/2"}],"replies":[{"embeddable":true,"href":"https:\/\/www.europesays.com\/es\/wp-json\/wp\/v2\/comments?post=277305"}],"version-history":[{"count":0,"href":"https:\/\/www.europesays.com\/es\/wp-json\/wp\/v2\/posts\/277305\/revisions"}],"wp:featuredmedia":[{"embeddable":true,"href":"https:\/\/www.europesays.com\/es\/wp-json\/wp\/v2\/media\/277306"}],"wp:attachment":[{"href":"https:\/\/www.europesays.com\/es\/wp-json\/wp\/v2\/media?parent=277305"}],"wp:term":[{"taxonomy":"category","embeddable":true,"href":"https:\/\/www.europesays.com\/es\/wp-json\/wp\/v2\/categories?post=277305"},{"taxonomy":"post_tag","embeddable":true,"href":"https:\/\/www.europesays.com\/es\/wp-json\/wp\/v2\/tags?post=277305"}],"curies":[{"name":"wp","href":"https:\/\/api.w.org\/{rel}","templated":true}]}}