{"id":277317,"date":"2025-12-08T08:28:09","date_gmt":"2025-12-08T08:28:09","guid":{"rendered":"https:\/\/www.europesays.com\/es\/277317\/"},"modified":"2025-12-08T08:28:09","modified_gmt":"2025-12-08T08:28:09","slug":"piden-expulsion-de-el-patron-de-la-granja-vip-por-rozar-a-eleazar-gomez","status":"publish","type":"post","link":"https:\/\/www.europesays.com\/es\/277317\/","title":{"rendered":"Piden expulsi\u00f3n de \u201cEl Patr\u00f3n\u201d de \u201cLa Granja VIP\u201d por rozar a Eleazar G\u00f3mez"},"content":{"rendered":"<p class=\"content-element\">Luego de una discusi\u00f3n a la hora de la comida entre <b>Eleazar G\u00f3mez<\/b> y <b>Jos\u00e9 Alberto Rodr\u00edguez \u201cEl Patr\u00f3n\u201d<\/b> en<b> <\/b><a href=\"https:\/\/www.elnuevodia.com\/entretenimiento\/television\/notas\/padre-de-sergio-mayer-mori-solicita-medidas-de-proteccion-contra-panelistas-de-la-granja-vip\/\" target=\"_self\" rel=\"nofollow noopener\" title=\"https:\/\/www.elnuevodia.com\/entretenimiento\/television\/notas\/padre-de-sergio-mayer-mori-solicita-medidas-de-proteccion-contra-panelistas-de-la-granja-vip\/\"><b>\u201cLa Granja VIP\u201d,<\/b><\/a> la tensi\u00f3n aument\u00f3 a tal extremo que, al tratar de intimidar al actor, el deportista toc\u00f3 sus pantalones, lo que hizo explotar al p\u00fablico que, a trav\u00e9s de redes sociales ya pide la <b>expulsi\u00f3n<\/b> del participante.<\/p>\n<p class=\"content-element\">Durante el 24\/7 de \u00ab<b>La granja VIP<\/b>\u201c, se pudo ver que, mientras G\u00f3mez se encontraba sentado, terminando sus alimentos, \u201cEl Patr\u00f3n\u201d le expres\u00f3 el hast\u00edo<b> <\/b>que le generaba tratar con \u00e9l d\u00eda a d\u00eda, motivo por el que el actor le dio una sugerencia: que renunciara a la competencia.<\/p>\n<p class=\"content-element\"><b>\u201cPor m\u00ed, te puedes encabr*nar todo lo que quieras, a m\u00ed me da exactamente lo mismo; si te levantaste de mal humor no es mi problema, es el tuyo, te puedes ir en el momento que quieras si no aguantas, te veo cansado\u201d,<\/b> dijo G\u00f3mez.<\/p>\n<p class=\"content-element\">Rodr\u00edguez comenz\u00f3 a imitar su tono de voz con iron\u00eda y tambi\u00e9n simul\u00f3 la manera en que Eleazar G\u00f3mez suele re\u00edrse.<\/p>\n<p> PUBLICIDAD<\/p>\n<p class=\"content-element\"><b>\u201c\u00bfTe vas a volver a hacer pip\u00ed?, \u00bfte vas a volver a hacer pip\u00ed?, ven para que te hagas pip\u00ed\u201d<\/b>, dijo insistentemente.<\/p>\n<p class=\"content-element\">En ese momento, el actor se acerc\u00f3 a <b>\u201cEl Patr\u00f3n\u201d<\/b> y, cuando estuvieron uno frente al otro, ambos alzaron el ment\u00f3n en forma de amenaza. Sin embargo<b>, ninguno de sus compa\u00f1eros alrededor intervino. <\/b>Kim Shantal y C\u00e9sar Doroteo \u201cTeo\u201d re\u00edan y presenciaban la pelea.<\/p>\n<p class=\"content-element\"><b>\u201cSi hiciera todo como t\u00fa de la ching\u2026a y a medias&#8230;\u201d<\/b>, dijo Rodr\u00edguez.<\/p>\n<p class=\"content-element\"><b>\u201cTrabajo igual que todos\u201d,<\/b> contest\u00f3 molesto el actor.<\/p>\n<p class=\"content-element\"><b>\u201cNo trabajas igual que todos, te expongo, estoy hasta la madre de ti,<\/b> \u00b4vamos a hacerlo&#8230;\u00b4, pero bien mal porque todo lo hago de la ching*da, no s\u00e9 martillar, no s\u00e9 serruchar, no s\u00e9 limpiar, no s\u00e9 cocinar, pero hago como si supiera porque no s\u00e9 nada, \u00b4vamos a hacerlo&#8230; de la ching*da\u00b4\u201d, dijo simulando ser el propio Eleazar.<\/p>\n<p class=\"content-element\">As\u00ed, Eleazar le asegur\u00f3 que, si as\u00ed lo deseaba, pod\u00eda sacarlo la pr\u00f3xima semana y \u00e9l, en cambio, llegar\u00eda a la final de la competencia.<\/p>\n<p class=\"content-element\">Pero fue cuando<b> \u201cEl Patr\u00f3n\u201d volvi\u00f3 a mencionar el acto de micci\u00f3n para molestar al actor que se acerc\u00f3 un poco m\u00e1s a \u00e9l<\/b> y coloc\u00f3 una de sus manos en el pantal\u00f3n de G\u00f3mez, cerca del \u00e1rea del zipper, lo que desat\u00f3 un enfrentamiento corporal.<\/p>\n<p class=\"content-element\"><b>\u201c\u00bfYa te hiciste pip\u00ed?\u201d, repiti\u00f3 mientras lo tocaba.<\/b><\/p>\n<p class=\"content-element\"><b>\u201cNo me toques, cabr*n, eso es faltarme al respeto, no me toques\u201d,<\/b> dijo G\u00f3mez.<\/p>\n<p class=\"content-element\">Despu\u00e9s us\u00f3 su codo para alejar al \u201cPatr\u00f3n\u201d, quien lo empuj\u00f3 advirti\u00e9ndolo que \u00e9l tampoco quer\u00eda que lo tocase.<\/p>\n<p class=\"content-element\">La reacci\u00f3n del p\u00fablico fue de indignaci\u00f3n pues, a pesar de que hay algunos usuarios que justifican el actuar de \u201cel Patr\u00f3n\u201d,<b> la mayor\u00eda pide que sea expulsado. <\/b><\/p>\n","protected":false},"excerpt":{"rendered":"Luego de una discusi\u00f3n a la hora de la comida entre Eleazar G\u00f3mez y Jos\u00e9 Alberto Rodr\u00edguez \u201cEl&hellip;\n","protected":false},"author":2,"featured_media":277318,"comment_status":"","ping_status":"","sticky":false,"template":"","format":"standard","meta":{"footnotes":""},"categories":[171],"tags":[67525,67524,146,147,25,24,19991,18070,23,214],"class_list":{"0":"post-277317","1":"post","2":"type-post","3":"status-publish","4":"format-standard","5":"has-post-thumbnail","7":"category-tv","8":"tag-el-patron","9":"tag-eleazar-gomez","10":"tag-entertainment","11":"tag-entretenimiento","12":"tag-es","13":"tag-espana","14":"tag-la-granja-vip","15":"tag-reality-show","16":"tag-spain","17":"tag-tv"},"share_on_mastodon":{"url":"https:\/\/pubeurope.com\/@es\/115683007262475896","error":""},"_links":{"self":[{"href":"https:\/\/www.europesays.com\/es\/wp-json\/wp\/v2\/posts\/277317","targetHints":{"allow":["GET"]}}],"collection":[{"href":"https:\/\/www.europesays.com\/es\/wp-json\/wp\/v2\/posts"}],"about":[{"href":"https:\/\/www.europesays.com\/es\/wp-json\/wp\/v2\/types\/post"}],"author":[{"embeddable":true,"href":"https:\/\/www.europesays.com\/es\/wp-json\/wp\/v2\/users\/2"}],"replies":[{"embeddable":true,"href":"https:\/\/www.europesays.com\/es\/wp-json\/wp\/v2\/comments?post=277317"}],"version-history":[{"count":0,"href":"https:\/\/www.europesays.com\/es\/wp-json\/wp\/v2\/posts\/277317\/revisions"}],"wp:featuredmedia":[{"embeddable":true,"href":"https:\/\/www.europesays.com\/es\/wp-json\/wp\/v2\/media\/277318"}],"wp:attachment":[{"href":"https:\/\/www.europesays.com\/es\/wp-json\/wp\/v2\/media?parent=277317"}],"wp:term":[{"taxonomy":"category","embeddable":true,"href":"https:\/\/www.europesays.com\/es\/wp-json\/wp\/v2\/categories?post=277317"},{"taxonomy":"post_tag","embeddable":true,"href":"https:\/\/www.europesays.com\/es\/wp-json\/wp\/v2\/tags?post=277317"}],"curies":[{"name":"wp","href":"https:\/\/api.w.org\/{rel}","templated":true}]}}