{"id":277319,"date":"2025-12-08T08:29:07","date_gmt":"2025-12-08T08:29:07","guid":{"rendered":"https:\/\/www.europesays.com\/es\/277319\/"},"modified":"2025-12-08T08:29:07","modified_gmt":"2025-12-08T08:29:07","slug":"es-mi-primera-nominacion-a-los-grammy-y-estoy-muy-emocionada","status":"publish","type":"post","link":"https:\/\/www.europesays.com\/es\/277319\/","title":{"rendered":"\u201cEs mi primera nominaci\u00f3n a los Grammy y estoy muy emocionada\u201d"},"content":{"rendered":"<p class=\"paragraph\">La trompetista altoaragonesa Milena Casado vivir\u00e1 el pr\u00f3ximo 1 de febrero uno de los cap\u00edtulos m\u00e1s relevantes de su trayectoria. <b>El \u00e1lbum We Insist 2025!, en el que participa como int\u00e9rprete destacada,<\/b> es uno de los cinco candidatos al Grammy 2026 al Mejor \u00c1lbum de Jazz Vocal, una categor\u00eda que distingue trabajos que contienen m\u00e1s del 75 % de su duraci\u00f3n en nuevas grabaciones de jazz vocal. La artista reconoce a este peri\u00f3dico que la noticia la ha llenado de ilusi\u00f3n: \u201cEs mi primera nominaci\u00f3n a los Grammy y estoy muy emocionada\u201d, afirma.<\/p>\n<p class=\"paragraph\"><b>La candidatura sit\u00faa a Casado en una competici\u00f3n de enorme nivel. <\/b>El disco comparte nominaci\u00f3n con proyectos de figuras de referencia como Dee Dee Bridgewater &amp; Bill Charlap (Elemental), Samara Joy (Portrait), Michael Mayo (Fly) o el directo de Nicole Zuraitis junto a su grupo. En ese escenario tan exigente, la presencia de We Insist 2025! no solo destaca la visi\u00f3n art\u00edstica de sus l\u00edderes, Terri Lyne Carrington y Christie Dashiell, sino tambi\u00e9n la solidez del equipo que las acompa\u00f1a, entre quienes figuran Weedie Braimah, Morgan Guerin, Simon Moullier, Matthew Stevens y la propia Casado.<\/p>\n<p class=\"paragraph\"><b>Para la trompetista, la grabaci\u00f3n del \u00e1lbum supuso un proceso casi revelador. <\/b>El proyecto nace como una relectura contempor\u00e1nea del m\u00edtico We Insist! (1960) de Max Roach y Abbey Lincoln, un trabajo clave en la banda sonora pol\u00edtica del movimiento por los derechos civiles en Estados Unidos. Por ello, Casado explica que el tiempo en el estudio fue, sobre todo, fuente de motivaci\u00f3n y aprendizaje. \u201cEl proceso de grabaci\u00f3n fue superinspirador\u201d, recuerda.<\/p>\n<p class=\"paragraph\">La oportunidad de revisitar un repertorio tan cargado de historia, a\u00f1ade, les oblig\u00f3 a explorar desde la propia experiencia. Terri Lyne Carrington, l\u00edder del proyecto, <b>lleg\u00f3 al estudio con una serie de ideas y arreglos muy definidos, <\/b>pero abiertos a la experimentaci\u00f3n colectiva. \u201cEn el momento en que est\u00e1bamos all\u00ed tambi\u00e9n encontramos diferentes ideas que pod\u00edamos seguir. Fue incre\u00edble poder estar todos juntos y crear este \u00e1lbum\u201d, relata.<\/p>\n<p class=\"paragraph\">La altoaragonesa reconoce que lo que m\u00e1s le interpela del proyecto no es solo su magnitud musical, sino su dimensi\u00f3n social. Considera que We Insist 2025! llega en un momento en el que el arte vuelve a tener un papel clave en la cr\u00edtica y la conciencia colectiva. \u201c<b>Este \u00e1lbum es s\u00faper importante y plantea cuestiones que son necesarias: <\/b>hay que cambiar, hay que mejorar, pol\u00edticamente y socialmente\u201d, sostiene. En lo estrictamente musical, cada pieza conlleva su propio reto: desde la reinterpretaci\u00f3n de los himnos m\u00e1s emblem\u00e1ticos del disco original hasta los nuevos enfoques r\u00edtmicos y texturales. Casado destaca que no hubo un \u00fanico tema especialmente complejo, sino un desaf\u00edo continuo: \u201cTodas las canciones ten\u00edan su propio desaf\u00edo\u201d, explica.<\/p>\n<p class=\"paragraph\">La colaboraci\u00f3n entre Milena Casado y Terri Lyne Carrington ya forma parte natural de su carrera. <b>La trompetista habla de la bater\u00eda como una figura crucial tanto en su desarrollo art\u00edstico como personal.<\/b><\/p>\n<p class=\"paragraph\">\u201cTerry es una persona s\u00faper importante para m\u00ed\u2026 una gran inspiraci\u00f3n tanto musicalmente como personalmente\u201d, afirma. <b>La considera una aut\u00e9ntica mentora, una presencia determinante<\/b> que no solo dirige proyectos de una enorme relevancia internacional, sino que adem\u00e1s impulsa a las nuevas generaciones de creadoras dentro del jazz.<\/p>\n<p class=\"paragraph\">La conexi\u00f3n con Christie Dashiell, vocalista principal del disco, tambi\u00e9n fue inmediata. La sesi\u00f3n de grabaci\u00f3n de We Insist 2025! fue de hecho la primera ocasi\u00f3n en la que trabajaron juntas, pero Casado describe el encuentro como sorprendentemente natural: \u201c<b>La conexi\u00f3n fue instant\u00e1nea. Es una artista incre\u00edble y una persona incre\u00edble tambi\u00e9n<\/b>\u201d, menciona.<\/p>\n<p class=\"paragraph\">Con la vista puesta en la ceremonia, que tendr\u00e1 lugar el 1 de febrero en Los \u00c1ngeles, Casado reconoce que afronta la experiencia con la mezcla exacta de ilusi\u00f3n y nervios que acompa\u00f1a a los grandes saltos en una carrera art\u00edstica. \u201c<b>Voy con mucha ilusi\u00f3n, con nervios tambi\u00e9n, y a disfrutarlo<\/b>\u201d, confiesa.<\/p>\n<p>Dos \u00e1lbumes, un mismo grito<\/p>\n<p class=\"paragraph\">We Insist! (1960), de Max Roach y Abbey Lincoln, <b>naci\u00f3 en plena lucha por los derechos civiles. <\/b>Su m\u00fasica combinaba jazz moderno, percusi\u00f3n africana y dramatismo vocal para denunciar el racismo estructural en Estados Unidos. Fue un disco militante, directo y concebido como una banda sonora de protesta. <b>We Insist 2025! retoma ese legado desde otro tiempo hist\u00f3rico, <\/b>pero sin diluir la carga pol\u00edtica. Terri Lyne Carrington y Christie Dashiell reinterpretan la suite con una mirada contempor\u00e1nea, incorporando nuevas texturas, influencias del g\u00f3spel, el hip hop y el jazz actual, y<b> un enfoque coral impulsado por una generaci\u00f3n diversa de m\u00fasicos<\/b> entre los que se incluye Casado. Mientras el original era un grito urgente, la versi\u00f3n de 2025 aborda desigualdades persistentes.<\/p>\n","protected":false},"excerpt":{"rendered":"La trompetista altoaragonesa Milena Casado vivir\u00e1 el pr\u00f3ximo 1 de febrero uno de los cap\u00edtulos m\u00e1s relevantes de&hellip;\n","protected":false},"author":2,"featured_media":277320,"comment_status":"","ping_status":"","sticky":false,"template":"","format":"standard","meta":{"footnotes":""},"categories":[170],"tags":[12691,23386,146,147,25,24,2791,184,185,40114,1078,23],"class_list":{"0":"post-277319","1":"post","2":"type-post","3":"status-publish","4":"format-standard","5":"has-post-thumbnail","7":"category-musica","8":"tag-casado","9":"tag-emocionada","10":"tag-entertainment","11":"tag-entretenimiento","12":"tag-es","13":"tag-espana","14":"tag-grammy","15":"tag-music","16":"tag-musica","17":"tag-nominacion","18":"tag-primera","19":"tag-spain"},"share_on_mastodon":{"url":"https:\/\/pubeurope.com\/@es\/115683011276656319","error":""},"_links":{"self":[{"href":"https:\/\/www.europesays.com\/es\/wp-json\/wp\/v2\/posts\/277319","targetHints":{"allow":["GET"]}}],"collection":[{"href":"https:\/\/www.europesays.com\/es\/wp-json\/wp\/v2\/posts"}],"about":[{"href":"https:\/\/www.europesays.com\/es\/wp-json\/wp\/v2\/types\/post"}],"author":[{"embeddable":true,"href":"https:\/\/www.europesays.com\/es\/wp-json\/wp\/v2\/users\/2"}],"replies":[{"embeddable":true,"href":"https:\/\/www.europesays.com\/es\/wp-json\/wp\/v2\/comments?post=277319"}],"version-history":[{"count":0,"href":"https:\/\/www.europesays.com\/es\/wp-json\/wp\/v2\/posts\/277319\/revisions"}],"wp:featuredmedia":[{"embeddable":true,"href":"https:\/\/www.europesays.com\/es\/wp-json\/wp\/v2\/media\/277320"}],"wp:attachment":[{"href":"https:\/\/www.europesays.com\/es\/wp-json\/wp\/v2\/media?parent=277319"}],"wp:term":[{"taxonomy":"category","embeddable":true,"href":"https:\/\/www.europesays.com\/es\/wp-json\/wp\/v2\/categories?post=277319"},{"taxonomy":"post_tag","embeddable":true,"href":"https:\/\/www.europesays.com\/es\/wp-json\/wp\/v2\/tags?post=277319"}],"curies":[{"name":"wp","href":"https:\/\/api.w.org\/{rel}","templated":true}]}}