{"id":277321,"date":"2025-12-08T08:30:13","date_gmt":"2025-12-08T08:30:13","guid":{"rendered":"https:\/\/www.europesays.com\/es\/277321\/"},"modified":"2025-12-08T08:30:13","modified_gmt":"2025-12-08T08:30:13","slug":"una-cartelera-repleta-de-estrenos-para-celebrar-la-jornada-festiva-en-el-cine","status":"publish","type":"post","link":"https:\/\/www.europesays.com\/es\/277321\/","title":{"rendered":"Una cartelera repleta de estrenos para celebrar la jornada festiva en el cine"},"content":{"rendered":"<p><strong>Los cines espa\u00f1oles se suman este lunnes a la celebraci\u00f3n de la Inmaculada Concepci\u00f3n con una avalancha de estrenos que van del terror animatr\u00f3nico al <a href=\"https:\/\/www.ultimahora.es\/etiqueta\/cine.html?utm_source=Inline-tag&amp;utm_medium=internal\" rel=\"nofollow noopener\" target=\"_blank\">cine<\/a> quinqui<\/strong>, pasando por comedias rom\u00e1nticas, dramas \u00edntimos y varias apuestas internacionales. La m\u00e1s esperada es Five Nights at Freddy\u2019s 2, secuela del fen\u00f3meno de Blumhouse que arras\u00f3 en 2023. De nuevo bajo la direcci\u00f3n de Emma Tammi y con el guion del creador del videojuego, Scott Cawthon, la historia regresa a la inquietante pizzer\u00eda donde los animatr\u00f3nicos cobran vida. Repite parte del reparto original y suma la presencia de Freddy Carter, Wayne Knight, Mckenna Grace y el veterano del g\u00e9nero Skeet Ulrich, en una entrega que aspira a conquistar de nuevo la taquilla.<br \/>sadsa<\/p>\n<p>Muy distinto es<strong> Golpes, debut en la direcci\u00f3n del prestigioso guionista Rafael Cobos, que recupera el esp\u00edritu del cine quinqui<\/strong> para contar la relaci\u00f3n de dos hermanos \u2013interpretados por Luis Tosar y Jes\u00fas Carroza\u2013 situados a ambos lados de la ley en la Sevilla convulsa de 1982. Entre atracos, tensiones pol\u00edticas y heridas del pasado, la pel\u00edcula profundiza en las sombras de la Transici\u00f3n con la crudeza habitual del autor.<\/p>\n<p>En un tono mucho m\u00e1s ligero <strong>llega Me has robado el coraz\u00f3n, comedia rom\u00e1ntica de Chus Guti\u00e9rrez inspirada en un caso real estadounidense.<\/strong> \u00d3scar Casas interpreta a un joven ingeniero que huye hacia Galicia tras robar un banco, enga\u00f1ando a Vera, interpretada por Ana Jara, para que sea su inesperada c\u00f3mplice al volante. Tambi\u00e9n se estrena Valor sentimental, del noruego Joachim Trier, Gran Premio del Jurado en Cannes. Con Renate Reinsve, Stellan Skarsg\u00e5rd y Elle Fanning, narra el intento de reconciliaci\u00f3n de una familia marcada por viejas heridas.<\/p>\n<p><strong>Desde Panam\u00e1 aterriza Papeles, mirada local al esc\u00e1ndalo de los documentos filtrados en 2016, con Megan Montaner y Carlos Bardem mostrando el impacto que dej\u00f3 en la identidad del pa\u00eds<\/strong>. Mientras, el suspense se mezcla con el humor en Playa de Lobos, donde Guillermo Francella y Dani Rovira elevan la tensi\u00f3n en un chiringuito costero hasta un giro tan perturbador como inesperado. Y en el terreno fant\u00e1stico debuta Eternity, un romance de ciencia ficci\u00f3n con Elizabeth Olsen y Miles Teller ambientado en un m\u00e1s all\u00e1 donde las almas deben decidir su destino eterno.<\/p>\n<p>Familiar<\/p>\n<p>Para el p\u00fablico familiar destacan Hanna y las Navidades olvidadas, aventura m\u00e1gica contra el olvido de las fiestas; 200% Wolf, coproducci\u00f3n hispano-australiana ambientada en un bosque regido por antiguas leyes lupinas; y Tommy Tom, adaptaci\u00f3n animada de un cl\u00e1sico infantil neerland\u00e9s. Completan la cartelera La tierra de Amira, Supernatural y La ley de Sodoma.<\/p>\n","protected":false},"excerpt":{"rendered":"Los cines espa\u00f1oles se suman este lunnes a la celebraci\u00f3n de la Inmaculada Concepci\u00f3n con una avalancha de&hellip;\n","protected":false},"author":2,"featured_media":277322,"comment_status":"","ping_status":"","sticky":false,"template":"","format":"standard","meta":{"footnotes":""},"categories":[169],"tags":[177,5318,209,146,147,25,24,3220,176,175,23],"class_list":{"0":"post-277321","1":"post","2":"type-post","3":"status-publish","4":"format-standard","5":"has-post-thumbnail","7":"category-cine","8":"tag-cine","9":"tag-cine-en-mallorca","10":"tag-cultura","11":"tag-entertainment","12":"tag-entretenimiento","13":"tag-es","14":"tag-espana","15":"tag-estrenos-de-cine","16":"tag-film","17":"tag-movies","18":"tag-spain"},"share_on_mastodon":{"url":"https:\/\/pubeurope.com\/@es\/115683014992473660","error":""},"_links":{"self":[{"href":"https:\/\/www.europesays.com\/es\/wp-json\/wp\/v2\/posts\/277321","targetHints":{"allow":["GET"]}}],"collection":[{"href":"https:\/\/www.europesays.com\/es\/wp-json\/wp\/v2\/posts"}],"about":[{"href":"https:\/\/www.europesays.com\/es\/wp-json\/wp\/v2\/types\/post"}],"author":[{"embeddable":true,"href":"https:\/\/www.europesays.com\/es\/wp-json\/wp\/v2\/users\/2"}],"replies":[{"embeddable":true,"href":"https:\/\/www.europesays.com\/es\/wp-json\/wp\/v2\/comments?post=277321"}],"version-history":[{"count":0,"href":"https:\/\/www.europesays.com\/es\/wp-json\/wp\/v2\/posts\/277321\/revisions"}],"wp:featuredmedia":[{"embeddable":true,"href":"https:\/\/www.europesays.com\/es\/wp-json\/wp\/v2\/media\/277322"}],"wp:attachment":[{"href":"https:\/\/www.europesays.com\/es\/wp-json\/wp\/v2\/media?parent=277321"}],"wp:term":[{"taxonomy":"category","embeddable":true,"href":"https:\/\/www.europesays.com\/es\/wp-json\/wp\/v2\/categories?post=277321"},{"taxonomy":"post_tag","embeddable":true,"href":"https:\/\/www.europesays.com\/es\/wp-json\/wp\/v2\/tags?post=277321"}],"curies":[{"name":"wp","href":"https:\/\/api.w.org\/{rel}","templated":true}]}}