{"id":277329,"date":"2025-12-08T08:35:09","date_gmt":"2025-12-08T08:35:09","guid":{"rendered":"https:\/\/www.europesays.com\/es\/277329\/"},"modified":"2025-12-08T08:35:09","modified_gmt":"2025-12-08T08:35:09","slug":"ibex-35-inicia-la-semana-con-una-caida-del-013-hasta-los-16-666-puntos-pendiente-de-la-fed","status":"publish","type":"post","link":"https:\/\/www.europesays.com\/es\/277329\/","title":{"rendered":"Ibex 35 inicia la semana con una ca\u00edda del 0,13% hasta los 16.666 puntos, pendiente de la Fed"},"content":{"rendered":"<p>El Ibex 35 ha comenzado la sesi\u00f3n de este lunes, festivo en Espa\u00f1a, con un ligero descenso del 0,13%, situ\u00e1ndose en los 16.666 puntos, en un arranque condicionado por la inminente reuni\u00f3n de pol\u00edtica monetaria de la Reserva Federal de Estados Unidos (Fed) del mi\u00e9rcoles, en la que el mercado da pr\u00e1cticamente por hecho una rebaja de los tipos de inter\u00e9s.<\/p>\n<p>En el frente corporativo nacional, Repsol comunic\u00f3 antes de la apertura de la Bolsa que Neo Next Energy, la compa\u00f1\u00eda que comparte con HitecVision, ha alcanzado un acuerdo estrat\u00e9gico con TotalEnergies para integrar sus actividades de petr\u00f3leo y gas en el Mar del Norte brit\u00e1nico, operaci\u00f3n que refuerza su presencia en esta zona productora.<\/p>\n<p>En el \u00e1mbito macroecon\u00f3mico internacional, se ha publicado que el Producto Interior Bruto (PIB) de Jap\u00f3n registr\u00f3 en el tercer trimestre una contracci\u00f3n m\u00e1s intensa de lo anticipado. La econom\u00eda japonesa cay\u00f3 un 0,6% entre julio y septiembre, dos d\u00e9cimas por encima de lo esperado, lastrada por el acusado descenso de las exportaciones y la reducci\u00f3n de la inversi\u00f3n del sector privado.<\/p>\n<p>Dentro del Ibex 35, en los primeros minutos de negociaci\u00f3n de este lunes, los avances m\u00e1s destacados del Ibex 35 correspond\u00edan a Indra (+1,31%), Acciona (+1,29%), Endesa (+0,85%), ACS (+0,74%) y Repsol, que se revalorizaba un 0,6%, liderando el grupo de valores en positivo.<\/p>\n<p>En el lado opuesto, entre los descensos sobresal\u00edan Banco Santander, con una ca\u00edda del 1,1%, Fluidra, que retroced\u00eda un 0,62%, y Telef\u00f3nica, cuyas acciones se dejaban casi un 0,5%, configurando el grupo de compa\u00f1\u00edas m\u00e1s castigadas en el arranque de la jornada.<\/p>\n<p>Los principales \u00edndices europeos comenzaban la sesi\u00f3n con un comportamiento dispar. Par\u00eds y Francfort retroced\u00edan un 0,3% y un 0,1% hacia las 9.15 horas, respectivamente, mientras que Mil\u00e1n se mov\u00eda ligeramente en negativo y Londres arrancaba con un leve repunte del 0,03%.<\/p>\n<p>En el mercado de materias primas energ\u00e9ticas, el precio del barril de crudo Brent, referencia para Europa, avanzaba cerca de un 0,2% hasta los 63,87 d\u00f3lares, mientras que el West Texas Intermediate (WTI), referencia en Estados Unidos, sumaba un 0,23% y se situaba en 60,22 d\u00f3lares.<\/p>\n<p>En el mercado de divisas, el euro se cambiaba por 1,1658 d\u00f3lares, en tanto que la rentabilidad del bono espa\u00f1ol a 10 a\u00f1os repuntaba hasta el 3,286%, reflejando un mayor rendimiento exigido por los inversores.<\/p>\n","protected":false},"excerpt":{"rendered":"El Ibex 35 ha comenzado la sesi\u00f3n de este lunes, festivo en Espa\u00f1a, con un ligero descenso del&hellip;\n","protected":false},"author":2,"featured_media":277330,"comment_status":"","ping_status":"","sticky":false,"template":"","format":"standard","meta":{"footnotes":""},"categories":[80],"tags":[82,95,94,25,24,23],"class_list":{"0":"post-277329","1":"post","2":"type-post","3":"status-publish","4":"format-standard","5":"has-post-thumbnail","7":"category-economia","8":"tag-business","9":"tag-economia","10":"tag-economy","11":"tag-es","12":"tag-espana","13":"tag-spain"},"share_on_mastodon":{"url":"https:\/\/pubeurope.com\/@es\/115683034784135846","error":""},"_links":{"self":[{"href":"https:\/\/www.europesays.com\/es\/wp-json\/wp\/v2\/posts\/277329","targetHints":{"allow":["GET"]}}],"collection":[{"href":"https:\/\/www.europesays.com\/es\/wp-json\/wp\/v2\/posts"}],"about":[{"href":"https:\/\/www.europesays.com\/es\/wp-json\/wp\/v2\/types\/post"}],"author":[{"embeddable":true,"href":"https:\/\/www.europesays.com\/es\/wp-json\/wp\/v2\/users\/2"}],"replies":[{"embeddable":true,"href":"https:\/\/www.europesays.com\/es\/wp-json\/wp\/v2\/comments?post=277329"}],"version-history":[{"count":0,"href":"https:\/\/www.europesays.com\/es\/wp-json\/wp\/v2\/posts\/277329\/revisions"}],"wp:featuredmedia":[{"embeddable":true,"href":"https:\/\/www.europesays.com\/es\/wp-json\/wp\/v2\/media\/277330"}],"wp:attachment":[{"href":"https:\/\/www.europesays.com\/es\/wp-json\/wp\/v2\/media?parent=277329"}],"wp:term":[{"taxonomy":"category","embeddable":true,"href":"https:\/\/www.europesays.com\/es\/wp-json\/wp\/v2\/categories?post=277329"},{"taxonomy":"post_tag","embeddable":true,"href":"https:\/\/www.europesays.com\/es\/wp-json\/wp\/v2\/tags?post=277329"}],"curies":[{"name":"wp","href":"https:\/\/api.w.org\/{rel}","templated":true}]}}