{"id":277343,"date":"2025-12-08T08:47:19","date_gmt":"2025-12-08T08:47:19","guid":{"rendered":"https:\/\/www.europesays.com\/es\/277343\/"},"modified":"2025-12-08T08:47:19","modified_gmt":"2025-12-08T08:47:19","slug":"cristian-frustra-al-granada-as-com","status":"publish","type":"post","link":"https:\/\/www.europesays.com\/es\/277343\/","title":{"rendered":"Cristian frustra al Granada &#8211; AS.com"},"content":{"rendered":"<p class=\"\">Granada y Ceuta empataron a un tanto en un partido que el conjunto rojiblanco propuso m\u00e1s, pero volvi\u00f3 a faltarle precisi\u00f3n en los \u00faltimos metros ante un equipo caballa que logr\u00f3 su objetivo, volvi\u00f3 a sumar gracias al golazo de Cristian.<\/p>\n<p class=\"\">Sali\u00f3 el Granada muy enchufado. Presionando arriba, robando r\u00e1pido y no dejando al Ceuta realizar transiciones r\u00e1pidas. Y generando mucho peligro. A los cuatro minutos, una gran acci\u00f3n de Sola que se fue de su par, lleg\u00f3 al \u00e1rea y puso un gran bal\u00f3n a Arn\u00e1iz, pero su tiro fue bloqueado, como el de Faye en el rechace y el \u00faltimo del talaverano se fue fuera por muy poco. Primer aviso antes del gol de Pascual despu\u00e9s de otro centro de Sola que toc\u00f3 Arn\u00e1iz. El gol se mascaba.<\/p>\n<p class=\"\">Hasta que lleg\u00f3. Fue el minuto 19 en una gran presi\u00f3n de los rojiblancos. Faye rob\u00f3, se la dej\u00f3 a Alema\u00f1 que se adentr\u00f3 en el \u00e1rea y tir\u00f3 al palo del portero, donde no se lo esperaba, para poner el primero en el marcador. El Granada dominaba ante un Ceuta KO. No consegu\u00edan los ceut\u00edes salir en transici\u00f3n, sobre todo, por la gran presi\u00f3n de un Granada muy serio que estaba cuajando una gran primera mitad. Ahora ten\u00eda que matar.<\/p>\n<p class=\"\">Pudo hacerlo Faye en otra gran jugada del senegal\u00e9s que se fue de un rival y tir\u00f3, pero Vallejo se mostr\u00f3 muy seguro. Tambi\u00e9n pudo marcar Alcaraz en dos c\u00f3rners que remat\u00f3 fuera. El Granada quer\u00eda, pero no terminaba de matar y el Ceuta pod\u00eda reaccionar en cualquier momento. Y lleg\u00f3 en la recta final. Fue una internada de Kone que Oscar par\u00f3 con falta en el lateral del \u00e1rea y desde ah\u00ed Cristian Gonz\u00e1lez mand\u00f3 un ob\u00fas que pas\u00f3 por encima de la cabeza de Luca, que reaccion\u00f3 tarde. Un gol que despert\u00f3 a los caballa y apag\u00f3 a los rojiblancos.<\/p>\n<p class=\"\">En la segunda mitad todo cambi\u00f3. Porque el Ceuta dio un paso adelante, con una presi\u00f3n alta y no dejando respirar a un Granada que parec\u00eda otro desde el tanto encajado. La tuvo Rub\u00e9n D\u00edez en un tiro desde fuera del \u00e1rea que sac\u00f3 Luca y despu\u00e9s un remate de Matos en un c\u00f3rner que se estrell\u00f3 en el larguero. Un inicio fulgurante que encerr\u00f3 a los rojiblancos.<\/p>\n<p class=\"\">El Granada se fue desprendiendo de ese control, poco a poco el partido se fue igualando con un conjunto rojiblanco m\u00e1s metido, pero al que le faltaba precisi\u00f3n sobre todo por parte de sus alas, Faye y Sola. Pero el Ceuta tampoco consegu\u00eda encerrar a los locales en su \u00e1rea ni crear peligro real en la meta de Luca.<\/p>\n<p>Noticias relacionadas<\/p>\n<p class=\"\">Entre faltas, pocas llegadas y muchas imprecisiones, Granada y Ceuta se llevaron un punto cada uno que sabe a poco a los rojiblancos y a victoria a los caballas. <\/p>\n<p class=\"\"><b>\u00a1Tus opiniones importan!<\/b> Comenta en los art\u00edculos y suscr\u00edbete gratis a nuestra <a href=\"https:\/\/asfan.as.com\/newsletters\/\" target=\"_blank\" rel=\"nofollow noopener\" title=\"https:\/\/asfan.as.com\/newsletters\/\">newsletter<\/a> y a las alertas informativas en la <a href=\"https:\/\/as.com\/aplicacion-de-as-n\/\" target=\"_blank\" rel=\"nofollow noopener\" title=\"https:\/\/as.com\/aplicacion-de-as-n\/\">App<\/a> o el canal de <a href=\"https:\/\/www.whatsapp.com\/channel\/0029VaAasdA7j6g745nz9M10\" target=\"_blank\" rel=\"nofollow noopener\" title=\"https:\/\/www.whatsapp.com\/channel\/0029VaAasdA7j6g745nz9M10\">WhatsApp<\/a>. \u00bfBuscas licenciar contenido? Haz clic <a href=\"https:\/\/profesional.elpais.com\/soluciones-sindicacion?utm_medium=interno&amp;utm_source=crosslinking&amp;utm_campaign=sindicacion_as_pie_articulos\" target=\"_blank\" rel=\"nofollow noopener\" title=\"https:\/\/profesional.elpais.com\/soluciones-sindicacion?utm_medium=interno&amp;utm_source=crosslinking&amp;utm_campaign=sindicacion_as_pie_articulos\">aqu\u00ed<\/a><\/p>\n<p>                            A. D. Ceuta<\/p>\n<p>                                                                                                                                                                                                                                                                                            <img decoding=\"async\" title=\"A. D. Ceuta\" loading=\"lazy\" src=\"https:\/\/www.europesays.com\/es\/wp-content\/uploads\/2025\/12\/4054.png\"  width=\"80\" height=\"80\" data-error-image=\"https:\/\/static.prisa.com\/aside\/resizer\/resize\/img\/sports\/football\/teams\/default.png?width=160&amp;height=160\"\/><\/p>\n<p class=\"stat-tl ev-fw-tl\"><strong>Cambios<\/strong><\/p>\n<p class=\"ev-text-aux\">\n                            <strong>Pau Casades\u00fas<\/strong> (56&#8242;, Oscar Naasei Oppong),                             <strong>Manu Trigueros<\/strong> (73&#8242;, Rub\u00e9n Alcaraz),                             <strong>Kuki Zalazar<\/strong> (78&#8242;, Konrad de la Fuente),                             <strong>Luka Gagnidze<\/strong> (82&#8242;, Pedro Alema\u00f1),                             <strong>Mohamed Bouldini<\/strong> (82&#8242;, Jos\u00e9 Arn\u00e1iz),                             <strong>Youness Lachhab<\/strong> (86&#8242;, Rub\u00e9n D\u00edez),                             <strong>Redru<\/strong> (92&#8242;, Aisar),                             <strong>Josema<\/strong> (92&#8242;, Cristian Rodr\u00edguez),                             <strong>Salvi S\u00e1nchez<\/strong> (92&#8242;, Kialy Abdoul Kone)                        <\/p>\n<p class=\"stat-tl ev-fw-tl\"><strong>Goles<\/strong><\/p>\n<p class=\"ev-text-aux\">\n                                                                                                        1-0, 18&#8242;: <strong>Pedro Serra<\/strong>,                                                                                 1-1, 39&#8242;: <strong>Cristian Rodr\u00edguez<\/strong>                        <\/p>\n<p class=\"stat-tl ev-fw-tl\"><strong>Tarjetas<\/strong><\/p>\n<p class=\"ev-text-aux\">\n                Arbitro: Carlos Mu\u00f1iz Mu\u00f1oz<br \/>Arbitro VAR: Iv\u00e1n Caparros Hern\u00e1ndez, Alejandro Ojaos Valera<br \/><strong>Pedro Serra<\/strong> (33&#8242;,Amarilla),                                     <strong>Oscar Naasei Oppong<\/strong> (38&#8242;,Amarilla),                                     <strong>Marcos Fern\u00e1ndez<\/strong> (61&#8242;,Amarilla),                                     <strong>Yann Bodiger<\/strong> (67&#8242;,Amarilla)                            <\/p>\n","protected":false},"excerpt":{"rendered":"Granada y Ceuta empataron a un tanto en un partido que el conjunto rojiblanco propuso m\u00e1s, pero volvi\u00f3&hellip;\n","protected":false},"author":2,"featured_media":277344,"comment_status":"","ping_status":"","sticky":false,"template":"","format":"standard","meta":{"footnotes":""},"categories":[268],"tags":[168,25,24,280,282,281,23,167],"class_list":{"0":"post-277343","1":"post","2":"type-post","3":"status-publish","4":"format-standard","5":"has-post-thumbnail","7":"category-futbol","8":"tag-deportes","9":"tag-es","10":"tag-espana","11":"tag-football","12":"tag-futbol","13":"tag-soccer","14":"tag-spain","15":"tag-sports"},"share_on_mastodon":{"url":"https:\/\/pubeurope.com\/@es\/115683081914623520","error":""},"_links":{"self":[{"href":"https:\/\/www.europesays.com\/es\/wp-json\/wp\/v2\/posts\/277343","targetHints":{"allow":["GET"]}}],"collection":[{"href":"https:\/\/www.europesays.com\/es\/wp-json\/wp\/v2\/posts"}],"about":[{"href":"https:\/\/www.europesays.com\/es\/wp-json\/wp\/v2\/types\/post"}],"author":[{"embeddable":true,"href":"https:\/\/www.europesays.com\/es\/wp-json\/wp\/v2\/users\/2"}],"replies":[{"embeddable":true,"href":"https:\/\/www.europesays.com\/es\/wp-json\/wp\/v2\/comments?post=277343"}],"version-history":[{"count":0,"href":"https:\/\/www.europesays.com\/es\/wp-json\/wp\/v2\/posts\/277343\/revisions"}],"wp:featuredmedia":[{"embeddable":true,"href":"https:\/\/www.europesays.com\/es\/wp-json\/wp\/v2\/media\/277344"}],"wp:attachment":[{"href":"https:\/\/www.europesays.com\/es\/wp-json\/wp\/v2\/media?parent=277343"}],"wp:term":[{"taxonomy":"category","embeddable":true,"href":"https:\/\/www.europesays.com\/es\/wp-json\/wp\/v2\/categories?post=277343"},{"taxonomy":"post_tag","embeddable":true,"href":"https:\/\/www.europesays.com\/es\/wp-json\/wp\/v2\/tags?post=277343"}],"curies":[{"name":"wp","href":"https:\/\/api.w.org\/{rel}","templated":true}]}}