{"id":277362,"date":"2025-12-08T09:00:13","date_gmt":"2025-12-08T09:00:13","guid":{"rendered":"https:\/\/www.europesays.com\/es\/277362\/"},"modified":"2025-12-08T09:00:13","modified_gmt":"2025-12-08T09:00:13","slug":"registrado-un-terremoto-de-magnitud-4-con-epicentro-en-iruna-de-oka-alava","status":"publish","type":"post","link":"https:\/\/www.europesays.com\/es\/277362\/","title":{"rendered":"Registrado un terremoto de magnitud 4 con epicentro en Iru\u00f1a de Oka (\u00c1lava)"},"content":{"rendered":"<p>08\/12\/2025<br \/>\n<br \/><strong><br \/>\nActualizado a las 09:49h.<br \/>\n<\/strong><\/p>\n<p class=\"voc-p\" style=\"\">Un terremoto de magnitud 4, con epicentro en Iru\u00f1a de Oka \/Nanclares (\u00c1lava) <strong>se ha registrado a las 00.10 horas de este lunes y se ha percibido en Vitoria-Gasteiz <\/strong>y en numerosos municipios del territorio, sin que consten da\u00f1os a personas ni bienes,  &#8230; seg\u00fan ha informado el departamento de Seguridad.<\/p>\n<p class=\"voc-p\" style=\"\">El Centro de Coordinaci\u00f3n de Emergencias del Gobierno Vasco <strong>ha registrado 143 llamadas relacionadas con el incidente<\/strong>, sobre todo, con los mensajes autom\u00e1ticos enviados por algunos sistemas operativos de algunos m\u00f3viles.<\/p>\n<p class=\"voc-p\" style=\"\">Tras el terremoto, SOS Deiak indicaba que no se esperan r\u00e9plicas y, si las hubiera, ser\u00edan de<strong> menor magnitud e imperceptibles para la ciudadan\u00eda<\/strong>. Tambi\u00e9n ha pedido, tranquilidad a la ciudadan\u00eda y seguir \u00fanicamente la informaci\u00f3n oficial.<\/p>\n<p>\nArt\u00edculo solo para suscriptores\n<\/p>\n<p>Reportar un error<\/p>\n","protected":false},"excerpt":{"rendered":"08\/12\/2025 Actualizado a las 09:49h. Un terremoto de magnitud 4, con epicentro en Iru\u00f1a de Oka \/Nanclares (\u00c1lava)&hellip;\n","protected":false},"author":2,"featured_media":277363,"comment_status":"","ping_status":"","sticky":false,"template":"","format":"standard","meta":{"footnotes":""},"categories":[8],"tags":[3935,17,18,18561,25,24,13,14,11,67536,19,20,8909,9,10,15,16,67537,61063,23,7049,12,21,22],"class_list":{"0":"post-277362","1":"post","2":"type-post","3":"status-publish","4":"format-standard","5":"has-post-thumbnail","7":"category-espana","8":"tag-alava","9":"tag-breaking-news","10":"tag-breakingnews","11":"tag-epicentro","12":"tag-es","13":"tag-espana","14":"tag-featured-news","15":"tag-featurednews","16":"tag-headlines","17":"tag-iruna","18":"tag-latest-news","19":"tag-latestnews","20":"tag-magnitud","21":"tag-news","22":"tag-noticias","23":"tag-noticias-destacadas","24":"tag-noticiasdestacadas","25":"tag-oka","26":"tag-registrado","27":"tag-spain","28":"tag-terremoto","29":"tag-titulares","30":"tag-ultimas-noticias","31":"tag-ultimasnoticias"},"share_on_mastodon":{"url":"https:\/\/pubeurope.com\/@es\/115683133188710080","error":""},"_links":{"self":[{"href":"https:\/\/www.europesays.com\/es\/wp-json\/wp\/v2\/posts\/277362","targetHints":{"allow":["GET"]}}],"collection":[{"href":"https:\/\/www.europesays.com\/es\/wp-json\/wp\/v2\/posts"}],"about":[{"href":"https:\/\/www.europesays.com\/es\/wp-json\/wp\/v2\/types\/post"}],"author":[{"embeddable":true,"href":"https:\/\/www.europesays.com\/es\/wp-json\/wp\/v2\/users\/2"}],"replies":[{"embeddable":true,"href":"https:\/\/www.europesays.com\/es\/wp-json\/wp\/v2\/comments?post=277362"}],"version-history":[{"count":0,"href":"https:\/\/www.europesays.com\/es\/wp-json\/wp\/v2\/posts\/277362\/revisions"}],"wp:featuredmedia":[{"embeddable":true,"href":"https:\/\/www.europesays.com\/es\/wp-json\/wp\/v2\/media\/277363"}],"wp:attachment":[{"href":"https:\/\/www.europesays.com\/es\/wp-json\/wp\/v2\/media?parent=277362"}],"wp:term":[{"taxonomy":"category","embeddable":true,"href":"https:\/\/www.europesays.com\/es\/wp-json\/wp\/v2\/categories?post=277362"},{"taxonomy":"post_tag","embeddable":true,"href":"https:\/\/www.europesays.com\/es\/wp-json\/wp\/v2\/tags?post=277362"}],"curies":[{"name":"wp","href":"https:\/\/api.w.org\/{rel}","templated":true}]}}