{"id":277386,"date":"2025-12-08T09:18:15","date_gmt":"2025-12-08T09:18:15","guid":{"rendered":"https:\/\/www.europesays.com\/es\/277386\/"},"modified":"2025-12-08T09:18:15","modified_gmt":"2025-12-08T09:18:15","slug":"con-las-zambombas-y-las-cenas-de-empresa-se-van-a-disparar-los-contagios","status":"publish","type":"post","link":"https:\/\/www.europesays.com\/es\/277386\/","title":{"rendered":"\u00abCon las zambombas y las cenas de empresa se van a disparar los contagios\u00bb"},"content":{"rendered":"<p class=\"voc-p\" style=\"\">La incidencia por las Infecciones Respiratorias Agudas (IRAs) se ha disparado en la <strong>provincia de C\u00e1diz<\/strong> en las \u00faltimas semanas. <strong>Seg\u00fan los datos publicados por la Junta de Andaluc\u00eda, entre el 17 y el 23 de noviembre, la incidencia alcanz\u00f3 los 450,7 casos por cada 100.000 habitantes.<\/strong> La semana anteriores hab\u00eda sido de 413,2 por cada 100.000 habitantes. En la comunidad aut\u00f3noma, el porcentaje de positividad para la gripe alcanz\u00f3 el 21,6%, pr\u00e1cticamente duplicando el 11,5% registrado la semana anterior.<\/p>\n<p class=\"voc-p\" style=\"\">Los expertos se\u00f1alan que en 2025 la gran oleada de contagios se ha adelantado unas cinco semanas y estas cifras tan elevadas son m\u00e1s habituales en enero, una vez han pasado las fiestas, por las grandes concentraciones de personas. Adem\u00e1s, este a\u00f1o est\u00e1 presente la variante K del virus de la Gripe A, que consigue eludir buena parte del efecto de la vacuna y presenta una mayor capacidad de transmisi\u00f3n, por lo que es m\u00e1s sencillo el contagio entre personas.<\/p>\n<p class=\"voc-title\">La incidencia por infecciones respiratorias agudas supera los 450,7 contagios por cada 100.000 habitantes en C\u00e1diz<\/p>\n<p class=\"voc-p\" style=\"\">No obstante, se espera que en las pr\u00f3ximas semanas a incidencia aumente. <strong>Sandra P\u00e9rez, secretaria del Colegio de Farmac\u00e9uticos de C\u00e1diz<\/strong> afirma que \u00abcon el tema de las zambombas, las cenas de empresa, que empezamos con el fr\u00edo y la gente se empieza a acumular, se van a disparar los contagios\u00bb.<\/p>\n<p class=\"voc-p\" style=\"\">Ante este posible incremento en el n\u00famero de contagios \u00abpor las fiestas de los pr\u00f3ximos d\u00edas\u00bb, resalta la importancia de la vacunaci\u00f3n, sobre todo para los pacientes mayores de 70 a\u00f1os, a las embarazadas y las personas con enfermedades cr\u00f3nicas, las personas convivientes con estas personas susceptibles de ponerse malas\u00bb.<\/p>\n<p class=\"voc-p\" style=\"\">\u00abLa vacunaci\u00f3n es importante porque disminuye el n\u00famero de ingresos, disminuye el n\u00famero de neumon\u00edas y disminuye el n\u00famero de muertes\u00bb, afirma. <\/p>\n<p>\nLas ventas crecen un 50% con respecto a 2024\n<\/p>\n<p class=\"voc-p\" style=\"\">En las \u00faltimas semanas, y a ra\u00edz de este repunte de contagios, las ventas de medicamentos contra la gripe y otras IRAs. \u00abEn noviembre se ha vendido casi un 50% m\u00e1s que el a\u00f1o pasado\u00bb, mientras que en los primeros d\u00edas del mes de diciembre \u00abest\u00e1 sobre el 100%\u00bb el incremento en la venta de productos farmac\u00e9uticos.<\/p>\n<p><img decoding=\"async\" loading=\"lazy\" src=\"https:\/\/www.europesays.com\/es\/wp-content\/uploads\/2025\/12\/hospital-U61110650836nnc-760x427@abc.jpg\" class=\"voc-img\" width=\"760\" height=\"427\" alt=\"Varias personas llevan mascarilla en el hospital\" data-voc-vtm-id=\"in-text-traffic\"\/><\/p>\n<p>Varias personas llevan mascarilla en el hospital<\/p>\n<p>Valerio MERINO<\/p>\n<p class=\"voc-p\" style=\"\">\u00abHay un incremento bastante elevado comparado con el mismo periodo del a\u00f1o pasado porque, como se comenta, la gripe se ha adelantado entre cuatro y siete semanas\u00bb, afirma. <strong>En todos los medicamentos, ya sea para la gripe, la tos y la fiebre \u00abya sean antigripales, los combinados que vienen el analg\u00e9sico con el antitusivo, los que son antit\u00e9rmicos o los que son antitusivos, en todos hay un incremento en noviembre y en diciembre\u00bb<\/strong>. Por otro lado, apunta que se ha producido un incremento en la compra de mascarillas. \u00abEstamos empezando a vender m\u00e1s\u00bb. <\/p>\n<p class=\"voc-title\">Se ha producido un incremento notorio en las venta de mascarillas ante el aumento de contagios<\/p>\n<p class=\"voc-p\" style=\"\">Existen diferencias en la compra de medicamentos en funci\u00f3n de la edad del enfermo y las patolog\u00edas previas que tenga. Una persona \u00abaparentemente sana\u00bb que \u00abno se va a complicar\u00bb habitualmente \u00abacude a la farmacia y pide un antigripal\u00bb. Es un tratamiento sintom\u00e1tico: \u00abUna persona toma el medicamento y se calman los s\u00edntomas, pero el sistema inmunitario es el que va a curarlo\u00bb. Por tanto, \u00ab<strong>llevar a una persona que no se va a complicar a una consulta y poder ocasionar que las urgencias est\u00e9n saturadas, creo que en esos casos lo m\u00e1s id\u00f3neo es ir a la farmacia, tomar un tratamiento, estar en reposo, hidratarte y ya est\u00e1\u00bb.<\/strong><\/p>\n<p class=\"voc-p\" style=\"\">Por otro lado, hay personas que pueden ser pacientes con cardiopat\u00edas o que con ni\u00f1os peque\u00f1os que \u00abacuden al centro de salud porque tienen m\u00e1s miedo, porque tienen una fiebre m\u00e1s alta que les provoca inseguridad\u00bb, pero \u00ablo m\u00e1s normal es que una persona no se complique y vaya a la farmacia\u00bb. No obstante, si despu\u00e9s de tres o cuatro d\u00edas el paciente \u00absigue sinti\u00e9ndose mal, ve que est\u00e1 empeorando y no hay mejor\u00eda, lo recomendable es ir a un centro de salud, por si hay una sobreinfecci\u00f3n bacteriana\u00bb. Aun as\u00ed, recalca que \u00absi una persona tiene hipertensi\u00f3n, o tiene 39 de fiebre, es normal que se asuste y vaya a urgencias\u00bb, pero <strong>\u00abhay que tener cuidado porque en urgencias hay una atm\u00f3sfera de virus y tambi\u00e9n puedes contagiarte\u00bb<\/strong>, por lo que \u00abes importante usar la mascarilla\u00bb.<\/p>\n<p>\n\u00abCreo que va a haber un repunte en la vacunaci\u00f3n\u00bb\n<\/p>\n<p class=\"voc-p\" style=\"\">A ra\u00edz de la pandemia del COVID-19 la sociedad comprendi\u00f3 la importancia de protegerse con el uso de las mascarillas y la vacunaci\u00f3n. \u00abLa gente mayor est\u00e1 muy concienciada porque ellos saben que si cogen una enfermedad respiratoria se puede complicar\u00bb, pero \u00abhay una parte de la poblaci\u00f3n que tal vez se haya relajado un poco\u00bb.<\/p>\n<p class=\"voc-p\" style=\"\"><strong>\u00abCreo que va a haber un repunte en la vacunaci\u00f3n\u00bb<\/strong>, afirma, sobre todo a ra\u00edz de los mensajes en los \u00faltimos d\u00edas en los medios de comunicaci\u00f3n de expertos aconsej\u00e1ndolo. <\/p>\n<p class=\"voc-p\" style=\"\">En cuanto a las mascarillas, \u00aben la pandemia todo el mundo las usaba, pero ahora se han dejado de utilizar\u00bb, pero \u00abse est\u00e1n vendiendo m\u00e1s porque la poblaci\u00f3n las est\u00e1 empezando a pedir\u00bb, y \u00abaunque no vaya a ser tan generalizado como con el COVID-19, se van a ver muchas mascarillas en la calle\u00bb.<\/p>\n<p>\n\u00abSe venden m\u00e1s mascarillas que el a\u00f1o pasado\u00bb\n<\/p>\n<p class=\"voc-p\" style=\"\"><strong>Susana G\u00f3mez<\/strong>, farmac\u00e9utica en la farmacia Montabes de Chiclana, afirma que la venta de medicamentos contra la gripe o cualquier otra IRA se mantienen \u00abigual que el a\u00f1o pasado\u00bb y en su caso no han notado un incremento profundo de las ventas. Sin embargo, \u00abs\u00ed se venden m\u00e1s mascarillas que el a\u00f1o pasado\u00bb, sobre todo \u00abpara los pacientes que vayan a ir a urgencias o que tengan una cita m\u00e9dica\u00bb. Por otro lado, <strong>Roc\u00edo Gallo<\/strong>, farmac\u00e9utica en la farmacia La Estaci\u00f3n de Puerto Real, reconoce que \u00abest\u00e1 aumentando las ventas de antigripales, y sobre todo de jarabe para la tos\u00bb.<\/p>\n<p class=\"voc-title\">Roc\u00edo Gallo, farmac\u00e9utica: \u00abEst\u00e1 aumentando la venta de antigripales, y sobre todo de jarabe para la tos\u00bb<\/p>\n<p class=\"voc-p\" style=\"\"><strong>David Gonz\u00e1lez,<\/strong> enfermero en Jerez, apunta a que \u00abestamos atendiendo a unas diez personas todos los d\u00edas en urgencias con s\u00edntomas catarrales: tos seca y mucosa, dolor de cabeza, dolor de garganta y malestar general\u00bb. Se\u00f1ala que el pasado lunes 1 de diciembre <strong>\u00aba las 18.00 horas ya no hab\u00eda horas disponibles en el sistema para atender a la gente\u00bb,<\/strong> y se\u00f1ala que \u00abcon el paso de los d\u00edas est\u00e1 aumentando mucho la atenci\u00f3n a pacientes con este tipo de patolog\u00eda\u00bb. Afirma adem\u00e1s que en los centros de salud, un m\u00e9dico de Atenci\u00f3n Primaria \u00abpuede tener un retraso con las citas de unos 20 d\u00edas\u00bb, por lo que muchos deciden ir directamente a urgencias. Recalca la importancia de la vacunaci\u00f3n. \u00abHay una nueva variante del virus que se presenta como muy contagiosa\u00bb.<\/p>\n<p class=\"voc-title\">David Gonz\u00e1lez, enfermero: \u00abTodos los d\u00edas atendemos a unas diez personas en urgencias con s\u00edntomas catarrales\u00bb<\/p>\n<p class=\"voc-p\" style=\"\"><strong>Carlos Molins<\/strong>, enfermero en el Hospital de Puerto Real en la planta de cardiolog\u00eda, urolog\u00eda y otorrinolaringolog\u00eda, destaca que \u00abaqu\u00ed tenemos pocos casos de personas con gripe\u00bb, pero afirma que \u00abel pasado fin de semana hab\u00eda tres personas ingresadas con gripe y uno con el COVID-19\u00bb. En 2024 y ante la alta incidencia \u00abhubo pacientes con gripe u otra enfermedad respiratoria que metieron en nuestra planta sin ser de la unidad porque no hab\u00eda m\u00e1s huecos en el hospital\u00bb.<\/p>\n<p>Reportar un error<\/p>\n","protected":false},"excerpt":{"rendered":"La incidencia por las Infecciones Respiratorias Agudas (IRAs) se ha disparado en la provincia de C\u00e1diz en las&hellip;\n","protected":false},"author":2,"featured_media":277387,"comment_status":"","ping_status":"","sticky":false,"template":"","format":"standard","meta":{"footnotes":""},"categories":[92],"tags":[14985,2193,67542,23295,16860,4269,25,24,67541,7749,165,166,57,23,6174,64046],"class_list":{"0":"post-277386","1":"post","2":"type-post","3":"status-publish","4":"format-standard","5":"has-post-thumbnail","7":"category-salud","8":"tag-alertan","9":"tag-cadiz","10":"tag-cenas","11":"tag-contagios","12":"tag-disparar","13":"tag-empresa","14":"tag-es","15":"tag-espana","16":"tag-farmaceuticos","17":"tag-gripe","18":"tag-health","19":"tag-salud","20":"tag-sobre","21":"tag-spain","22":"tag-van","23":"tag-zambombas"},"share_on_mastodon":{"url":"https:\/\/pubeurope.com\/@es\/115683204471100205","error":""},"_links":{"self":[{"href":"https:\/\/www.europesays.com\/es\/wp-json\/wp\/v2\/posts\/277386","targetHints":{"allow":["GET"]}}],"collection":[{"href":"https:\/\/www.europesays.com\/es\/wp-json\/wp\/v2\/posts"}],"about":[{"href":"https:\/\/www.europesays.com\/es\/wp-json\/wp\/v2\/types\/post"}],"author":[{"embeddable":true,"href":"https:\/\/www.europesays.com\/es\/wp-json\/wp\/v2\/users\/2"}],"replies":[{"embeddable":true,"href":"https:\/\/www.europesays.com\/es\/wp-json\/wp\/v2\/comments?post=277386"}],"version-history":[{"count":0,"href":"https:\/\/www.europesays.com\/es\/wp-json\/wp\/v2\/posts\/277386\/revisions"}],"wp:featuredmedia":[{"embeddable":true,"href":"https:\/\/www.europesays.com\/es\/wp-json\/wp\/v2\/media\/277387"}],"wp:attachment":[{"href":"https:\/\/www.europesays.com\/es\/wp-json\/wp\/v2\/media?parent=277386"}],"wp:term":[{"taxonomy":"category","embeddable":true,"href":"https:\/\/www.europesays.com\/es\/wp-json\/wp\/v2\/categories?post=277386"},{"taxonomy":"post_tag","embeddable":true,"href":"https:\/\/www.europesays.com\/es\/wp-json\/wp\/v2\/tags?post=277386"}],"curies":[{"name":"wp","href":"https:\/\/api.w.org\/{rel}","templated":true}]}}