{"id":277392,"date":"2025-12-08T09:21:15","date_gmt":"2025-12-08T09:21:15","guid":{"rendered":"https:\/\/www.europesays.com\/es\/277392\/"},"modified":"2025-12-08T09:21:15","modified_gmt":"2025-12-08T09:21:15","slug":"solo-un-9-confia-en-las-ayudas-al-coche-electrico-en-espana","status":"publish","type":"post","link":"https:\/\/www.europesays.com\/es\/277392\/","title":{"rendered":"S\u00f3lo un 9% conf\u00eda en las ayudas al coche el\u00e9ctrico en Espa\u00f1a"},"content":{"rendered":"<p>El Gobierno central acaba de presentar <a href=\"https:\/\/planderecuperacion.gob.es\/noticias\/pedro-sanchez-presenta-plan-espana-auto-2030-prtr\" target=\"_blank\" rel=\"noopener nofollow\">el Plan Auto 2030<\/a>, con <strong>400 millones de euros en ayudas directas para la adquisici\u00f3n de veh\u00edculos el\u00e9ctricos.<\/strong> Se trata de un nuevo fondo gestionado de manera \u00fanica con la intenci\u00f3n de acelerar la transici\u00f3n ecol\u00f3gica. Sin embargo, la aceptaci\u00f3n entre los ciudadanos muestra un contraste preocupante: la mayor\u00eda de los conductores a\u00fan prioriza el coche h\u00edbrido y mantiene dudas sobre la inversi\u00f3n en un coche el\u00e9ctrico.<\/p>\n<p>Las<strong> estad\u00edsticas del Foro de Movilidad de Alphabet<\/strong> reflejan que el conocimiento sobre planes como el <a href=\"https:\/\/movilidadelectrica.com\/situacion-dinero-plan-moves-iii\/\" target=\"_blank\" rel=\"noopener nofollow\">Plan MOVES III<\/a> ha crecido, pero no ha generado un aumento real en la intenci\u00f3n de compra. Las cifras indican que las ayudas financieras no son un factor determinante para comprar un coche el\u00e9ctrico en la mayor\u00eda de los conductores espa\u00f1oles.<\/p>\n<p>Desconexi\u00f3n entre subvenciones y decisiones de compra de coche el\u00e9ctrico<\/p>\n<p>A pesar de que el 32% de la poblaci\u00f3n conoce el Plan MOVES, <strong>s\u00f3lo un peque\u00f1o porcentaje considera estas ayudas como motivo suficiente para cambiar a un coche el\u00e9ctrico<\/strong>. El dato m\u00e1s llamativo indica que \u00fanicamente el 9% de los espa\u00f1oles lo ve como relevante.<\/p>\n<p><a href=\"https:\/\/movilidadelectrica.com\/wp-content\/uploads\/2025\/12\/ayudas-Plan-Auto-2030-al-coche-electrico.jpg\" rel=\"nofollow noopener\" target=\"_blank\"><img loading=\"lazy\" decoding=\"async\" class=\"alignnone size-large wp-image-126070\" src=\"data:image\/svg+xml,%3Csvg%20xmlns=\" http:=\"\" alt=\"Las nuevas ayudas del Plan Auto 2030 no logran motivar la compra entre los espa\u00f1oles.&#10;&#10;\" width=\"1024\" height=\"672\" data-lazy- data-lazy- data-lazy-src=\"https:\/\/www.europesays.com\/es\/wp-content\/uploads\/2025\/12\/ayudas-Plan-Auto-2030-al-coche-electrico-1024x672.jpg\"\/><\/a><\/p>\n<p>Esta brecha entre informaci\u00f3n y acci\u00f3n muestra que <strong>los fondos disponibles no se traducen en una adopci\u00f3n efectiva.<\/strong> De hecho, el 28% percibe las ayudas como \u00fatiles, frente al 35% del a\u00f1o anterior, evidenciando un retroceso en la confianza hacia estas pol\u00edticas.<\/p>\n<p>El an\u00e1lisis apunta a que los problemas mec\u00e1nicos o la necesidad de renovaci\u00f3n siguen siendo el motor principal para adquirir un coche el\u00e9ctrico nuevo, dejando las subvenciones como un factor secundario. <strong>Esta realidad representa un reto fundamental para el Plan Auto 2030.<\/strong><\/p>\n<p>Barreras que frenan el coche el\u00e9ctrico<\/p>\n<p>Seg\u00fan el Foro de Movilidad de Alphabet, la intenci\u00f3n de compra de veh\u00edculos el\u00e9ctricos ha descendido al 8% en 2025, cinco puntos menos que en 2024. Entre las principales razones, <strong>destacan el alto precio (28%), la autonom\u00eda limitada (26%) y la escasez de puntos de carga (23%).<\/strong><\/p>\n<blockquote>\n<p><a href=\"https:\/\/movilidadelectrica.com\/matriculaciones-coches-electricos-septiembre\/\" target=\"_blank\" rel=\"noopener nofollow\">Las matriculaciones en septiembre siguen doblando cifras pese a la terminaci\u00f3n de las ayudas<\/a><\/p>\n<\/blockquote>\n<p>\u00a0<\/p>\n<p>El coste inicial contin\u00faa siendo un obst\u00e1culo insalvable para muchos, ya que l<strong>a mitad de los espa\u00f1oles no est\u00e1 dispuesta a pagar m\u00e1s por un coche el\u00e9ctrico.<\/strong> S\u00f3lo un tercio aceptar\u00eda un sobrecoste de hasta 5.000 euros, lo que refleja una fuerte resistencia econ\u00f3mica.<\/p>\n<p>Estas barreras demuestran que el \u00e9xito del Plan Auto 2030 depende no s\u00f3lo de los fondos p\u00fablicos, tambi\u00e9n de ofrecer soluciones tangibles que acerquen la movilidad el\u00e9ctrica a la realidad financiera del ciudadano medio.<\/p>\n<p>Tendencias de movilidad y preferencias de los espa\u00f1oles<\/p>\n<p>El Foro de Movilidad de Alphabet <strong>revela que los veh\u00edculos h\u00edbridos se mantienen como la opci\u00f3n m\u00e1s atractiva, elegida por el 40% de los espa\u00f1oles frente al 8% que se inclina por un coche el\u00e9ctrico.<\/strong> Este dato refleja un cambio de comportamiento en la elecci\u00f3n de transporte.<\/p>\n<blockquote>\n<p><a href=\"https:\/\/movilidadelectrica.com\/fabricantes-automoviles-retiran-modelos-electricos-en-estados-unidos\/\" target=\"_blank\" rel=\"noopener nofollow\">El fin de las ayudas en EEUU tiene consecuencias: Honda y Nissan cambian su estrategia de veh\u00edculos el\u00e9ctricos<\/a><\/p>\n<\/blockquote>\n<p>Adem\u00e1s, el estudio muestra que, aunque existe m\u00e1s conocimiento sobre los programas de ayudas, <strong>la percepci\u00f3n sobre su efectividad no ha mejorado<\/strong>. La estrategia de centralizar fondos busca simplificar el acceso, pero no garantiza un aumento en la adopci\u00f3n de coches el\u00e9ctricos.<\/p>\n<p><strong>El Foro se ha consolidado como un observatorio fiable, basado en m\u00e1s de 5.000 entrevistas<\/strong> con un margen de error de \u00b11,4%, lo que permite interpretar las decisiones de movilidad de la poblaci\u00f3n espa\u00f1ola con precisi\u00f3n. La informaci\u00f3n recopilada sirve para que tanto instituciones como empresas ajusten sus pol\u00edticas a la realidad del consumidor.<\/p>\n<p>Te puede interesar\u2026<\/p>\n<p><a class=\"m-a-box-avatar-url\" href=\"\"><img loading=\"lazy\" decoding=\"async\" width=\"150\" height=\"150\" src=\"data:image\/svg+xml,%3Csvg%20xmlns=\" http:=\"\" class=\"attachment-150x150 size-150x150\" alt=\"\" itemprop=\"image\" data-lazy- data-lazy- data-lazy-src=\"https:\/\/www.europesays.com\/es\/wp-content\/uploads\/2025\/08\/BelenPerfil-150x150.jpg\"\/><\/a><\/p>\n<p>Soy una periodista madrile\u00f1a con m\u00e1s de 25 a\u00f1os de experiencia. Curs\u00e9 los estudios de periodismo en el Centro de Estudios Universitarios San Pablo CEU. A lo largo de mi trayectoria profesional he trabajado en medios como Motor 16, Km77, Car &amp; Driver o Quad &amp; Jet, y he colaborado con departamentos de prensa como el de BMW.<\/p>\n","protected":false},"excerpt":{"rendered":"El Gobierno central acaba de presentar el Plan Auto 2030, con 400 millones de euros en ayudas directas&hellip;\n","protected":false},"author":2,"featured_media":277393,"comment_status":"","ping_status":"","sticky":false,"template":"","format":"standard","meta":{"footnotes":""},"categories":[80],"tags":[82,95,94,25,24,23],"class_list":{"0":"post-277392","1":"post","2":"type-post","3":"status-publish","4":"format-standard","5":"has-post-thumbnail","7":"category-economia","8":"tag-business","9":"tag-economia","10":"tag-economy","11":"tag-es","12":"tag-espana","13":"tag-spain"},"share_on_mastodon":{"url":"https:\/\/pubeurope.com\/@es\/115683215602812123","error":""},"_links":{"self":[{"href":"https:\/\/www.europesays.com\/es\/wp-json\/wp\/v2\/posts\/277392","targetHints":{"allow":["GET"]}}],"collection":[{"href":"https:\/\/www.europesays.com\/es\/wp-json\/wp\/v2\/posts"}],"about":[{"href":"https:\/\/www.europesays.com\/es\/wp-json\/wp\/v2\/types\/post"}],"author":[{"embeddable":true,"href":"https:\/\/www.europesays.com\/es\/wp-json\/wp\/v2\/users\/2"}],"replies":[{"embeddable":true,"href":"https:\/\/www.europesays.com\/es\/wp-json\/wp\/v2\/comments?post=277392"}],"version-history":[{"count":0,"href":"https:\/\/www.europesays.com\/es\/wp-json\/wp\/v2\/posts\/277392\/revisions"}],"wp:featuredmedia":[{"embeddable":true,"href":"https:\/\/www.europesays.com\/es\/wp-json\/wp\/v2\/media\/277393"}],"wp:attachment":[{"href":"https:\/\/www.europesays.com\/es\/wp-json\/wp\/v2\/media?parent=277392"}],"wp:term":[{"taxonomy":"category","embeddable":true,"href":"https:\/\/www.europesays.com\/es\/wp-json\/wp\/v2\/categories?post=277392"},{"taxonomy":"post_tag","embeddable":true,"href":"https:\/\/www.europesays.com\/es\/wp-json\/wp\/v2\/tags?post=277392"}],"curies":[{"name":"wp","href":"https:\/\/api.w.org\/{rel}","templated":true}]}}