{"id":277412,"date":"2025-12-08T09:38:30","date_gmt":"2025-12-08T09:38:30","guid":{"rendered":"https:\/\/www.europesays.com\/es\/277412\/"},"modified":"2025-12-08T09:38:30","modified_gmt":"2025-12-08T09:38:30","slug":"vans-x-kpop-demon-hunters-las-zapas-que-llevan-las-huntr-x-neo2-magazine","status":"publish","type":"post","link":"https:\/\/www.europesays.com\/es\/277412\/","title":{"rendered":"Vans X KPop Demon Hunters: las zapas que llevan las Huntr\/X &#8211; Neo2 Magazine"},"content":{"rendered":"<ol>\n<li><a href=\"https:\/\/news.google.com\/rss\/articles\/CBMijwFBVV95cUxOYWRFUUlkbDYzMTRYdTB0V0pvQTBuT1BNeGkySVJSQ3dUZnJycjNpT0Q1cVpkbFlQVF9JbDI0amhqalQtcGlPUHkwbnpIMFA1YkpiV2NJNzVONUJWU21iQUFMZE1mcmplLWhNSUliS1JubjczdHBWaWhpcFRqSjhIcXNXbG9XVTltRnEycUFNaw?oc=5\" target=\"_blank\" rel=\"nofollow noopener\">Vans X KPop Demon Hunters: las zapas que llevan las Huntr\/X<\/a>&nbsp;&nbsp;Neo2 Magazine<\/li>\n<li><a href=\"https:\/\/news.google.com\/rss\/articles\/CBMi3AFBVV95cUxPS2JpdVFjd0twbTd4dnVXZUFnWHRBa1Jkd2ZqcTVQZEc2M2Jva2ZrT2U5VTZQaGoyMnhham9OUVdOQkplUEpzQjUzdFU0WTdkNmVrSUZ0ck02bHdOdWxqdC1XbEpDWWhXd2k0UHExbVdHMzE1VGhOclVmZ1NfVVFmM01LQlN4R0JETk5CZWZOcm1BSHA5UFVnUk10WWNzMm5hYTVpazlDREZBbFNXcHI0a2JYVGNwd1hMYW9GV3Fhb21TTzRVM2ZxNVhlbDVYSzljR0g5LThCQlItT2tC?oc=5\" target=\"_blank\" rel=\"nofollow noopener\">El fen\u00f3meno del a\u00f1o ya tiene sus propias zapas, as\u00ed son las alucinantes Vans de \u2018Las guerreras K-Pop\u2019<\/a>&nbsp;&nbsp;Diario AS<\/li>\n<li><a href=\"https:\/\/news.google.com\/rss\/articles\/CBMimgFBVV95cUxOMjR3SE1VdDBLazdndXlzR3BQTVZoSl9PbFB6UjJfOE1IQUtxQmtNYTFxWU83ajZzazZiNEtreHVPMk04MXM1MlJGa0ZvUTU0eFJtd2k5T2xvQTEtblpzVHVyZllja3ZSeU1RcExraHFIUzBSY3ZGNmxMYnc1Rk8zV3FkdlktRTFJQzdQem1PTWxDRTljdi1VN0Z3?oc=5\" target=\"_blank\" rel=\"nofollow noopener\">KPop Demon Hunters: d\u00f3nde y cu\u00e1ndo comprar las mu\u00f1ecas de Mattel<\/a>&nbsp;&nbsp;El Independiente<\/li>\n<li><a href=\"https:\/\/news.google.com\/rss\/articles\/CBMioAFBVV95cUxNZDFJNGpvX2N3RS00cVMybzhkczBlUHhHR3RfUG9UWUNmc1FQZkZpa3NCLVVBc0F1RFZXN0tjYUtpdkhsYkN3WjQxS2RiS0FDYmRvNFM3c2FMQVhianFEUVNfSm8ydTN5eS1uU3pmc2xpNDdOWEcxbkhycjNRZmFDVk1wRU4zQ0JSdVZHNDdKZ2ZDOTh2SzVOUEVNSFBKbnBl?oc=5\" target=\"_blank\" rel=\"nofollow noopener\">Las guerreras k-pop presentan nuevos peluches que todo fan amar\u00e1n<\/a>&nbsp;&nbsp;Alfa Beta Juega<\/li>\n<li><a href=\"https:\/\/news.google.com\/rss\/articles\/CBMi4wFBVV95cUxPUEljR1RVY1BnU3ZWeWwwMkZ3R3d6VXRCRzQ3N1pSVWV2Nms0TGNGdTVtUjJXWHRpTVZqS0tnWHZaWjB1QkJlZElvSERTMWtjbDlxT0RqdGpJVUljRUhXaHRQX3c4ZUhZV2x4aHZSb094YlRHOHNoMURWaHJSY0J1RkN5dzVqV2cxbl9wR091cGlxcGp1YnRuc3Y3UjNPQkhRU3FIeU01ckdGNVU2bm5pNlV5Mkk5VHNJcHdKZHlfTFEwa2FiQ0lEVHhJSldEcGxYWElzLXkxOEY2NFBSaV9vWk1qNA?oc=5\" target=\"_blank\" rel=\"nofollow noopener\">Las guerreras k-pop se al\u00eda con Vans en una l\u00ednea de calzado con todo el flow de las HUNTR\/X y los Saja Boys<\/a>&nbsp;&nbsp;Hobby Consolas<\/li>\n<\/ol>\n","protected":false},"excerpt":{"rendered":"Vans X KPop Demon Hunters: las zapas que llevan las Huntr\/X&nbsp;&nbsp;Neo2 Magazine El fen\u00f3meno del a\u00f1o ya tiene&hellip;\n","protected":false},"author":2,"featured_media":277413,"comment_status":"","ping_status":"","sticky":false,"template":"","format":"standard","meta":{"footnotes":""},"categories":[170],"tags":[146,147,25,24,67543,67544,184,185,23,47606],"class_list":{"0":"post-277412","1":"post","2":"type-post","3":"status-publish","4":"format-standard","5":"has-post-thumbnail","7":"category-musica","8":"tag-entertainment","9":"tag-entretenimiento","10":"tag-es","11":"tag-espana","12":"tag-las-guerreras-del-kpop","13":"tag-moda-zapatillas","14":"tag-music","15":"tag-musica","16":"tag-spain","17":"tag-vans"},"share_on_mastodon":{"url":"https:\/\/pubeurope.com\/@es\/115683282498921078","error":""},"_links":{"self":[{"href":"https:\/\/www.europesays.com\/es\/wp-json\/wp\/v2\/posts\/277412","targetHints":{"allow":["GET"]}}],"collection":[{"href":"https:\/\/www.europesays.com\/es\/wp-json\/wp\/v2\/posts"}],"about":[{"href":"https:\/\/www.europesays.com\/es\/wp-json\/wp\/v2\/types\/post"}],"author":[{"embeddable":true,"href":"https:\/\/www.europesays.com\/es\/wp-json\/wp\/v2\/users\/2"}],"replies":[{"embeddable":true,"href":"https:\/\/www.europesays.com\/es\/wp-json\/wp\/v2\/comments?post=277412"}],"version-history":[{"count":0,"href":"https:\/\/www.europesays.com\/es\/wp-json\/wp\/v2\/posts\/277412\/revisions"}],"wp:featuredmedia":[{"embeddable":true,"href":"https:\/\/www.europesays.com\/es\/wp-json\/wp\/v2\/media\/277413"}],"wp:attachment":[{"href":"https:\/\/www.europesays.com\/es\/wp-json\/wp\/v2\/media?parent=277412"}],"wp:term":[{"taxonomy":"category","embeddable":true,"href":"https:\/\/www.europesays.com\/es\/wp-json\/wp\/v2\/categories?post=277412"},{"taxonomy":"post_tag","embeddable":true,"href":"https:\/\/www.europesays.com\/es\/wp-json\/wp\/v2\/tags?post=277412"}],"curies":[{"name":"wp","href":"https:\/\/api.w.org\/{rel}","templated":true}]}}