{"id":277420,"date":"2025-12-08T09:42:13","date_gmt":"2025-12-08T09:42:13","guid":{"rendered":"https:\/\/www.europesays.com\/es\/277420\/"},"modified":"2025-12-08T09:42:13","modified_gmt":"2025-12-08T09:42:13","slug":"dos-canales-nuevos-y-estrenos-destacados","status":"publish","type":"post","link":"https:\/\/www.europesays.com\/es\/277420\/","title":{"rendered":"dos canales nuevos y estrenos destacados"},"content":{"rendered":"<p class=\"c-paragraph\"><b>La llegada de la Navidad<\/b> tambi\u00e9n revoluciona a todas las plataformas de streaming que operan en el mercado de Espa\u00f1a, como ejemplifica a la perfecci\u00f3n <b>Movistar Plus+. <\/b>El servicio audiovisual ya tiene un cat\u00e1logo inmenso con pel\u00edculas como <a href=\"https:\/\/www.20minutos.es\/cinemania\/noticias\/morancos-comedia-obsesiona-tarantino-obra-maestra_5643186_0.html\" rel=\"nofollow noopener\" target=\"_blank\">\u00c9rase una vez&#8230; en Hollywood<\/a> (2019) o El especialista (2024) y series como Matlock o Los Forsyte, y ahora esa oferta se ampl\u00eda con <b>dos canales nuevos <\/b>que ser\u00e1n<b> totalmente gratuitos.<\/b><\/p>\n<p class=\"c-paragraph\"><a href=\"https:\/\/www.20minutos.es\/cinemania\/noticias\/suscripcion-movistar-plus-es-mas-barata-que-comprar-un-cafe-black-friday-tambien-llega-plataforma_6903901_0.html\" rel=\"nofollow noopener\" target=\"_blank\">La plataforma de streaming<\/a> lanzar\u00e1 dos canales en el <b>mes de diciembre <\/b>que no tendr\u00e1n <b>ning\u00fan coste adicional<\/b> para sus suscriptores, aumentando as\u00ed su inventario de series y pel\u00edculas <b>destinados a toda la familia. <\/b>Mientras uno se centrar\u00e1 en <b>contenidos exclusivamente navide\u00f1os,<\/b> el otro estar\u00e1 m\u00e1s enfocado en <b>documentales de la BBC,<\/b> todo ello para que tanto los adultos como los m\u00e1s peque\u00f1os de la casa se sienten juntos en el sof\u00e1 durante este \u00faltimo mes del a\u00f1o 2025.<\/p>\n<p>Canal navide\u00f1o de Movistar Plus+ y otro de documentales<\/p>\n<p class=\"c-paragraph\">Como es tradici\u00f3n, Movistar Plus+ lanzar\u00e1 en las \u00faltimas semanas del a\u00f1o su canal de tem\u00e1tica navide\u00f1a (dial 15), que estar\u00e1 <b>disponible<\/b> <b>del 2 de diciembre al 11 de enero de 2026<\/b> y en el que se podr\u00e1n ver algunas de las grandes pel\u00edculas de 2025 como\u00a0<b>Una pel\u00edcula de Minecraft<\/b><b>,<\/b> o <b>Paddington: Aventura en la selva,<\/b> Los Mu\u00e9rtimer o\u00a0Los futbol\u00edsimos 2: El misterio del tesoro pirata e incluso E.T (1982); adem\u00e1s, tambi\u00e9n tendr\u00e1\u00a0<b>documentales, series y contenidos musicales, <\/b>como <a href=\"https:\/\/www.20minutos.es\/cinemania\/noticias\/wicked-3-ariana-grande-cynthia-erivo-continuacion_6900003_0.html\" rel=\"nofollow noopener\" target=\"_blank\">Wicked: One Wonderful Night.<\/a><\/p>\n<p class=\"c-paragraph\">El otro canal gratuito que estrenar\u00e1 la plataforma de streaming estar\u00e1 dedicado a los <b>contenidos m\u00e1s especiales de la BBC, <\/b>sobre todo los <b>c\u00e9lebres documentales<\/b> de la corporaci\u00f3n brit\u00e1nica. <b>Llegar\u00e1 el 18 de diciembre<\/b> y tambi\u00e9n se podr\u00e1 disfrutar <b>hasta el 11 de enero, <\/b>y en \u00e9l se podr\u00e1n ver t\u00edtulos como Human: la historia del ser humano, <b>El mundo de los volcanes<\/b> o <a href=\"https:\/\/www.20minutos.es\/cinemania\/noticias\/james-cameron-revela-detalles-su-version-jurassic-park-habria-sido-como-aliens-con-dinosaurios_6901721_0.html\" rel=\"nofollow noopener\" target=\"_blank\">Caminando entre dinosaurios,<\/a> entre muchos otros.<\/p>\n<p>Movistar Plus+: pel\u00edculas y series que llegan en diciembre\u00a0<\/p>\n<p class=\"c-paragraph\">En cuanto a los <b>estrenos de cine<\/b> que llegan a la propia plataforma de streaming en el mes de diciembre, destacan <b>Fight or Flight (Sicarios en el aire)<\/b> (viernes 5) con Josh Hartnett y el <b>drama rom\u00e1ntico Indomables<\/b> (Wild Horses en su t\u00edtulo original) con <a href=\"https:\/\/www.20minutos.es\/cinemania\/noticias\/jacob-elordi-frankenstein-raices-vascas_6530891_0.html\" rel=\"nofollow noopener\" target=\"_blank\">Jacob Elordi,<\/a> Daisy Edgar-Jones y Will Poulter (viernes 12), as\u00ed como las citadas pel\u00edculas <b>Los Mu\u00e9rtimer<\/b> (viernes 19) y <b>Una pel\u00edcula de Minecraft<\/b> (jueves 25), entre muchas otras.<\/p>\n<p class=\"c-paragraph\">En lo que <b>concierne a las series, <\/b>el mes de diciembre llega cargado a Movistar Plus+, ya que se estrenan las <b>segundas temporadas de Matlock, Mentes brillantes y Doc, <\/b>as\u00ed como las <b>terceras de Elsbeth y Billy el Ni\u00f1o, <\/b>con Tom Blyth. Adem\u00e1s, tambi\u00e9n llegar\u00e1n completas las series\u00a0<b>Problemas con pap\u00e1<\/b> (martes 9), <b>El dentista<\/b> (jueves 18), <b>Doce citas antes de Navidad<\/b> (s\u00e1bado 20) y la esperada\u00a0<b>quinta entrega de <a href=\"https:\/\/www.20minutos.es\/cinemania\/series\/equipo-the-chosen-rompe-llorar-con-esta-escena-clave-serie-como-vamos-afrontarlo-nosotros_5730013_0.html\" rel=\"nofollow noopener\" target=\"_blank\">The Chosen<\/a><\/b> (lunes 22).<\/p>\n","protected":false},"excerpt":{"rendered":"La llegada de la Navidad tambi\u00e9n revoluciona a todas las plataformas de streaming que operan en el mercado&hellip;\n","protected":false},"author":2,"featured_media":277421,"comment_status":"","ping_status":"","sticky":false,"template":"","format":"standard","meta":{"footnotes":""},"categories":[91],"tags":[119,35329,146,147,25,24,6750,126,1878,2951,48113,23],"class_list":{"0":"post-277420","1":"post","2":"type-post","3":"status-publish","4":"format-standard","5":"has-post-thumbnail","7":"category-entretenimiento","8":"tag-ciencia","9":"tag-diciembre","10":"tag-entertainment","11":"tag-entretenimiento","12":"tag-es","13":"tag-espana","14":"tag-estrenos","15":"tag-gratis","16":"tag-movistar-plus","17":"tag-navidad","18":"tag-plansei","19":"tag-spain"},"share_on_mastodon":{"url":"https:\/\/pubeurope.com\/@es\/115683298310379464","error":""},"_links":{"self":[{"href":"https:\/\/www.europesays.com\/es\/wp-json\/wp\/v2\/posts\/277420","targetHints":{"allow":["GET"]}}],"collection":[{"href":"https:\/\/www.europesays.com\/es\/wp-json\/wp\/v2\/posts"}],"about":[{"href":"https:\/\/www.europesays.com\/es\/wp-json\/wp\/v2\/types\/post"}],"author":[{"embeddable":true,"href":"https:\/\/www.europesays.com\/es\/wp-json\/wp\/v2\/users\/2"}],"replies":[{"embeddable":true,"href":"https:\/\/www.europesays.com\/es\/wp-json\/wp\/v2\/comments?post=277420"}],"version-history":[{"count":0,"href":"https:\/\/www.europesays.com\/es\/wp-json\/wp\/v2\/posts\/277420\/revisions"}],"wp:featuredmedia":[{"embeddable":true,"href":"https:\/\/www.europesays.com\/es\/wp-json\/wp\/v2\/media\/277421"}],"wp:attachment":[{"href":"https:\/\/www.europesays.com\/es\/wp-json\/wp\/v2\/media?parent=277420"}],"wp:term":[{"taxonomy":"category","embeddable":true,"href":"https:\/\/www.europesays.com\/es\/wp-json\/wp\/v2\/categories?post=277420"},{"taxonomy":"post_tag","embeddable":true,"href":"https:\/\/www.europesays.com\/es\/wp-json\/wp\/v2\/tags?post=277420"}],"curies":[{"name":"wp","href":"https:\/\/api.w.org\/{rel}","templated":true}]}}