{"id":277426,"date":"2025-12-08T09:45:09","date_gmt":"2025-12-08T09:45:09","guid":{"rendered":"https:\/\/www.europesays.com\/es\/277426\/"},"modified":"2025-12-08T09:45:09","modified_gmt":"2025-12-08T09:45:09","slug":"presidente-ucraniano-se-reunira-con-aliados-europeos-dw-08-12-2025","status":"publish","type":"post","link":"https:\/\/www.europesays.com\/es\/277426\/","title":{"rendered":"Presidente ucraniano se reunir\u00e1 con aliados europeos \u2013 DW \u2013 08\/12\/2025"},"content":{"rendered":"<p>El presidente de <a class=\"internal-link\" href=\"https:\/\/www.dw.com\/es\/ucrania\/t-36925922\" rel=\"nofollow noopener\" target=\"_blank\">Ucrania<\/a>, <a class=\"internal-link\" href=\"https:\/\/www.dw.com\/es\/zelenski-volodimir\/t-47318346\" rel=\"nofollow noopener\" target=\"_blank\">Volodimir Zelenski<\/a>, se reunir\u00e1 este lunes (8.12.2025) en Londres con sus aliados europeos despu\u00e9s de que su par <a class=\"internal-link\" href=\"https:\/\/www.dw.com\/es\/estados-unidos\/t-17411942\" rel=\"nofollow noopener\" target=\"_blank\">estadounidense<\/a>, <a class=\"internal-link\" href=\"https:\/\/www.dw.com\/es\/donald-trump\/t-19445010\" rel=\"nofollow noopener\" target=\"_blank\">Donald Trump<\/a>, lo acusara de no leer la propuesta de Washington para poner fin al conflicto.<\/p>\n<p>La reuni\u00f3n tendr\u00e1 lugar despu\u00e9s de varios d\u00edas de conversaciones en Miami entre autoridades de Ucrania y Estados Unidos que concluyeron sin avances.<\/p>\n<p>El l\u00edder ucraniano ser\u00e1 recibido en Londres por el primer ministro brit\u00e1nico <a class=\"internal-link\" href=\"https:\/\/www.dw.com\/es\/starmer-keir\/t-69560896\" rel=\"nofollow noopener\" target=\"_blank\">Keir Starmer<\/a>, junto con el canciller alem\u00e1n, <a class=\"internal-link\" href=\"https:\/\/www.dw.com\/es\/merz-friedrich\/t-46095056\" rel=\"nofollow noopener\" target=\"_blank\">Friedrich Merz<\/a>, y el presidente franc\u00e9s, <a class=\"internal-link\" href=\"https:\/\/www.dw.com\/es\/macron-emmanuel\/t-36416700\" rel=\"nofollow noopener\" target=\"_blank\">Emmanuel Macron<\/a>. Por su parte, la ministra brit\u00e1nica de Relaciones Exteriores Yvette Cooper, llegar\u00e1 el lunes a Washington para reunirse con su hom\u00f3logo estadounidense, Marco Rubio.<\/p>\n<p>\u00abReino Unido y Estados Unidos reafirmar\u00e1n su compromiso con un acuerdo de paz en Ucrania\u00bb, indic\u00f3 el ministerio brit\u00e1nico al anunciar el viaje de Cooper.<\/p>\n<p>En tanto, <a class=\"internal-link\" href=\"https:\/\/www.dw.com\/es\/rusia\/t-17410119\" rel=\"nofollow noopener\" target=\"_blank\">Mosc\u00fa<\/a>\u00a0continu\u00f3 atacando a Ucrania, donde nueve personas resultaron heridas en las \u00faltimas horas, seg\u00fan las autoridades de Kiev.<\/p>\n<p>Cr\u00edticas de Trump<\/p>\n<p>Zelenski dijo que sostuvo una <a class=\"internal-link\" href=\"https:\/\/www.dw.com\/es\/zelenski-conversa-con-negociadores-de-ee-uu-sobre-plan-de-paz\/a-75048168\" rel=\"nofollow noopener\" target=\"_blank\">conversaci\u00f3n telef\u00f3nica<\/a> \u00abmuy sustantiva y constructiva\u00bb con los enviados de Trump, Steve Witkoff y Jared Kushner, durante las negociaciones en Miami.<\/p>\n<p>\u00abUcrania est\u00e1 comprometida con continuar trabajando con honestidad con la parte estadounidense para alcanzar una paz real\u00bb, public\u00f3 Zelenski en Telegram.<\/p>\n<p>Sin embargo, <a class=\"internal-link\" href=\"https:\/\/www.dw.com\/es\/trump-reprocha-a-zelenski-por-no-leer-propuesta-de-paz\/a-75053796\" rel=\"nofollow noopener\" target=\"_blank\">Trump critic\u00f3 el domingo al presidente ucraniano<\/a>. \u00abEstoy un poco decepcionado de que el presidente Zelenski no haya le\u00eddo la propuesta\u00bb de paz de Washington, asegur\u00f3.<\/p>\n<p>Rusia rechaz\u00f3 partes del plan estadounidense luego de que el presidente ruso, Vladimir Putin, conversara la semana pasada en el Kremlin con Witkoff y Kushner.<\/p>\n<p>El plan inicial de Washington para poner fin a la guerra en Ucrania\u00a0\u00a0<a class=\"internal-link\" href=\"https:\/\/www.dw.com\/es\/zelenski-conversa-con-negociadores-de-ee-uu-sobre-plan-de-paz\/a-75048168\" rel=\"nofollow noopener\" target=\"_blank\">llamaba a Kiev a entregar territorio a Rusia<\/a> a cambio de algunas garant\u00edas de seguridad.<\/p>\n<p>Sin embargo, esas garant\u00edas son poco claras y el plan no obtuvo respaldo de Ucrania y Europa.<\/p>\n<p>Trump pareci\u00f3 inicialmente acercarse a Putin y critic\u00f3 a Zelenski, pero se ha ido frustrando cada vez m\u00e1s por el fracaso de sus esfuerzos por convencer al l\u00edder ruso de que termine la guerra.<\/p>\n<p>CP (afp, efe)<\/p>\n","protected":false},"excerpt":{"rendered":"El presidente de Ucrania, Volodimir Zelenski, se reunir\u00e1 este lunes (8.12.2025) en Londres con sus aliados europeos despu\u00e9s&hellip;\n","protected":false},"author":2,"featured_media":277427,"comment_status":"","ping_status":"","sticky":false,"template":"","format":"standard","meta":{"footnotes":""},"categories":[42],"tags":[17,18,13,14,11,61,62,63,64,19,20,9,10,15,16,12,21,22,65,66,67],"class_list":{"0":"post-277426","1":"post","2":"type-post","3":"status-publish","4":"format-standard","5":"has-post-thumbnail","7":"category-internacional","8":"tag-breaking-news","9":"tag-breakingnews","10":"tag-featured-news","11":"tag-featurednews","12":"tag-headlines","13":"tag-internacional","14":"tag-international","15":"tag-international-news","16":"tag-internationalnews","17":"tag-latest-news","18":"tag-latestnews","19":"tag-news","20":"tag-noticias","21":"tag-noticias-destacadas","22":"tag-noticiasdestacadas","23":"tag-titulares","24":"tag-ultimas-noticias","25":"tag-ultimasnoticias","26":"tag-world","27":"tag-world-news","28":"tag-worldnews"},"share_on_mastodon":{"url":"https:\/\/pubeurope.com\/@es\/115683309801899280","error":""},"_links":{"self":[{"href":"https:\/\/www.europesays.com\/es\/wp-json\/wp\/v2\/posts\/277426","targetHints":{"allow":["GET"]}}],"collection":[{"href":"https:\/\/www.europesays.com\/es\/wp-json\/wp\/v2\/posts"}],"about":[{"href":"https:\/\/www.europesays.com\/es\/wp-json\/wp\/v2\/types\/post"}],"author":[{"embeddable":true,"href":"https:\/\/www.europesays.com\/es\/wp-json\/wp\/v2\/users\/2"}],"replies":[{"embeddable":true,"href":"https:\/\/www.europesays.com\/es\/wp-json\/wp\/v2\/comments?post=277426"}],"version-history":[{"count":0,"href":"https:\/\/www.europesays.com\/es\/wp-json\/wp\/v2\/posts\/277426\/revisions"}],"wp:featuredmedia":[{"embeddable":true,"href":"https:\/\/www.europesays.com\/es\/wp-json\/wp\/v2\/media\/277427"}],"wp:attachment":[{"href":"https:\/\/www.europesays.com\/es\/wp-json\/wp\/v2\/media?parent=277426"}],"wp:term":[{"taxonomy":"category","embeddable":true,"href":"https:\/\/www.europesays.com\/es\/wp-json\/wp\/v2\/categories?post=277426"},{"taxonomy":"post_tag","embeddable":true,"href":"https:\/\/www.europesays.com\/es\/wp-json\/wp\/v2\/tags?post=277426"}],"curies":[{"name":"wp","href":"https:\/\/api.w.org\/{rel}","templated":true}]}}