{"id":277440,"date":"2025-12-08T09:58:23","date_gmt":"2025-12-08T09:58:23","guid":{"rendered":"https:\/\/www.europesays.com\/es\/277440\/"},"modified":"2025-12-08T09:58:23","modified_gmt":"2025-12-08T09:58:23","slug":"el-museo-santa-cruz-homenajea-al-artista-vicente-cutanda","status":"publish","type":"post","link":"https:\/\/www.europesays.com\/es\/277440\/","title":{"rendered":"El Museo Santa Cruz homenajea al artista Vicente Cutanda"},"content":{"rendered":"<p>El Museo de Santa Cruz de Toledo acoger\u00e1 del 10 de diciembre al 8 de marzo la exposici\u00f3n &#8216;Vicente Cutanda. Un pintor entre dos siglos&#8217;, con motivo del primer centenario del fallecimiento del artista, quien desarroll\u00f3 en la capital regional pr\u00e1cticamente toda su trayectoria profesional y personal. Vicente Cutanda y Toraya (Madrid 1850-Toledo 1925) fue uno de los fundadores de la Real Academia de Bellas Artes y Ciencias Hist\u00f3ricas de Toledo y director de la Escuela de Artes y Oficios y dej\u00f3 un buen n\u00famero de sus obras repartidas por diferentes instituciones, ha se\u00f1alado el Museo de Santa Cruz en un comunicado.<\/p>\n<p>La exposici\u00f3n, compuesta por una selecci\u00f3n de 29 obras, resume las diferentes tem\u00e1ticas que abord\u00f3 a lo largo de su producci\u00f3n pict\u00f3rica, tales como la pintura hist\u00f3rica o la religiosa y, fundamentalmente, la del g\u00e9nero social. Tambi\u00e9n presenta algunas muestras de las diferentes t\u00e9cnicas que dominaba y otros elementos que hablan de su estancia en Toledo.<\/p>\n<p>La muestra, que ha sido posible gracias a la colaboraci\u00f3n de instituciones y prestadores particulares, se gest\u00f3 hace meses gracias a la iniciativa del historiador y profesor universitario Francisco Garc\u00eda Mart\u00edn, quien falleci\u00f3 el pasado mes de agosto tras haber realizado ya buena parte del trabajo, por lo que servir\u00e1 tambi\u00e9n de homenaje a su figura.<\/p>\n","protected":false},"excerpt":{"rendered":"El Museo de Santa Cruz de Toledo acoger\u00e1 del 10 de diciembre al 8 de marzo la exposici\u00f3n&hellip;\n","protected":false},"author":2,"featured_media":277441,"comment_status":"","ping_status":"","sticky":false,"template":"","format":"standard","meta":{"footnotes":""},"categories":[173],"tags":[229,233,231,230,232,234,146,147,25,28657,24,241,205,43363,67546,23,1952],"class_list":{"0":"post-277440","1":"post","2":"type-post","3":"status-publish","4":"format-standard","5":"has-post-thumbnail","7":"category-arte-y-diseno","8":"tag-arte","9":"tag-arte-y-diseno","10":"tag-arts","11":"tag-arts-and-design","12":"tag-design","13":"tag-diseno","14":"tag-entertainment","15":"tag-entretenimiento","16":"tag-es","17":"tag-escuela-de-artes","18":"tag-espana","19":"tag-exposiciones","20":"tag-madrid","21":"tag-museo-de-santa-cruz","22":"tag-rabacht","23":"tag-spain","24":"tag-toledo"},"share_on_mastodon":{"url":"https:\/\/pubeurope.com\/@es\/115683360985282535","error":""},"_links":{"self":[{"href":"https:\/\/www.europesays.com\/es\/wp-json\/wp\/v2\/posts\/277440","targetHints":{"allow":["GET"]}}],"collection":[{"href":"https:\/\/www.europesays.com\/es\/wp-json\/wp\/v2\/posts"}],"about":[{"href":"https:\/\/www.europesays.com\/es\/wp-json\/wp\/v2\/types\/post"}],"author":[{"embeddable":true,"href":"https:\/\/www.europesays.com\/es\/wp-json\/wp\/v2\/users\/2"}],"replies":[{"embeddable":true,"href":"https:\/\/www.europesays.com\/es\/wp-json\/wp\/v2\/comments?post=277440"}],"version-history":[{"count":0,"href":"https:\/\/www.europesays.com\/es\/wp-json\/wp\/v2\/posts\/277440\/revisions"}],"wp:featuredmedia":[{"embeddable":true,"href":"https:\/\/www.europesays.com\/es\/wp-json\/wp\/v2\/media\/277441"}],"wp:attachment":[{"href":"https:\/\/www.europesays.com\/es\/wp-json\/wp\/v2\/media?parent=277440"}],"wp:term":[{"taxonomy":"category","embeddable":true,"href":"https:\/\/www.europesays.com\/es\/wp-json\/wp\/v2\/categories?post=277440"},{"taxonomy":"post_tag","embeddable":true,"href":"https:\/\/www.europesays.com\/es\/wp-json\/wp\/v2\/tags?post=277440"}],"curies":[{"name":"wp","href":"https:\/\/api.w.org\/{rel}","templated":true}]}}