{"id":277460,"date":"2025-12-08T10:10:16","date_gmt":"2025-12-08T10:10:16","guid":{"rendered":"https:\/\/www.europesays.com\/es\/277460\/"},"modified":"2025-12-08T10:10:16","modified_gmt":"2025-12-08T10:10:16","slug":"maraton-valencia-supera-els-30-000-finishers-per-primera-vegada-en-la-seua-historia","status":"publish","type":"post","link":"https:\/\/www.europesays.com\/es\/277460\/","title":{"rendered":"Marat\u00f3n Val\u00e8ncia supera els 30.000 finishers per primera vegada en la seua hist\u00f2ria"},"content":{"rendered":"<p class=\"meta\">8 desembre, 2025\u00a0\u2022\u00a0<a href=\"https:\/\/www.fdmvalencia.es\/categoria\/noticies\/carreres-populars-val\/\" rel=\"tag nofollow noopener\" data-wpel-link=\"internal\" target=\"_blank\">Carreres Populars<\/a>, <a href=\"https:\/\/www.fdmvalencia.es\/categoria\/notes-de-premsa\/\" rel=\"tag nofollow noopener\" data-wpel-link=\"internal\" target=\"_blank\">Notes de premsa<\/a>, <a href=\"https:\/\/www.fdmvalencia.es\/categoria\/noticies\/\" rel=\"tag nofollow noopener\" data-wpel-link=\"internal\" target=\"_blank\">Not\u00edcies<\/a><\/p>\n<p style=\"text-align: center;\">La Fundaci\u00f3n Peque\u00f1o Deseo rep m\u00e9s de 91.000 euros d\u2019aportaci\u00f3 solid\u00e0ria<\/p>\n<p style=\"text-align: justify;\">El <strong>Marat\u00f3n Val\u00e8ncia Trinidad Alfonso Zurich<\/strong> ha superat per primera vegada en la seua hist\u00f2ria la barrera dels 30.000 finishers, en concret <strong>30.777<\/strong> despr\u00e9s del tancament de la primera classificaci\u00f3 provisional, en la seua edici\u00f3 n\u00famero 45, que s\u2019ha celebrat hui sota un sol primaveral i que tamb\u00e9 ha deixat una xifra solid\u00e0ria de r\u00e8cord.<\/p>\n<p><img loading=\"lazy\" decoding=\"async\" class=\"wp-image-101758 size-page-width\" src=\"https:\/\/www.europesays.com\/es\/wp-content\/uploads\/2025\/12\/maraton_valencia_celebrado_2025_02-620x412.jpg\" alt=\"Marat\u00f3n Val\u00e8ncia supera els 30.000 finishers per primera vegada en la seua hist\u00f2ria\" width=\"620\" height=\"412\"  \/><\/p>\n<p class=\"wp-caption-text\">Marat\u00f3n Val\u00e8ncia supera els 30.000 finishers per primera vegada en la seua hist\u00f2ria<\/p>\n<p style=\"text-align: justify;\"><strong>Val\u00e8ncia Ciudad del Running<\/strong> va viure una jornada espectacular en qu\u00e8 milers de persones van eixir als carrers per a animar els corredors en m\u00e9s de <strong>160 punts d\u2019animaci\u00f3<\/strong>, de patrocinadors, entitats, clubs esportius, comissions de <strong>Junta Central Fallera de Val\u00e8ncia<\/strong> i col\u00b7legis del projecte <strong>El Marat\u00f3n al Cole<\/strong>, o en qualsevol punt del recorregut, perqu\u00e8 no va quedar ni un quil\u00f2metre sense crits d\u2019\u00e0nim per als runners, que van patir un poc m\u00e9s a causa de les altes temperatures.<\/p>\n<p><img loading=\"lazy\" decoding=\"async\" class=\"wp-image-101760 size-page-width\" src=\"https:\/\/www.europesays.com\/es\/wp-content\/uploads\/2025\/12\/maraton_valencia_celebrado_2025_03-620x412.jpg\" alt=\"L'edici\u00f3 45 de la marat\u00f3 ha deixat tamb\u00e9 una xifra solid\u00e0ria de r\u00e8cord\" width=\"620\" height=\"412\"  \/><\/p>\n<p class=\"wp-caption-text\">L\u2019edici\u00f3 45 de la marat\u00f3 ha deixat tamb\u00e9 una xifra solid\u00e0ria de r\u00e8cord<\/p>\n<p style=\"text-align: justify;\">L\u2019entitat solid\u00e0ria d\u2019esta edici\u00f3, la <strong>Fundaci\u00f3n Peque\u00f1o Deseo<\/strong>, que ha participat en la prova amb un gran punt d\u2019animaci\u00f3 en els \u00faltims quil\u00f2metres, s\u2019ha emportat tamb\u00e9 una quantitat hist\u00f2rica de <strong>91.902 euros<\/strong>, dels quals <strong>50.025 \u20ac<\/strong> van ser donats volunt\u00e0riament pels corredors en la seua inscripci\u00f3 i <strong>30.777 \u20ac<\/strong> els ha aportat la <strong>Z Zurich Foundation<\/strong> a trav\u00e9s de la seua acci\u00f3 un euro per cada finisher. A estes dues grans xifres cal sumar els <strong>3.600 \u20ac<\/strong> de les inscripcions 100% solid\u00e0ries del <strong>Mini Marat\u00f3n Val\u00e8ncia MSC<\/strong>, aix\u00ed com els <strong>7.500 euros<\/strong> aportats per <strong>New Balance<\/strong> del seu esdeveniment <strong>NB Long Run<\/strong>.<\/p>\n<p><img loading=\"lazy\" decoding=\"async\" class=\"wp-image-101756 size-page-width\" src=\"https:\/\/www.europesays.com\/es\/wp-content\/uploads\/2025\/12\/maraton_valencia_celebrado_2025_01-620x412.jpg\" alt=\"La Fundaci\u00f3n Peque\u00f1o Deseo rep m\u00e9s de 91.000 euros d'aportaci\u00f3 solid\u00e0ria\" width=\"620\" height=\"412\"  \/><\/p>\n<p class=\"wp-caption-text\">La Fundaci\u00f3n Peque\u00f1o Deseo rep m\u00e9s de 91.000 euros d\u2019aportaci\u00f3 solid\u00e0ria<\/p>\n<p style=\"text-align: justify;\"><strong>Entrega de certificats sostenibles<\/strong><\/p>\n<p style=\"text-align: justify;\">El <strong>Marat\u00f3n Val\u00e8ncia Trinidad Alfonso Zurich<\/strong> no \u00e9s nom\u00e9s un gran esdeveniment esportiu, sin\u00f3 tamb\u00e9 un referent en sostenibilitat. Des de fa anys, l\u2019organitzaci\u00f3 impulsa accions com el reciclatge, l\u2019\u00fas de transport p\u00fablic, vehicles el\u00e8ctrics i la mesura de la petjada de carboni. Gr\u00e0cies a estes mesures, el Marat\u00f3 ha rebut reconeixements internacionals com el <strong>Green Sport Flag<\/strong> i el <strong>World Athletics Standard for a Better World<\/strong>.<\/p>\n<p style=\"text-align: justify;\">Enguany, per segon any consecutiu, s\u2019ha calculat la seua petjada de carboni amb el suport del nostre green sponsor <strong>GO2 by Global Omnium<\/strong>. A m\u00e9s, s\u2019ha obtingut el segell d\u2019<strong>Evento deportivo sostenible<\/strong> promogut pel <strong>Comit\u00e9 Ol\u00edmpico Espa\u00f1ol<\/strong>, tot verificat per <strong>Bureau Veritas<\/strong>. I estos certificats han sigut entregats a l\u2019alcaldessa de la ciutat, <strong>Mar\u00eda Jos\u00e9 Cervera<\/strong>, i a <strong>Paco Borao<\/strong>, director de la prova.<\/p>\n<p style=\"text-align: justify;\">M\u00e9s informaci\u00f3 en:\u00a0<a href=\"https:\/\/www.valenciaciudaddelrunning.com\/maraton\/maraton\/\" target=\"_blank\" rel=\"noopener external noreferrer nofollow\" data-wpel-link=\"external\">https:\/\/www.valenciaciudaddelrunning.com\/maraton\/maraton\/<\/a><\/p>\n<p>\u00a0<\/p>\n","protected":false},"excerpt":{"rendered":"8 desembre, 2025\u00a0\u2022\u00a0Carreres Populars, Notes de premsa, Not\u00edcies La Fundaci\u00f3n Peque\u00f1o Deseo rep m\u00e9s de 91.000 euros d\u2019aportaci\u00f3&hellip;\n","protected":false},"author":2,"featured_media":277431,"comment_status":"","ping_status":"","sticky":false,"template":"","format":"standard","meta":{"footnotes":""},"categories":[5],"tags":[17,18,25,24,13,14,11,19,20,9,10,15,16,23,12,21,22],"class_list":{"0":"post-277460","1":"post","2":"type-post","3":"status-publish","4":"format-standard","5":"has-post-thumbnail","7":"category-titulares","8":"tag-breaking-news","9":"tag-breakingnews","10":"tag-es","11":"tag-espana","12":"tag-featured-news","13":"tag-featurednews","14":"tag-headlines","15":"tag-latest-news","16":"tag-latestnews","17":"tag-news","18":"tag-noticias","19":"tag-noticias-destacadas","20":"tag-noticiasdestacadas","21":"tag-spain","22":"tag-titulares","23":"tag-ultimas-noticias","24":"tag-ultimasnoticias"},"share_on_mastodon":{"url":"https:\/\/pubeurope.com\/@es\/115683408726135855","error":""},"_links":{"self":[{"href":"https:\/\/www.europesays.com\/es\/wp-json\/wp\/v2\/posts\/277460","targetHints":{"allow":["GET"]}}],"collection":[{"href":"https:\/\/www.europesays.com\/es\/wp-json\/wp\/v2\/posts"}],"about":[{"href":"https:\/\/www.europesays.com\/es\/wp-json\/wp\/v2\/types\/post"}],"author":[{"embeddable":true,"href":"https:\/\/www.europesays.com\/es\/wp-json\/wp\/v2\/users\/2"}],"replies":[{"embeddable":true,"href":"https:\/\/www.europesays.com\/es\/wp-json\/wp\/v2\/comments?post=277460"}],"version-history":[{"count":0,"href":"https:\/\/www.europesays.com\/es\/wp-json\/wp\/v2\/posts\/277460\/revisions"}],"wp:featuredmedia":[{"embeddable":true,"href":"https:\/\/www.europesays.com\/es\/wp-json\/wp\/v2\/media\/277431"}],"wp:attachment":[{"href":"https:\/\/www.europesays.com\/es\/wp-json\/wp\/v2\/media?parent=277460"}],"wp:term":[{"taxonomy":"category","embeddable":true,"href":"https:\/\/www.europesays.com\/es\/wp-json\/wp\/v2\/categories?post=277460"},{"taxonomy":"post_tag","embeddable":true,"href":"https:\/\/www.europesays.com\/es\/wp-json\/wp\/v2\/tags?post=277460"}],"curies":[{"name":"wp","href":"https:\/\/api.w.org\/{rel}","templated":true}]}}