{"id":277473,"date":"2025-12-08T10:24:25","date_gmt":"2025-12-08T10:24:25","guid":{"rendered":"https:\/\/www.europesays.com\/es\/277473\/"},"modified":"2025-12-08T10:24:25","modified_gmt":"2025-12-08T10:24:25","slug":"poder-trabajar-en-la-radio-40-anos-ha-sido-un-sueno-hecho-realidad","status":"publish","type":"post","link":"https:\/\/www.europesays.com\/es\/277473\/","title":{"rendered":"Poder trabajar en la radio 40 a\u00f1os ha sido un sue\u00f1o hecho realidad"},"content":{"rendered":"<p>            Concha Hern\u00e1ndez: \u00abPoder trabajar en la radio 40 a\u00f1os ha sido un sue\u00f1o hecho realidad\u00bb                <\/p>\n<p>Concha Hern\u00e1ndez: \u00abPoder trabajar en la radio 40 a\u00f1os ha sido un sue\u00f1o hecho realidad\u00bb<\/p>\n<p class=\"epigraph\">La periodista y locutora de Cadena SER-Teruel se jubila y reflexiona sobre sus vivencias, las ondas y el futuro del periodismo<\/p>\n<p class=\"paragraph\"><b>\u00bfC\u00f3mo naci\u00f3 la vocaci\u00f3n period\u00edstica, fue algo de la ni\u00f1ez, de la adolescencia?<\/b><\/p>\n<p>            Conforme a los criterios de<br \/>\n            <a class=\"trustproject_img\" id=\"trustproject_img\" href=\"https:\/\/thetrustproject.org\/\" target=\"_blank\" rel=\"nofollow noopener\" aria-label=\"Trust Project\"><img decoding=\"async\" loading=\"lazy\" src=\"https:\/\/www.heraldo.es\/images\/Trust-Logo-Horizontal.svg\" alt=\"Logo Trust Project\" width=\"200\" height=\"34\"\/><\/a><\/p>\n<p>                <img decoding=\"async\" loading=\"lazy\" src=\"https:\/\/www.europesays.com\/es\/wp-content\/uploads\/2025\/08\/anton-castro.jpeg\" class=\"author-image\" width=\"120\" height=\"120\" alt=\"Ant\u00f3n Castro\"\/><\/p>\n<p>        <a href=\"https:\/\/www.henneo.com\/\" title=\"Grupo Henneo\" class=\"logo\" rel=\"nofollow noopener\" target=\"_blank\"><br \/>\n            <img decoding=\"async\" src=\"https:\/\/www.heraldo.es\/images\/logo_henneo_gris.svg\" alt=\"Logo Henneo\" width=\"559\" height=\"389\" loading=\"lazy\"\/><br \/>\n        <\/a><\/p>\n<p>\u00a9 HERALDO DE ARAGON EDITORA, S.L.U.<br \/>Tel\u00e9fono 976 765 000 \/ &#8211; P\u00ba. Independencia, 29, 50001 Zaragoza &#8211; CIF: B99288763 &#8211; Inscrita en el Registro Mercantil de Zaragoza al Tomo 3796, Libro 0, Folio 177, Secci\u00f3n 8, Hoja Z-50564<br \/>Queda prohibida toda reproducci\u00f3n sin permiso escrito de la empresa a los efectos del art\u00edculo 32.1, p\u00e1rrafo segundo, de la Ley de Propiedad Intelectual<\/p>\n<p>\n                P\u00ba Independencia, 29, 50001 Zaragoza<br \/> Tel\u00e9fono 976 765 000\n            <\/p>\n<p>                    Actualmente tu navegador no permite ejecutar JavaScript. Para poder disfrutar de nuestro contenido es necesario que lo permita.<br \/>\n                                        <img decoding=\"async\" loading=\"lazy\" alt=\"Heraldo logo\" src=\"https:\/\/dkumiip2e9ary.cloudfront.net\/xalok\/heraldo\/especiales\/hola-de-nuevo\/logo-heraldo.svg\" width=\"215\" height=\"43\"\/><\/p>\n","protected":false},"excerpt":{"rendered":"Concha Hern\u00e1ndez: \u00abPoder trabajar en la radio 40 a\u00f1os ha sido un sue\u00f1o hecho realidad\u00bb Concha Hern\u00e1ndez: \u00abPoder&hellip;\n","protected":false},"author":2,"featured_media":277474,"comment_status":"","ping_status":"","sticky":false,"template":"","format":"standard","meta":{"footnotes":""},"categories":[170],"tags":[18810,146,147,25,24,13838,4504,184,185,9812,23,4710],"class_list":{"0":"post-277473","1":"post","2":"type-post","3":"status-publish","4":"format-standard","5":"has-post-thumbnail","7":"category-musica","8":"tag-concha","9":"tag-entertainment","10":"tag-entretenimiento","11":"tag-es","12":"tag-espana","13":"tag-hecho","14":"tag-hernandez","15":"tag-music","16":"tag-musica","17":"tag-realidad","18":"tag-spain","19":"tag-trabajar"},"share_on_mastodon":{"url":"https:\/\/pubeurope.com\/@es\/115683464484119006","error":""},"_links":{"self":[{"href":"https:\/\/www.europesays.com\/es\/wp-json\/wp\/v2\/posts\/277473","targetHints":{"allow":["GET"]}}],"collection":[{"href":"https:\/\/www.europesays.com\/es\/wp-json\/wp\/v2\/posts"}],"about":[{"href":"https:\/\/www.europesays.com\/es\/wp-json\/wp\/v2\/types\/post"}],"author":[{"embeddable":true,"href":"https:\/\/www.europesays.com\/es\/wp-json\/wp\/v2\/users\/2"}],"replies":[{"embeddable":true,"href":"https:\/\/www.europesays.com\/es\/wp-json\/wp\/v2\/comments?post=277473"}],"version-history":[{"count":0,"href":"https:\/\/www.europesays.com\/es\/wp-json\/wp\/v2\/posts\/277473\/revisions"}],"wp:featuredmedia":[{"embeddable":true,"href":"https:\/\/www.europesays.com\/es\/wp-json\/wp\/v2\/media\/277474"}],"wp:attachment":[{"href":"https:\/\/www.europesays.com\/es\/wp-json\/wp\/v2\/media?parent=277473"}],"wp:term":[{"taxonomy":"category","embeddable":true,"href":"https:\/\/www.europesays.com\/es\/wp-json\/wp\/v2\/categories?post=277473"},{"taxonomy":"post_tag","embeddable":true,"href":"https:\/\/www.europesays.com\/es\/wp-json\/wp\/v2\/tags?post=277473"}],"curies":[{"name":"wp","href":"https:\/\/api.w.org\/{rel}","templated":true}]}}