{"id":277479,"date":"2025-12-08T10:27:08","date_gmt":"2025-12-08T10:27:08","guid":{"rendered":"https:\/\/www.europesays.com\/es\/277479\/"},"modified":"2025-12-08T10:27:08","modified_gmt":"2025-12-08T10:27:08","slug":"programa-del-ded-2026-innovacion-convivencia-y-ciencia","status":"publish","type":"post","link":"https:\/\/www.europesays.com\/es\/277479\/","title":{"rendered":"Programa del DED 2026: innovaci\u00f3n, convivencia y ciencia"},"content":{"rendered":"<p>El <a href=\"https:\/\/www.diabetesexperienceday.com\" rel=\"nofollow noopener\" target=\"_blank\"><strong>Diabetes Experience Day<\/strong>,<\/a> el mayor encuentro de personas con diabetes en Espa\u00f1a, regresa en 2026 con una edici\u00f3n muy especial que tendr\u00e1 lugar el 21 de Febrero de 2026 en <strong>C\u00f3rdoba<\/strong>, una ciudad que se convertir\u00e1 durante un d\u00eda en el punto de encuentro para quienes buscan informaci\u00f3n rigurosa, inspiraci\u00f3n y comunidad.<\/p>\n<p>Profesionales sanitarios, pacientes, familias y expertos en innovaci\u00f3n se reunir\u00e1n para compartir conocimiento y experiencias en un formato renovado, m\u00e1s audiovisual, m\u00e1s inmersivo y m\u00e1s cercano que nunca. Las entradas <a href=\"https:\/\/www.diabetesexperienceday.com\" rel=\"nofollow noopener\" target=\"_blank\"><strong>ya est\u00e1n disponibles<\/strong><\/a>, y la organizaci\u00f3n recomienda adquirirlas con antelaci\u00f3n debido a la alta demanda habitual.<\/p>\n<p><strong>Programa del DED 2026, pensado para aprender, emocionarse y mirar al futuro<\/strong><\/p>\n<p>El evento llega con un lema claro: Tendiendo puentes en diabetes. Un gui\u00f1o a la necesidad de conectar ciencia, tecnolog\u00eda, experiencias personales y bienestar emocional para mejorar la vida de quienes conviven con la enfermedad.<\/p>\n<p>El programa del DED 2026 est\u00e1 dise\u00f1ado para impactar y acompa\u00f1ar:<\/p>\n<p><strong>La diabetes con el paso del tiempo \u2013 11:00 h<\/strong><\/p>\n<p>Una conversaci\u00f3n humana y honesta entre personas con diabetes tipo 1 que reflexionan sobre c\u00f3mo evoluciona la relaci\u00f3n con la enfermedad a lo largo de la vida.<\/p>\n<p><strong>La diabetes bajo el agua \u2013 11:20 h<\/strong><\/p>\n<p>Una experiencia sorprendente: c\u00f3mo se comporta la glucemia a m\u00e1s de 20 metros de profundidad. Una historia real que demuestra que vivir con diabetes no tiene por qu\u00e9 limitar tus metas.<\/p>\n<p><strong>El estigma en diabetes \u2013 11:40 h<\/strong><\/p>\n<p>Expertos en psicolog\u00eda y educaci\u00f3n analizar\u00e1n por qu\u00e9 el <strong>70 % de las personas con diabetes se sienten estigmatizadas<\/strong>y c\u00f3mo romper ese c\u00edrculo.<\/p>\n<p><strong>Claves para una mirada positiva \u2013 12:00 h<\/strong><\/p>\n<p>Una ponencia de motivaci\u00f3n para afrontar el d\u00eda a d\u00eda con m\u00e1s calma, m\u00e1s herramientas y m\u00e1s autoestima.<\/p>\n<p><strong>La detecci\u00f3n temprana, una revoluci\u00f3n en marcha \u2013 12:20 h<\/strong><\/p>\n<p>Endocrinos y familias mostrar\u00e1n c\u00f3mo la detecci\u00f3n precoz de la diabetes tipo 1 est\u00e1 cambiando la evoluci\u00f3n de la patolog\u00eda.<\/p>\n<p><strong>Investigaci\u00f3n hacia la cura \u2013 12:40 h<\/strong><\/p>\n<p>Investigadores de referencia en Espa\u00f1a explicar\u00e1n por qu\u00e9 nos encontramos en uno de los momentos m\u00e1s prometedores para avanzar hacia terapias definitivas.<\/p>\n<p><strong>Tecnolog\u00eda presente y futura \u2013 13:00 h<\/strong><\/p>\n<p>Sensores, bombas, algoritmos\u2026 \u00bfQu\u00e9 hay disponible ya y qu\u00e9 viene de camino? Una sesi\u00f3n imprescindible para pacientes .<\/p>\n<p><strong>La diabetes a tu medida \u2013 13:20 h<\/strong><\/p>\n<p>La personalizaci\u00f3n como clave para mejorar la calidad de vida gracias a la tecnolog\u00eda.<\/p>\n<p><strong>Reconocimiento Juntos por la Innovaci\u00f3n \u2013 13:40 h<\/strong><\/p>\n<p>Las asociaciones de personas con diabetes ser\u00e1n protagonistas en un homenaje a la labor que realizan en todo el pa\u00eds.<\/p>\n<p><strong>Debate Mi relaci\u00f3n con la comida \u2013 16:00 a 18:00 h<\/strong><\/p>\n<p>Un formato din\u00e1mico con nutricionistas, psic\u00f3logos y educadores donde el p\u00fablico podr\u00e1 plantear dudas en tiempo real.<\/p>\n<p><img fetchpriority=\"high\" decoding=\"async\" aria-describedby=\"caption-attachment-16218\" class=\"size-large wp-image-16218\" src=\"data:image\/svg+xml;base64,PHN2ZyB4bWxucz0iaHR0cDovL3d3dy53My5vcmcvMjAwMC9zdmciIHZpZXdCb3g9IjAgMCAxNDE0IDIwMDAiIHdpZHRoPSIxNDE0IiBoZWlnaHQ9IjIwMDAiIGRhdGEtdT0iaHR0cHMlM0ElMkYlMkZjYW5hbGRpYWJldGVzLmNvbSUyRndwLWNvbnRlbnQlMkZ1cGxvYWRzJTJGMjAyNSUyRjEyJTJGMS5wbmciIGRhdGEtdz0iMTQxNCIgZGF0YS1oPSIyMDAwIiBkYXRhLWJpcD0iIj48L3N2Zz4=\" data-spai=\"1\" alt=\"Programa del DED 2026\" width=\"724\" height=\"1024\"  \/><\/p>\n<p id=\"caption-attachment-16218\" class=\"wp-caption-text\">Programa del DED 2026<\/p>\n<p><img loading=\"lazy\" decoding=\"async\" class=\"alignnone size-large wp-image-16219\" src=\"data:image\/svg+xml;base64,PHN2ZyB4bWxucz0iaHR0cDovL3d3dy53My5vcmcvMjAwMC9zdmciIHZpZXdCb3g9IjAgMCAxNDE0IDIwMDAiIHdpZHRoPSIxNDE0IiBoZWlnaHQ9IjIwMDAiIGRhdGEtdT0iaHR0cHMlM0ElMkYlMkZjYW5hbGRpYWJldGVzLmNvbSUyRndwLWNvbnRlbnQlMkZ1cGxvYWRzJTJGMjAyNSUyRjEyJTJGMi5wbmciIGRhdGEtdz0iMTQxNCIgZGF0YS1oPSIyMDAwIiBkYXRhLWJpcD0iIj48L3N2Zz4=\" data-spai=\"1\" alt=\"\" width=\"724\" height=\"1024\"  \/><\/p>\n<p><strong>Un espacio tambi\u00e9n para ni\u00f1os y adolescentes en el programa del DED 2026<\/strong><\/p>\n<p>El DED Kids &amp; Teens vuelve con una propuesta que combina aprendizaje, juego y autonom\u00eda:<\/p>\n<ul>\n<li><strong>La magia de la diabetes<\/strong> (4\u201312 a\u00f1os): aprender conceptos esenciales a trav\u00e9s de trucos de magia y met\u00e1foras visuales.<\/li>\n<li><strong>\u00bfCu\u00e1nto sabes de diabetes?<\/strong>: concurso interactivo para poner a prueba lo aprendido.<\/li>\n<li><strong>Yoga y diabetes<\/strong>: un espacio calmado para explorar el movimiento, la respiraci\u00f3n y la escucha del cuerpo.<\/li>\n<li><strong>Escape room: A contrarreloj con la diabetes<\/strong> (13\u201318 a\u00f1os): una experiencia inmersiva que mezcla retos, toma de decisiones y trabajo en equipo.<\/li>\n<\/ul>\n<p>Un programa dise\u00f1ado para que los m\u00e1s j\u00f3venes crezcan empoderados y sin miedo.<\/p>\n<p><img loading=\"lazy\" decoding=\"async\" aria-describedby=\"caption-attachment-16220\" class=\"size-large wp-image-16220\" src=\"data:image\/svg+xml;base64,PHN2ZyB4bWxucz0iaHR0cDovL3d3dy53My5vcmcvMjAwMC9zdmciIHZpZXdCb3g9IjAgMCAxNDE0IDIwMDAiIHdpZHRoPSIxNDE0IiBoZWlnaHQ9IjIwMDAiIGRhdGEtdT0iaHR0cHMlM0ElMkYlMkZjYW5hbGRpYWJldGVzLmNvbSUyRndwLWNvbnRlbnQlMkZ1cGxvYWRzJTJGMjAyNSUyRjEyJTJGMy5wbmciIGRhdGEtdz0iMTQxNCIgZGF0YS1oPSIyMDAwIiBkYXRhLWJpcD0iIj48L3N2Zz4=\" data-spai=\"1\" alt=\"Programa del DED 2026 Kids Teens\" width=\"724\" height=\"1024\"  \/><\/p>\n<p id=\"caption-attachment-16220\" class=\"wp-caption-text\">Programa del DED 2026 Kids Teens<\/p>\n<p><strong>Una pantalla de 28 metros para vivir la diabetes como nunca antes el Programa del DED 2026<\/strong><\/p>\n<p>La edici\u00f3n de C\u00f3rdoba contar\u00e1 con un escenario espectacular presidido por una <strong>pantalla panor\u00e1mica de 28 metros<\/strong>, que permitir\u00e1 una experiencia visual completamente inmersiva. El objetivo es que cada charla se viva casi como una pel\u00edcula, con im\u00e1genes que envuelvan al p\u00fablico y conviertan el aprendizaje en una experiencia memorable.<\/p>\n<p>El Diabetes Experience Day es un evento de aforo limitado y cada edici\u00f3n agota sus plazas.<br \/>Si quieres venir a C\u00f3rdoba y formar parte de esta experiencia \u00fanica, puedes <strong>comprar tu entrada desde hoy mismo aqu\u00ed <a href=\"https:\/\/www.diabetesexperienceday.com\/\" rel=\"nofollow noopener\" target=\"_blank\">https:\/\/www.diabetesexperienceday.com\/<\/a><\/strong><\/p>\n","protected":false},"excerpt":{"rendered":"El Diabetes Experience Day, el mayor encuentro de personas con diabetes en Espa\u00f1a, regresa en 2026 con una&hellip;\n","protected":false},"author":2,"featured_media":277480,"comment_status":"","ping_status":"","sticky":false,"template":"","format":"standard","meta":{"footnotes":""},"categories":[92],"tags":[25,24,165,166,23],"class_list":{"0":"post-277479","1":"post","2":"type-post","3":"status-publish","4":"format-standard","5":"has-post-thumbnail","7":"category-salud","8":"tag-es","9":"tag-espana","10":"tag-health","11":"tag-salud","12":"tag-spain"},"share_on_mastodon":{"url":"https:\/\/pubeurope.com\/@es\/115683475232049339","error":""},"_links":{"self":[{"href":"https:\/\/www.europesays.com\/es\/wp-json\/wp\/v2\/posts\/277479","targetHints":{"allow":["GET"]}}],"collection":[{"href":"https:\/\/www.europesays.com\/es\/wp-json\/wp\/v2\/posts"}],"about":[{"href":"https:\/\/www.europesays.com\/es\/wp-json\/wp\/v2\/types\/post"}],"author":[{"embeddable":true,"href":"https:\/\/www.europesays.com\/es\/wp-json\/wp\/v2\/users\/2"}],"replies":[{"embeddable":true,"href":"https:\/\/www.europesays.com\/es\/wp-json\/wp\/v2\/comments?post=277479"}],"version-history":[{"count":0,"href":"https:\/\/www.europesays.com\/es\/wp-json\/wp\/v2\/posts\/277479\/revisions"}],"wp:featuredmedia":[{"embeddable":true,"href":"https:\/\/www.europesays.com\/es\/wp-json\/wp\/v2\/media\/277480"}],"wp:attachment":[{"href":"https:\/\/www.europesays.com\/es\/wp-json\/wp\/v2\/media?parent=277479"}],"wp:term":[{"taxonomy":"category","embeddable":true,"href":"https:\/\/www.europesays.com\/es\/wp-json\/wp\/v2\/categories?post=277479"},{"taxonomy":"post_tag","embeddable":true,"href":"https:\/\/www.europesays.com\/es\/wp-json\/wp\/v2\/tags?post=277479"}],"curies":[{"name":"wp","href":"https:\/\/api.w.org\/{rel}","templated":true}]}}