{"id":277483,"date":"2025-12-08T10:29:12","date_gmt":"2025-12-08T10:29:12","guid":{"rendered":"https:\/\/www.europesays.com\/es\/277483\/"},"modified":"2025-12-08T10:29:12","modified_gmt":"2025-12-08T10:29:12","slug":"el-impacto-en-la-astronomia-ni-siquiera-es-la-punta-del-iceberg","status":"publish","type":"post","link":"https:\/\/www.europesays.com\/es\/277483\/","title":{"rendered":"El impacto en la astronom\u00eda ni siquiera es la punta del iceberg"},"content":{"rendered":"<p class=\"c-paragraph\">Las<b> grandes constelaciones fabricadas a partir de sat\u00e9lites<\/b> fueron, en su momento, una gran promesa tecnol\u00f3gica.<a href=\"https:\/\/www.20minutos.es\/ciencia\/primera-vez-estacion-espacial-internacional-alcanza-ocho-naves-acopladas-motivo-hecho-historico_6906276_0.html\" title=\"Por primera vez la Estaci\u00f3n Espacial Internacional alcanza las ocho naves acopladas: el motivo de este hecho hist\u00f3rico\" rel=\"nofollow noopener\" target=\"_blank\"> Representaban el acceso global a internet,<\/a> una mayor conectividad y una nueva era de servicios. Sin embargo, esa promesa se ha convertido en un problema para la comunidad cient\u00edfica. El despliegue masivo de sat\u00e9lites ha hecho cada vez <b>m\u00e1s dif\u00edcil observar el universo sin interferencias.\u00a0<\/b><\/p>\n<p class=\"c-paragraph\">Las amenazas para la ciencia son f\u00e1ciles de explicar, los sat\u00e9lites cruzan el campo de visi\u00f3n de los telescopios, <b>reflejan la luz del Sol y generan trazos brillantes<\/b> que arruinan las im\u00e1genes con las que los astr\u00f3nomos estudian todo aquello que hay m\u00e1s all\u00e1 de la atm\u00f3sfera terrestre. Seg\u00fan las \u00faltimas proyecciones, durante la pr\u00f3xima d\u00e9cada <b>el 96 % de las im\u00e1genes del espacio estar\u00e1n contaminadas.\u00a0<\/b><\/p>\n<p>Los efectos en la investigaci\u00f3n cient\u00edfica<\/p>\n<p class=\"c-paragraph\">El problema es doble. Por un lado, est\u00e1 <b>la contaminaci\u00f3n lum\u00ednica<\/b> producida por los sat\u00e9lites en funcionamiento, que aumenta a medida que se multiplican los lanzamientos. Por otro, est\u00e1 la basura espacial, fragmentos de cohetes, restos de colisiones y aparatos fuera de servicio que<b> se quedan orbitando la Tierra.<\/b> <a href=\"https:\/\/sciencemediacentre.es\/un-estudio-denuncia-el-impacto-que-las-megaconstelaciones-de-satelites-tendran-en-las-imagenes-de\" rel=\"nofollow noreferrer noopener\" target=\"_blank\">Un estudio reciente publicado en Nature <\/a>advierte que si no se act\u00faa para minimizar estos efectos, la investigaci\u00f3n astron\u00f3mica <b>quedar\u00e1 seriamente comprometida.\u00a0<\/b><\/p>\n<p class=\"c-paragraph\">El crecimiento ha sido vertiginoso. En 2019 hab\u00eda alrededor de 2.000 sat\u00e9lites orbitando nuestro planeta. Hoy, solo unos a\u00f1os despu\u00e9s,<b> la cifra se acerca a los 15.000. <\/b>La Agencia Espacial Europea calcula que, si se mantiene el ritmo actual, para 2030 podr\u00edan existir m\u00e1s de 100.000 sat\u00e9lites en distintas capas orbitales.\u00a0<\/p>\n<p class=\"c-paragraph\">Ese aumento implica que telescopios tan ic\u00f3nicos como el Hubble podr\u00edan tener su campo de observaci\u00f3n <b>afectado en casi el 40 % de sus im\u00e1genes. <\/b>Y la situaci\u00f3n ser\u00e1 a\u00fan peor para los telescopios espaciales que operan a altitudes de entre 400 y 800 kil\u00f3metros, una franja en la que la contaminaci\u00f3n visual<b> podr\u00eda llegar pr\u00e1cticamente al 100 %.<\/b><\/p>\n<p>Un problema pol\u00edtico y econ\u00f3mico<\/p>\n<p class=\"c-paragraph\">Para algunos investigadores, el panorama es a\u00fan m\u00e1s inquietante de lo que reflejan las cifras. \u00abEste estudio es hasta optimista\u00bb, se\u00f1ala <b>Alejandro S\u00e1nchez de Miguel,<\/b> del Instituto de Astrof\u00edsica de Andaluc\u00eda-CSIC <a href=\"https:\/\/sciencemediacentre.es\/un-estudio-denuncia-el-impacto-que-las-megaconstelaciones-de-satelites-tendran-en-las-imagenes-de\" rel=\"nofollow noreferrer noopener\" target=\"_blank\">en declaraciones al Science Media Centre. <\/a>Seg\u00fan \u00e9l, ni siquiera se han tenido en cuenta todos los proyectos en marcha: \u00abEs muy dif\u00edcil estar al tanto de todas las iniciativas empresariales que van apareciendo\u00bb.\u00a0<\/p>\n<p class=\"c-paragraph\">En su opini\u00f3n, lo que est\u00e1 sucediendo es <b>\u00abun experimento de geoingenier\u00eda descontrolado\u00bb<\/b> en el que el impacto sobre la astronom\u00eda es solo la parte visible de un problema m\u00e1s profundo. En este contexto tambi\u00e9n entran otras agravantes como<b> el trasfondo es pol\u00edtico y econ\u00f3mico.<\/b> El despliegue de megaconstelaciones responde a intereses particulares y a la competencia entre corporaciones y estados, lo que bloquea acuerdos internacionales capaces de regular el espacio.\u00a0<\/p>\n<p class=\"c-paragraph\">Las cr\u00edticas no vienen solo de Espa\u00f1a. Jorge Hern\u00e1ndez Bernal, investigador en Francia, considera que las propuestas actuales no atacan el problema de ra\u00edz. Para \u00e9l, no solo est\u00e1 en juego la ciencia, sino<b> el patrimonio cultural del cielo nocturno y el uso pac\u00edfico del espacio<\/b>. Adem\u00e1s, advierte sobre el riesgo de un <b>posible S\u00edndrome de Kessler:<\/b> una reacci\u00f3n en cadena de colisiones que podr\u00eda saturar la \u00f3rbita terrestre con fragmentos incontrolables.<\/p>\n<p class=\"c-paragraph\">En este contexto ser\u00eda necesario encontrar soluciones. Una de las propuestas realizadas por los cient\u00edficos e<b>s lanzar los sat\u00e9lites en \u00f3rbitas m\u00e1s bajas <\/b>que las utilizadas por los telescopios. Esto podr\u00eda evitar parte de la contaminaci\u00f3n visual, aunque tambi\u00e9n plantea nuevos riesgos, el aumento de lanzamientos y la\u00a0<b>desintegraci\u00f3n de basura en la atm\u00f3sfera<\/b> tiene implicaciones para la capa de ozono y para el clima.<\/p>\n<p class=\"c-paragraph\">Aun as\u00ed, la advertencia es clara, si se contaminan tanto los telescopios terrestres como los espaciales, la \u00fanica alternativa ser\u00e1 enviar los futuros observatorios m\u00e1s arriba, <b>lo que disparar\u00e1 los costes.\u00a0<\/b><\/p>\n","protected":false},"excerpt":{"rendered":"Las grandes constelaciones fabricadas a partir de sat\u00e9lites fueron, en su momento, una gran promesa tecnol\u00f3gica. Representaban el&hellip;\n","protected":false},"author":2,"featured_media":277484,"comment_status":"","ping_status":"","sticky":false,"template":"","format":"standard","meta":{"footnotes":""},"categories":[81],"tags":[647,67556,119,123,124,25,24,58388,117,121,122,3215,648,23,118,120],"class_list":{"0":"post-277483","1":"post","2":"type-post","3":"status-publish","4":"format-standard","5":"has-post-thumbnail","7":"category-ciencia-y-tecnologia","8":"tag-astronomia","9":"tag-basura-espacial","10":"tag-ciencia","11":"tag-ciencia-y-tecnologia","12":"tag-cienciaytecnologia","13":"tag-es","14":"tag-espana","15":"tag-satelites","16":"tag-science","17":"tag-science-and-technology","18":"tag-scienceandtechnology","19":"tag-seo20","20":"tag-sistema-solar","21":"tag-spain","22":"tag-technology","23":"tag-tecnologia"},"share_on_mastodon":{"url":"https:\/\/pubeurope.com\/@es\/115683483094513761","error":""},"_links":{"self":[{"href":"https:\/\/www.europesays.com\/es\/wp-json\/wp\/v2\/posts\/277483","targetHints":{"allow":["GET"]}}],"collection":[{"href":"https:\/\/www.europesays.com\/es\/wp-json\/wp\/v2\/posts"}],"about":[{"href":"https:\/\/www.europesays.com\/es\/wp-json\/wp\/v2\/types\/post"}],"author":[{"embeddable":true,"href":"https:\/\/www.europesays.com\/es\/wp-json\/wp\/v2\/users\/2"}],"replies":[{"embeddable":true,"href":"https:\/\/www.europesays.com\/es\/wp-json\/wp\/v2\/comments?post=277483"}],"version-history":[{"count":0,"href":"https:\/\/www.europesays.com\/es\/wp-json\/wp\/v2\/posts\/277483\/revisions"}],"wp:featuredmedia":[{"embeddable":true,"href":"https:\/\/www.europesays.com\/es\/wp-json\/wp\/v2\/media\/277484"}],"wp:attachment":[{"href":"https:\/\/www.europesays.com\/es\/wp-json\/wp\/v2\/media?parent=277483"}],"wp:term":[{"taxonomy":"category","embeddable":true,"href":"https:\/\/www.europesays.com\/es\/wp-json\/wp\/v2\/categories?post=277483"},{"taxonomy":"post_tag","embeddable":true,"href":"https:\/\/www.europesays.com\/es\/wp-json\/wp\/v2\/tags?post=277483"}],"curies":[{"name":"wp","href":"https:\/\/api.w.org\/{rel}","templated":true}]}}