{"id":277501,"date":"2025-12-08T10:46:11","date_gmt":"2025-12-08T10:46:11","guid":{"rendered":"https:\/\/www.europesays.com\/es\/277501\/"},"modified":"2025-12-08T10:46:11","modified_gmt":"2025-12-08T10:46:11","slug":"una-famosa-pareja-de-gran-hermano-anuncia-que-se-casa-estamos-emocionados","status":"publish","type":"post","link":"https:\/\/www.europesays.com\/es\/277501\/","title":{"rendered":"Una famosa pareja de \u2018Gran Hermano\u2019 anuncia que se casa: \u201cEstamos emocionados\u201d"},"content":{"rendered":"<p class=\"\">Suenan campanas de boda en \u2018Gran Hermano\u2019. Y es que Violeta Crespo y Eddy \u00cdnsua, concursantes de la decimonovena edici\u00f3n, <b>acaban de anunciar a trav\u00e9s de las redes sociales su compromiso.<\/b> Tan solo un a\u00f1o despu\u00e9s de conocerse en la casa de Guadalix de la Sierra, la madrile\u00f1a y el gallego dan un paso de gigante en su relaci\u00f3n despu\u00e9s de que el de Fisterra le pidiera matrimonio en un rom\u00e1ntico hotel de Granada.<\/p>\n<p class=\"\">\u201cEl destino y \u2018Gran Hermano\u2019 provocaron que un 10\/09\/2024 nuestras miradas se cruzaran por primera vez <b>despu\u00e9s de ser seleccionados entre 10.000 personas. <\/b>Despu\u00e9s de vivir una experiencia inolvidable en la que nuestro amor fue construy\u00e9ndose paso a paso, pero de forma firme, supimos que lo que sent\u00edamos el uno por el otro no era algo normal\u201d, comienza escribiendo la pareja en el post de Instagram donde confirman su pr\u00f3xima boda.<\/p>\n<p class=\"\">Tanto Violeta como Eddy aseguran que lo que experimentaron dentro de la casa \u201cjam\u00e1s\u201d lo hab\u00edan sentido, \u201cun amor tan fuerte, puro y de verdad que ha ido creciendo d\u00eda a d\u00eda\u201d. \u201cNo ha sido nada f\u00e1cil, pero <b>ambos sabemos que somos el amor de nuestras vidas y queremos forjar nuestro destino juntos <\/b>y de la mano, contra viento y marea, pero siempre fuertes y creciendo\u201d, a\u00f1aden muy emocionados.<\/p>\n<p>As\u00ed fue la pedida de matrimonio de Eddy a Violeta, de \u2018GH 19\u2032<\/p>\n<p class=\"\">Durante la emisi\u00f3n del debate de \u2018GH 20\u2032, Violeta y Eddy se han dejado ver por el plat\u00f3 de Ion Aramendi para dar nuevos detalles sobre este inesperado compromiso. <b>\u201cLlevamos mucho tiempo con ganas de hacerla&#8230; meses\u201d, expresaba el gallego. <\/b>\u201cFue un fin de semana incre\u00edble, estamos emocionados\u201d, aportaba la joven por su parte.<\/p>\n<p>Noticias relacionadas<a href=\"https:\/\/as.com\/tikitakas\/adara-molinero-dice-adios-a-los-realities-de-television-psicologicamente-y-fisicamente-no-puedo-mas-f202512-n\/\" class=\"s_m_w\" title=\"La m\u00edtica concursante de programas como \u2018Gran Hermano\u2019 y \u2018Supervivientes\u2019 anuncia que no participar\u00e1 en ning\u00fan formato m\u00e1s. \" data-tb-link=\"\" rel=\"nofollow noopener\" target=\"_blank\"><img decoding=\"async\" src=\"https:\/\/www.europesays.com\/es\/wp-content\/uploads\/2025\/12\/1765190770_428_H5P4EKYPGVG5XDIBBKYCPF4J7E.png\" alt=\"Adara Molinero dice adi\u00f3s a los realities de televisi\u00f3n: \u201cPsicol\u00f3gicamente y f\u00edsicamente no puedo m\u00e1s\u201d\" class=\"\" height=\"9\" width=\"16\"   loading=\"lazy\" data-tb-thumbnail=\"\"\/><\/a><a href=\"https:\/\/as.com\/tikitakas\/television\/gran-hermano-echa-el-cierre-en-telecinco-finiquita-la-edicion-y-activa-un-plan-b-f202512-n\/\" class=\"s_m_w\" title=\"El perfil Poco Pasa TV adelanta en exclusiva el final de la vig\u00e9sima temporada del reality debido a los malos datos de audiencias.\" data-tb-link=\"\" rel=\"nofollow noopener\" target=\"_blank\"><img decoding=\"async\" src=\"https:\/\/www.europesays.com\/es\/wp-content\/uploads\/2025\/12\/1765190771_849_KAFFISKNG5CZDBK5OKXAM3ROYI.png\" alt=\"\u2018Gran Hermano\u2019 echa el cierre en Telecinco: finiquita la edici\u00f3n y activa un plan B\" class=\"\" height=\"9\" width=\"16\"   loading=\"lazy\" data-tb-thumbnail=\"\"\/><\/a><\/p>\n<p class=\"\">En cuanto al anillo, la madrile\u00f1a cuenta que <b>\u201cla piedra es muy cuqui, pero muy peque\u00f1ita, me tengo que poner las gafas\u201d.<\/b> \u201cLo que uni\u00f3 \u2018Gran Hermano\u2019 que no lo separe nadie\u201d, concluy\u00f3 con una sonrisa en el rostro.<\/p>\n<p class=\"\"><b>\u00a1Tus opiniones importan!<\/b> Comenta en los art\u00edculos y suscr\u00edbete gratis a nuestra <a href=\"https:\/\/asfan.as.com\/newsletters\/\" target=\"_blank\" rel=\"nofollow noopener\" title=\"https:\/\/asfan.as.com\/newsletters\/\">newsletter<\/a> y a las alertas informativas en la <a href=\"https:\/\/as.com\/aplicacion-de-as-n\/\" target=\"_blank\" rel=\"nofollow noopener\" title=\"https:\/\/as.com\/aplicacion-de-as-n\/\">App<\/a> o el canal de <a href=\"https:\/\/www.whatsapp.com\/channel\/0029VaAasdA7j6g745nz9M10\" target=\"_blank\" rel=\"nofollow noopener\" title=\"https:\/\/www.whatsapp.com\/channel\/0029VaAasdA7j6g745nz9M10\">WhatsApp<\/a>. \u00bfBuscas licenciar contenido? Haz clic <a href=\"https:\/\/profesional.elpais.com\/landing-sindicacion?utm_medium=interno&amp;utm_source=crosslinking&amp;utm_campaign=sindicacion_as_pie_articulos\" target=\"_blank\" rel=\"nofollow noopener\" title=\"https:\/\/profesional.elpais.com\/landing-sindicacion?utm_medium=interno&amp;utm_source=crosslinking&amp;utm_campaign=sindicacion_as_pie_articulos\">aqu\u00ed<\/a><\/p>\n","protected":false},"excerpt":{"rendered":"Suenan campanas de boda en \u2018Gran Hermano\u2019. Y es que Violeta Crespo y Eddy \u00cdnsua, concursantes de la&hellip;\n","protected":false},"author":2,"featured_media":277502,"comment_status":"","ping_status":"","sticky":false,"template":"","format":"standard","meta":{"footnotes":""},"categories":[171],"tags":[146,147,25,24,23,214],"class_list":{"0":"post-277501","1":"post","2":"type-post","3":"status-publish","4":"format-standard","5":"has-post-thumbnail","7":"category-tv","8":"tag-entertainment","9":"tag-entretenimiento","10":"tag-es","11":"tag-espana","12":"tag-spain","13":"tag-tv"},"share_on_mastodon":{"url":"https:\/\/pubeurope.com\/@es\/115683551374471329","error":""},"_links":{"self":[{"href":"https:\/\/www.europesays.com\/es\/wp-json\/wp\/v2\/posts\/277501","targetHints":{"allow":["GET"]}}],"collection":[{"href":"https:\/\/www.europesays.com\/es\/wp-json\/wp\/v2\/posts"}],"about":[{"href":"https:\/\/www.europesays.com\/es\/wp-json\/wp\/v2\/types\/post"}],"author":[{"embeddable":true,"href":"https:\/\/www.europesays.com\/es\/wp-json\/wp\/v2\/users\/2"}],"replies":[{"embeddable":true,"href":"https:\/\/www.europesays.com\/es\/wp-json\/wp\/v2\/comments?post=277501"}],"version-history":[{"count":0,"href":"https:\/\/www.europesays.com\/es\/wp-json\/wp\/v2\/posts\/277501\/revisions"}],"wp:featuredmedia":[{"embeddable":true,"href":"https:\/\/www.europesays.com\/es\/wp-json\/wp\/v2\/media\/277502"}],"wp:attachment":[{"href":"https:\/\/www.europesays.com\/es\/wp-json\/wp\/v2\/media?parent=277501"}],"wp:term":[{"taxonomy":"category","embeddable":true,"href":"https:\/\/www.europesays.com\/es\/wp-json\/wp\/v2\/categories?post=277501"},{"taxonomy":"post_tag","embeddable":true,"href":"https:\/\/www.europesays.com\/es\/wp-json\/wp\/v2\/tags?post=277501"}],"curies":[{"name":"wp","href":"https:\/\/api.w.org\/{rel}","templated":true}]}}