{"id":277503,"date":"2025-12-08T10:47:13","date_gmt":"2025-12-08T10:47:13","guid":{"rendered":"https:\/\/www.europesays.com\/es\/277503\/"},"modified":"2025-12-08T10:47:13","modified_gmt":"2025-12-08T10:47:13","slug":"los-pioneros-del-folk-metal-espanol-cumplen-25-anos","status":"publish","type":"post","link":"https:\/\/www.europesays.com\/es\/277503\/","title":{"rendered":"los pioneros del folk metal espa\u00f1ol cumplen 25 a\u00f1os"},"content":{"rendered":"<p>Ficha t\u00e9cnica<\/p>\n<p class=\"ft-text\"><strong>Formaci\u00f3n:<\/strong> Jose Manche\u00f1o (voz), Francisco Gnz\u00e1lvez (guitarra r\u00edtmica), Jose Mar\u00eda Jerez (guitarra solista), Iv\u00e1n Mart\u00ednez (bajo), Jose Fernando Amat \u00abJ.F.\u00bb (bater\u00eda), Pablo Guerra (flauta)<\/p>\n<p class=\"ft-text\"><strong>Procedencia:<\/strong> Elda<\/p>\n<p class=\"ft-text\"><strong>Discos:<\/strong>Leyendas medievales (2003), Sue\u00f1os celtas (2006), Inmortal (2008), Amor prohibido (2016), Desde el silencio (2018), Un viaje en el tiempo (2024)<\/p>\n<p class=\"ft-text\"><strong>A\u00f1o de comienzo:<\/strong> 2001<\/p>\n<p class=\"ft-text\">Tenemos que aprender mucho de otras provincias. En <a class=\"ft-link ft-link--decoration\" href=\"https:\/\/www.informacion.es\/alicante\/\" rel=\"nofollow noopener\" target=\"_blank\">Alicante<\/a> existe cierto rechazo a valorar lo que es nuestro, a <a class=\"ft-link ft-link--decoration\" href=\"https:\/\/www.informacion.es\/tags\/sonidos-de-proximidad\/\" rel=\"nofollow noopener\" target=\"_blank\">enarbolar con orgullo el talento local <\/a>y a poner en el escaparate aquello que merece ser reconocido. En esa disputa social y emocional que llevamos tiempo perdiendo <strong>se encuentra una de las mayores proezas musicales que ha dado la provincia, un grupo que navega entre los mares del folk rock y los subg\u00e9neros del metal<\/strong>, y que ahora est\u00e1 de celebraci\u00f3n por su 25 aniversario: <a class=\"ft-link ft-link--decoration\" href=\"https:\/\/www.landevir.es\/\" rel=\"nofollow noopener\" target=\"_blank\">L\u00e1ndevir<\/a>.<\/p>\n<p class=\"ft-text\">Porque no es nada f\u00e1cil ser vanguardia de un estilo musical que, cuando ellos comenzaron, no exist\u00eda en Espa\u00f1a. Hoy conocemos propuestas como <strong>M\u00e4go de Oz<\/strong> o <strong>Saurom<\/strong>, que han logrado hacerse un hueco con este tipo de m\u00fasica, per<strong>o estos grupos nacieron a la vez que L\u00e1ndevir, apostando por hacer algo diferente que les representara.<\/strong> Todo ello sin aires de grandeza ni luchas de egos, lo que ha permitido que, un cuarto de siglo despu\u00e9s, sigan haciendo canciones con la misma pasi\u00f3n que en sus inicios.<\/p>\n<p><img decoding=\"async\" src=\"https:\/\/www.europesays.com\/es\/wp-content\/uploads\/2025\/12\/9af1cc5b-1d25-43c6-9de2-30faacfd7a9f_alta-libre-aspect-ratio_default_0.jpg\" width=\"1200\" height=\"899\" alt=\"L\u00e1ndevir, durante una sesi\u00f3n de fotos en la sede de INFORMACI\u00d3N\" class=\"ft-helper-img-rd\" loading=\"lazy\"\/><\/p>\n<p class=\"ft-helper-fontColor-quaternary ft-helper-fontSize-body-S ft-helper-spacer-t-xxs\">L\u00e1ndevir, durante una sesi\u00f3n de fotos en la sede de INFORMACI\u00d3N  \/ Juan Fern\u00e1ndez<\/p>\n<p class=\"ft-text\">La banda achaca este buen ambiente interno al talism\u00e1n de cualquier proyecto musical duradero: la convivencia y la ausencia de egos.<strong> \u00abSi algo nos hace sentir orgullosos de todo este camino es que hemos conseguido mantener nuestra amistad haciendo lo que nos gusta, sin marcarnos nunca objetivos excesivamente ambiciosos.<\/strong> Simplemente disfrutar de la m\u00fasica\u00bb, apunta la banda a <a class=\"ft-link ft-link--decoration\" href=\"https:\/\/www.informacion.es\/cultura\/2024\/12\/01\/hadadanza-cuento-juglares-mira-tolkien-112192408.html\" rel=\"nofollow noopener\" target=\"_blank\">INFORMACI\u00d3N<\/a>.<\/p>\n<p class=\"ft-text\">Es esa falta de pretensiones la que les ha llevado a construir una carrera marcada por la evoluci\u00f3n, sin perder de vista la esencia que siempre les ha caracterizado. A lo largo de este viaje musical, la palabra \u00abfolk\u00bb ha tenido diferentes acepciones dentro de la banda, y su sonoridad ha ido ganando enteros en cada propuesta. Y en toda esta traves\u00eda han conseguido erigir su nombre a nivel nacional a base de esfuerzo y trabajo constante. Ahora lo celebran con <strong>una gira de 25 aniversario que ya ha pasado por la Plaza de Espa\u00f1a de Lorca y que aterrizar\u00e1 el pr\u00f3ximo 31 de enero en su localidad natal, en la sala Omnia Global Music de Elda<\/strong>.<\/p>\n<p class=\"ft-text\">Adem\u00e1s, el tour tambi\u00e9n har\u00e1 parada en otras ciudades ya confirmadas como Sevilla, Vitoria, Murcia o Madrid. \u00abDisfrutar de<a class=\"ft-link ft-link--decoration\" href=\"https:\/\/www.google.com\/search?q=LANDEVIR+SPOTIFY&amp;rlz=1C1GCEU_esES1139ES1147&amp;oq=LANDEVIR+SPOTIFY&amp;gs_lcrp=EgZjaHJvbWUyCQgAEEUYORigAdIBCDQ1NTBqMGo0qAIAsAIA&amp;sourceid=chrome&amp;ie=UTF-8\" rel=\"nofollow noopener\" target=\"_blank\"> L\u00e1ndevir estos 25 a\u00f1os<\/a> es lo mejor que nos ha podido dar este proyecto. <strong>Cuando naci\u00f3 bajo el nombre de Rivendell, a finales de los 90, no imagin\u00e1bamos ni de lejos llegar hasta aqu\u00ed.<\/strong> Para algunos ser\u00e1 poco, pero para nosotros es mucho m\u00e1s de lo que pens\u00e1bamos\u00bb, admiten.<\/p>\n<p>Prioridades que erigen su grandeza<\/p>\n<p class=\"ft-text\">Para todo aquel que haya formado parte de una banda, ver c\u00f3mo crece a nivel cualitativo es algo muy especial. Pero el v\u00ednculo es todav\u00eda mayor cuando <strong>ese crecimiento se crea desde el coraz\u00f3n, sin referencias de mercado ni objetivos de cifras. Solo con la intenci\u00f3n de dar rienda suelta a sus inquietudes<\/strong>, trasladando a Espa\u00f1a la sonoridad de sus influencias internacionales y creando un g\u00e9nero nuevo.<\/p>\n<p class=\"ft-text\">\u00abPara conseguir algo m\u00e1s grande hay que dejar de lado muchas cosas y nosotros nunca hemos estado en ese punto. <strong>Tenemos nuestra vida, nuestra familia, y priorizamos eso por encima de todo\u00bb, explican.<\/strong> A la pregunta de si se les ha quedado alg\u00fan sue\u00f1o por cumplir, admiten que \u00ababrir para un grupo internacional ante 20.000 personas o tocar en Latinoam\u00e9rica\u00bb ser\u00edan hitos importantes en su carrera, pero se muestran serenos al reconocer que \u00abno es algo que no nos deje dormir\u00bb.<\/p>\n<p class=\"ft-text\">Han sido confirmados tambi\u00e9n en el <strong>cartel m\u00e1s ambicioso de la historia del <\/strong><a class=\"ft-link ft-link--decoration\" href=\"https:\/\/www.informacion.es\/cultura\/2025\/08\/06\/leyendas-rock-villena-arranca-guturales-monjas-120415447.html\" rel=\"nofollow noopener\" target=\"_blank\"><strong>Leyendas del Rock de Villena<\/strong><\/a><strong>, que contar\u00e1 con actuaciones de bandas como Helloween o In Flames.<\/strong> Un broche de oro que supone un regalo tras todos estos a\u00f1os de trabajo, devolviendo a sus seguidores un amplio repertorio de canciones marcadas por la evoluci\u00f3n y la b\u00fasqueda constante de nuevos horizontes.<\/p>\n<p class=\"ft-text\">Ahora, su p\u00fablico tendr\u00e1 la oportunidad de rememorar toda su trayectoria en <strong>una gira que recupera algunos de los cl\u00e1sicos de la banda \u00abque hac\u00eda tiempo que no toc\u00e1bamos en directo\u00bb<\/strong>. Para presentarlos, han modernizado parte de esos temas sin perder la esencia que los caracteriza. \u00abLos conciertos est\u00e1n marcados por un potente impacto visual, con v\u00eddeos, buena puesta en escena y much\u00edsimas ganas\u00bb, admiten. Estamos ante una pieza de la historia de nuestra m\u00fasica. Y hay que darle el valor que se merece.<strong> Larga vida a L\u00e1ndevir.<\/strong><\/p>\n<p data-close=\"closedContent\" class=\"subscribeHideForDisplay\">Suscr\u00edbete para seguir leyendo<\/p>\n","protected":false},"excerpt":{"rendered":"Ficha t\u00e9cnica Formaci\u00f3n: Jose Manche\u00f1o (voz), Francisco Gnz\u00e1lvez (guitarra r\u00edtmica), Jose Mar\u00eda Jerez (guitarra solista), Iv\u00e1n Mart\u00ednez (bajo),&hellip;\n","protected":false},"author":2,"featured_media":277504,"comment_status":"","ping_status":"","sticky":false,"template":"","format":"standard","meta":{"footnotes":""},"categories":[170],"tags":[209,22185,146,147,25,24,1489,6057,42807,448,67560,3963,184,185,39690,67562,67561,23,2752],"class_list":{"0":"post-277503","1":"post","2":"type-post","3":"status-publish","4":"format-standard","5":"has-post-thumbnail","7":"category-musica","8":"tag-cultura","9":"tag-elda","10":"tag-entertainment","11":"tag-entretenimiento","12":"tag-es","13":"tag-espana","14":"tag-espanol","15":"tag-evolucion","16":"tag-folk","17":"tag-historia","18":"tag-landevir","19":"tag-metal","20":"tag-music","21":"tag-musica","22":"tag-pioneros","23":"tag-sonidos-de-proximidad","24":"tag-sonidos-proximidad","25":"tag-spain","26":"tag-trabajo"},"share_on_mastodon":{"url":"https:\/\/pubeurope.com\/@es\/115683553818937448","error":""},"_links":{"self":[{"href":"https:\/\/www.europesays.com\/es\/wp-json\/wp\/v2\/posts\/277503","targetHints":{"allow":["GET"]}}],"collection":[{"href":"https:\/\/www.europesays.com\/es\/wp-json\/wp\/v2\/posts"}],"about":[{"href":"https:\/\/www.europesays.com\/es\/wp-json\/wp\/v2\/types\/post"}],"author":[{"embeddable":true,"href":"https:\/\/www.europesays.com\/es\/wp-json\/wp\/v2\/users\/2"}],"replies":[{"embeddable":true,"href":"https:\/\/www.europesays.com\/es\/wp-json\/wp\/v2\/comments?post=277503"}],"version-history":[{"count":0,"href":"https:\/\/www.europesays.com\/es\/wp-json\/wp\/v2\/posts\/277503\/revisions"}],"wp:featuredmedia":[{"embeddable":true,"href":"https:\/\/www.europesays.com\/es\/wp-json\/wp\/v2\/media\/277504"}],"wp:attachment":[{"href":"https:\/\/www.europesays.com\/es\/wp-json\/wp\/v2\/media?parent=277503"}],"wp:term":[{"taxonomy":"category","embeddable":true,"href":"https:\/\/www.europesays.com\/es\/wp-json\/wp\/v2\/categories?post=277503"},{"taxonomy":"post_tag","embeddable":true,"href":"https:\/\/www.europesays.com\/es\/wp-json\/wp\/v2\/tags?post=277503"}],"curies":[{"name":"wp","href":"https:\/\/api.w.org\/{rel}","templated":true}]}}