{"id":277559,"date":"2025-12-08T11:28:10","date_gmt":"2025-12-08T11:28:10","guid":{"rendered":"https:\/\/www.europesays.com\/es\/277559\/"},"modified":"2025-12-08T11:28:10","modified_gmt":"2025-12-08T11:28:10","slug":"la-norma-fifa-que-rompe-suenos-y-germina-un-paron-en-el-futbol-base","status":"publish","type":"post","link":"https:\/\/www.europesays.com\/es\/277559\/","title":{"rendered":"la norma FIFA que rompe sue\u00f1os y germina un par\u00f3n en el f\u00fatbol base"},"content":{"rendered":"<p class=\"paragraph\" id=\"paragraph_1\"><strong>Dean Huijsen<\/strong> ten\u00eda apenas seis a\u00f1os cuando, tras aterrizar en <strong>Espa\u00f1a<\/strong> para vivir con su familia, se enrol\u00f3 en las filas del <strong>Costa Unida CF.<\/strong> En este modesto club de <strong>Marbella<\/strong> dio sus primeros pasos como futbolista hasta convertirse en una estrella del <strong>Real Madrid y la Selecci\u00f3n<\/strong>, pero ahora resulta mucho m\u00e1s complicado para este tipo de equipos formar a los jugadores del futuro.<\/p>\n<p class=\"paragraph\" id=\"paragraph_2\">El art\u00edculo 19 del <strong>Reglamento sobre el Estatuto y la Transferencia de Jugadores de FIFA<\/strong> lo complica todo. Esta normativa, ideada para evitar tratar a los j\u00f3venes talentos como mercanc\u00eda, tambi\u00e9n tiene un lado oscuro que est\u00e1 lastrando la formaci\u00f3n de jugadores.<\/p>\n<p class=\"paragraph\" id=\"paragraph_3\">Ahora, si un menor extranjero llega por primera vez a <strong>Espa\u00f1a<\/strong> y quiere inscribirse en cualquier club de la base tiene que superar <strong>un proceso burocr\u00e1tico interminable<\/strong> que desespera hasta al m\u00e1s paciente. Ni\u00f1os, con la \u00fanica voluntad de jugar al f\u00fatbol, que acaban tomando otro camino ante la imposibilidad de desarrollar su sue\u00f1o.<\/p>\n<p>Papeleo y federaciones<\/p>\n<p class=\"paragraph\" id=\"paragraph_4\">El problema es claro y afecta a miles de ni\u00f1os en todo el f\u00fatbol base espa\u00f1ol. <strong>Un peque\u00f1o llega a Espa\u00f1a procedente de otro pa\u00eds<\/strong> y decide apuntarse a un club para jugar federado. Sin embargo, pronto se encuentra con el primer obst\u00e1culo.<\/p>\n<p class=\"paragraph\" id=\"paragraph_5\">Los clubes aceptan de buen grado a cualquier joven talento, pero estos no pueden jugar partidos oficiales hasta superar el tr\u00e1mite burocr\u00e1tico. N\u00f3minas de los padres, alquileres o hipotecas, pasaportes&#8230; Los organismos piden papeleo de todo tipo para asegurar que todo est\u00e1 en regla.<\/p>\n<p class=\"paragraph\" id=\"paragraph_6\">Una vez que los padres pueden aportar toda la documentaci\u00f3n requerida -no sin recelo en muchas ocasiones- aparece la segunda barrera, la de <strong>luchar contra el tiempo.<\/strong><\/p>\n<p><img loading=\"lazy\" decoding=\"async\" alt=\"Dean Huijsen, en su etapa en el Costa Unida y en el Bournemouth.\" height=\"180\" src=\"https:\/\/www.europesays.com\/es\/wp-content\/uploads\/2025\/12\/934417645_254258230_320x180.jpg\" width=\"320\" data-lazy-status=\"processed\" data-lazy-info=\"remove loading item 1\"\/><\/p>\n<p class=\"paragraph\" id=\"paragraph_7\">Los papeles llegan primero a la federaci\u00f3n regional de turno, posteriormente si est\u00e1n en regla se elevan a la <strong>RFEF,<\/strong> y si todo marcha seg\u00fan lo previsto entonces terminan en la federaci\u00f3n de origen del ni\u00f1o en cuesti\u00f3n. Todo ello para que <strong>FIFA,<\/strong> el responsable final de esta norma, d\u00e9 el OK a la inscripci\u00f3n.<\/p>\n<p class=\"paragraph\" id=\"paragraph_8\">El proceso, que ya es complejo de por s\u00ed, se convierte en un tr\u00e1mite interminable. Periodos de espera de d\u00edas, semanas, meses e incluso alg\u00fan a\u00f1o. \u00abAlgunos ni\u00f1os se cansan de aguardar y acaban dejando el f\u00fatbol\u00bb, cuentan algunos de estos clubes afectados.<\/p>\n<p>Cansados de esperar<\/p>\n<p class=\"paragraph\" id=\"paragraph_9\">El problema no es tanto la norma, sino la lentitud a la hora de resolver los tr\u00e1mites exigidos. <strong>Hay ni\u00f1os que todav\u00eda no han podido debutar<\/strong> desde que a principios de la presente temporada llegaron a un club, y eso son ya varios meses de espera.<\/p>\n<p class=\"paragraph\" id=\"paragraph_10\">La situaci\u00f3n de estos j\u00f3venes talentos es delicada. Siguen formando parte de un club, entrenan cada semana junto al resto de sus compa\u00f1eros y son uno m\u00e1s en el grupo. Sin embargo, cuando llega el fin de semana no pueden jugar competiciones oficiales porque eso supondr\u00eda una grave multa para su club.<\/p>\n<p><img decoding=\"async\" alt=\"Dean Huijsen, en un calentamiento con el Bournemouth.\" height=\"180\" loading=\"lazy\" width=\"320\" data-lazy-status=\"processed\" id=\"aa65efbb35\" src=\"https:\/\/www.elespanol.com\/deportes\/futbol\/20251208\/prohibido-fabricar-huijsen-norma-fifa-rompe-suenos-germina-paron-futbol-base\/[\" https:=\"\" data-lazy-info=\"changed src\"\/><\/p>\n<p class=\"paragraph\" id=\"paragraph_11\"><strong>No jugar\u00e1n hasta que su caso se solucione<\/strong>, y eso es algo que a los m\u00e1s peque\u00f1os les cuesta entender, y que a los padres exaspera. Los clubes, al igual que los jugadores, son las v\u00edctimas de este atasco burocr\u00e1tico.<\/p>\n<p>Se prepara la protesta<\/p>\n<p class=\"paragraph\" id=\"paragraph_12\">Ante este bloqueo del f\u00fatbol base que, indudablemente afecta al f\u00fatbol de \u00e9lite del futuro, varios clubes de la <strong>Costa del Sol<\/strong> han decidido alzar la voz. Hasta 17 clubes de Marbella, entre los que se encuentra el <strong>Costa Unida CF<\/strong> donde &#8216;naci\u00f3&#8217; futbol\u00edsticamente <strong>Dean Huijsen,<\/strong> se han agrupado para denunciar este contexto.<\/p>\n<p class=\"paragraph\" id=\"paragraph_13\">El problema afecta a todas las edades. Desde ni\u00f1os de seis a\u00f1os hasta juveniles de 18 a\u00f1os. Muchos de ellos se inscribieron en sus respectivos clubes el pasado mes de agosto, y ya entrado diciembre todav\u00eda no han podido debutar en competici\u00f3n oficial.<\/p>\n<p class=\"paragraph\" id=\"paragraph_14\">\u00abA las seis o siete semanas del proceso se aburren porque no quieren seguir esperando\u00bb, comentan desde estos clubes que han unido sus fuerzas para denunciar la situaci\u00f3n.<\/p>\n<p class=\"paragraph\" id=\"paragraph_15\">Entre estos 17 clubes acumulan unas <strong>300 fichas que est\u00e1n bloqueadas<\/strong> todav\u00eda desde agosto. Unos 300 jugadores nacidos en el extranjero que por primera vez quer\u00edan jugar federados en <strong>Espa\u00f1a<\/strong> pero que todav\u00eda no han podido hacerlo por este tr\u00e1mite burocr\u00e1tico.<\/p>\n<p class=\"paragraph\" id=\"paragraph_16\">Desde esta uni\u00f3n de equipos que se ha creado para solicitar una soluci\u00f3n de urgencia estiman que en la provincia de M\u00e1laga podr\u00eda haber unos 2.000 casos pendientes, y en Andaluc\u00eda unos <strong>10.000 o 12.000 ni\u00f1os sin jugar.<\/strong><\/p>\n<p><img decoding=\"async\" alt=\"Lamine Yamal celebra el cumplea\u00f1os de su padre, Mounir Nasraoui, en el restaurante Gaudim.\" height=\"180\" loading=\"lazy\" width=\"320\" data-lazy-status=\"processed\" id=\"58c2b555bc\" src=\"https:\/\/www.elespanol.com\/deportes\/futbol\/20251208\/prohibido-fabricar-huijsen-norma-fifa-rompe-suenos-germina-paron-futbol-base\/[\" https:=\"\" data-lazy-info=\"changed src\"\/><\/p>\n<p class=\"paragraph\" id=\"paragraph_17\">El problema, no obstante, es nacional. En Andaluc\u00eda es donde han alzado la voz, pero pasa en todo el territorio nacional. O en casi todo, porque en la <strong>Comunidad de Madrid y en Baleares<\/strong> las federaciones territoriales otorgan una medida cautelar en el momento en el que se presentan los papeles. Entonces, los ni\u00f1os pueden jugar mientras se resuelve la burocracia.<\/p>\n<p class=\"paragraph\" id=\"paragraph_18\">Ahora, estos clubes se plantean la opci\u00f3n de parar las competiciones si todo sigue igual con el paso del tiempo. Ya hicieron una sentada hace unos d\u00edas, pero est\u00e1n dispuestos a ir hasta el fondo.<\/p>\n<p>Ni\u00f1os discriminados<\/p>\n<p class=\"paragraph\" id=\"paragraph_19\">Entre estos clubes que ahora se unen para denunciar la situaci\u00f3n p\u00fablicamente consideran que la norma FIFA discrimina a los j\u00f3venes jugadores por su procedencia.<\/p>\n<p class=\"paragraph\" id=\"paragraph_20\">\u00abNo puede ser que un ni\u00f1o de <strong>Dinamarca, Colombia, Noruega o Chipre<\/strong> no tenga las mismas posibilidades de jugar que sus compa\u00f1eros\u00bb, cuentan.<\/p>\n<p class=\"paragraph\" id=\"paragraph_21\">Si todo sigue igual y los periodos de resoluci\u00f3n no se agilizan, los clubes tomar\u00e1n decisiones dr\u00e1sticas despu\u00e9s del par\u00f3n de <strong>Navidad.<\/strong> La Federaci\u00f3n Andaluza, por ejemplo, ya est\u00e1 avisada de ello, pero es posible que este movimiento se extienda a otros rincones de Espa\u00f1a.<\/p>\n","protected":false},"excerpt":{"rendered":"Dean Huijsen ten\u00eda apenas seis a\u00f1os cuando, tras aterrizar en Espa\u00f1a para vivir con su familia, se enrol\u00f3&hellip;\n","protected":false},"author":2,"featured_media":277560,"comment_status":"","ping_status":"","sticky":false,"template":"","format":"standard","meta":{"footnotes":""},"categories":[268],"tags":[33709,168,25,24,280,282,7792,281,23,167],"class_list":{"0":"post-277559","1":"post","2":"type-post","3":"status-publish","4":"format-standard","5":"has-post-thumbnail","7":"category-futbol","8":"tag-dean-huijsen","9":"tag-deportes","10":"tag-es","11":"tag-espana","12":"tag-football","13":"tag-futbol","14":"tag-real-madrid-cf","15":"tag-soccer","16":"tag-spain","17":"tag-sports"},"share_on_mastodon":{"url":"https:\/\/pubeurope.com\/@es\/115683716034556854","error":""},"_links":{"self":[{"href":"https:\/\/www.europesays.com\/es\/wp-json\/wp\/v2\/posts\/277559","targetHints":{"allow":["GET"]}}],"collection":[{"href":"https:\/\/www.europesays.com\/es\/wp-json\/wp\/v2\/posts"}],"about":[{"href":"https:\/\/www.europesays.com\/es\/wp-json\/wp\/v2\/types\/post"}],"author":[{"embeddable":true,"href":"https:\/\/www.europesays.com\/es\/wp-json\/wp\/v2\/users\/2"}],"replies":[{"embeddable":true,"href":"https:\/\/www.europesays.com\/es\/wp-json\/wp\/v2\/comments?post=277559"}],"version-history":[{"count":0,"href":"https:\/\/www.europesays.com\/es\/wp-json\/wp\/v2\/posts\/277559\/revisions"}],"wp:featuredmedia":[{"embeddable":true,"href":"https:\/\/www.europesays.com\/es\/wp-json\/wp\/v2\/media\/277560"}],"wp:attachment":[{"href":"https:\/\/www.europesays.com\/es\/wp-json\/wp\/v2\/media?parent=277559"}],"wp:term":[{"taxonomy":"category","embeddable":true,"href":"https:\/\/www.europesays.com\/es\/wp-json\/wp\/v2\/categories?post=277559"},{"taxonomy":"post_tag","embeddable":true,"href":"https:\/\/www.europesays.com\/es\/wp-json\/wp\/v2\/tags?post=277559"}],"curies":[{"name":"wp","href":"https:\/\/api.w.org\/{rel}","templated":true}]}}