{"id":277573,"date":"2025-12-08T11:36:10","date_gmt":"2025-12-08T11:36:10","guid":{"rendered":"https:\/\/www.europesays.com\/es\/277573\/"},"modified":"2025-12-08T11:36:10","modified_gmt":"2025-12-08T11:36:10","slug":"mas-de-8-000-madrilenos-se-han-vacunado-ya-contra-la-gripe-en-el-hospital-enfermera-isabel-zendal","status":"publish","type":"post","link":"https:\/\/www.europesays.com\/es\/277573\/","title":{"rendered":"M\u00e1s de 8.000 madrile\u00f1os se han vacunado ya contra la gripe en el Hospital Enfermera Isabel Zendal"},"content":{"rendered":"<p><img id=\"fotoPrincipalNoticia\" src=\"https:\/\/www.europesays.com\/es\/wp-content\/uploads\/2025\/12\/fotonoticia_20251208121538_690.jpg\" loading=\"eager\" decoding=\"async\" style=\"view-transition-name: fechor_20251208121538;\" border=\"0\" alt=\"Archivo - Una mujer recibe la tercera dosis de la vacuna contra el Covid-19, en el Hospital Enfermera Isabel Zendal, a 13 de enero de 2022, en Madrid, (Espa\u00f1a).\" fetchpriority=\"high\" title=\"M\u00e1s de 8.000 madrile\u00f1os se han vacunado ya contra la gripe en el Hospital Enfermera Isabel Zendal\" width=\"690\" height=\"490\" itemprop=\"image\"\/><\/p>\n<p>Archivo &#8211; Una mujer recibe la tercera dosis de la vacuna contra el Covid-19, en el Hospital Enfermera Isabel Zendal, a 13 de enero de 2022, en Madrid, (Espa\u00f1a). &#8211; Eduardo Parra &#8211; Europa Press &#8211; Archivo<\/p>\n<p>    MADRID 8 Dic. (EUROPA PRESS) &#8211; <\/p>\n<p>   M\u00e1s de 8.000 madrile\u00f1os se han vacunado ya contra la gripe en el Hospital Enfermera Isabel Zendal en este mes de diciembre, con cerca 1.200 vacunados al d\u00eda, tras habilitarse un dispositivo especial para la vacunaci\u00f3n contra la gripe a personas mayores de 18 a\u00f1os, tal y como han informado a Europa Press fuentes de la Consejer\u00eda de Sanidad.<\/p>\n<p>   Se puso en marcha este dispositivo despu\u00e9s de que se superara el umbral epid\u00e9mico, con una incidencia de 42 casos por cada 100.000 habitantes en la Comunidad de Madrid.<\/p>\n<p>   En una entrevista con &#8216;esRadio&#8217;, recogida por Europa Press, la consejera de Sanidad, F\u00e1tima Matute, ha censurado que la ministra de Sanidad, M\u00f3nica Garc\u00eda, llegara \u00abotra vez tarde\u00bb contra la gripe. \u00abAhora la ministra dice que nos ha doblado el brazo poniendo medidas para proteger la gripe, pero se\u00f1ora ministra, si ha empezado usted cuando todo el mundo estaba con mocos\u00bb, ha reprochado, a la vez que ha subrayado que la Comunidad de Madrid lleva trabajando en este plan desde septiembre, cuando todav\u00eda hacia calor.<\/p>\n<p>   Adem\u00e1s, ha recordado que Madrid es pionera en vacunar a los lactantes y a mayores del virus respiratorio sincitial, porque el 43% de los ingresos graves en hospitales mayores era debido a esto. \u00abCon lo cual esperamos y mediremos, porque eso es lo que hay que hacer, medir. No como esta gente que est\u00e1 en el Ministerio, que no mide y lo que se dedica es a atacar a la Comunidad de Madrid\u00bb, ha reprochado.<\/p>\n<p>VACUNACI\u00d3N CONTRA LA GRIPE<\/p>\n<p>   El horario de vacunaci\u00f3n en el Hospital Isabel Zendal es de lunes a viernes, de 8.30 a 20.30 horas, sin necesidad de cita previa. Para la poblaci\u00f3n menor de 18 a\u00f1os, la inmunizaci\u00f3n deber\u00e1 seguir realiz\u00e1ndose en los centros de salud.<\/p>\n<p>   Con esta iniciativa, que se mantendr\u00e1 hasta que no haya cambios en la situaci\u00f3n epidemiol\u00f3gica, desde el Gobierno regional se busca reforzar la campa\u00f1a de inmunizaci\u00f3n, que se inici\u00f3 el pasado 15 de octubre y hasta el momento ha vacunado a m\u00e1s de 1,2 millones de personas en la regi\u00f3n.<\/p>\n<p>   Esta medida de protecci\u00f3n est\u00e1 especialmente dirigida a los madrile\u00f1os mayores de 60 a\u00f1os, personal sanitario y sociosanitario y pacientes cr\u00f3nicos. Tambi\u00e9n es recomendable para embarazadas; enfermos con patolog\u00eda cr\u00f3nica cardiovascular, respiratoria, renal, diabetes; cuidadores de personas vulnerables; fumadores, y docentes de guarder\u00edas y centros de Educaci\u00f3n Infantil.<\/p>\n<p>   El Hospital p\u00fablico Enfermera Isabel Zendal se suma a los m\u00e1s de 800 puntos de vacunaci\u00f3n contra la gripe que coordina en la regi\u00f3n la Direcci\u00f3n General de Salud P\u00fablica. Son principalmente en los dispositivos de Atenci\u00f3n Primaria, hospitales del Servicio Madrile\u00f1o de Salud y residencias de mayores y de personas con discapacidad.<\/p>\n","protected":false},"excerpt":{"rendered":"Archivo &#8211; Una mujer recibe la tercera dosis de la vacuna contra el Covid-19, en el Hospital Enfermera&hellip;\n","protected":false},"author":2,"featured_media":277574,"comment_status":"","ping_status":"","sticky":false,"template":"","format":"standard","meta":{"footnotes":""},"categories":[92],"tags":[25,24,165,166,23],"class_list":{"0":"post-277573","1":"post","2":"type-post","3":"status-publish","4":"format-standard","5":"has-post-thumbnail","7":"category-salud","8":"tag-es","9":"tag-espana","10":"tag-health","11":"tag-salud","12":"tag-spain"},"share_on_mastodon":{"url":"https:\/\/pubeurope.com\/@es\/115683746622914701","error":""},"_links":{"self":[{"href":"https:\/\/www.europesays.com\/es\/wp-json\/wp\/v2\/posts\/277573","targetHints":{"allow":["GET"]}}],"collection":[{"href":"https:\/\/www.europesays.com\/es\/wp-json\/wp\/v2\/posts"}],"about":[{"href":"https:\/\/www.europesays.com\/es\/wp-json\/wp\/v2\/types\/post"}],"author":[{"embeddable":true,"href":"https:\/\/www.europesays.com\/es\/wp-json\/wp\/v2\/users\/2"}],"replies":[{"embeddable":true,"href":"https:\/\/www.europesays.com\/es\/wp-json\/wp\/v2\/comments?post=277573"}],"version-history":[{"count":0,"href":"https:\/\/www.europesays.com\/es\/wp-json\/wp\/v2\/posts\/277573\/revisions"}],"wp:featuredmedia":[{"embeddable":true,"href":"https:\/\/www.europesays.com\/es\/wp-json\/wp\/v2\/media\/277574"}],"wp:attachment":[{"href":"https:\/\/www.europesays.com\/es\/wp-json\/wp\/v2\/media?parent=277573"}],"wp:term":[{"taxonomy":"category","embeddable":true,"href":"https:\/\/www.europesays.com\/es\/wp-json\/wp\/v2\/categories?post=277573"},{"taxonomy":"post_tag","embeddable":true,"href":"https:\/\/www.europesays.com\/es\/wp-json\/wp\/v2\/tags?post=277573"}],"curies":[{"name":"wp","href":"https:\/\/api.w.org\/{rel}","templated":true}]}}