{"id":277591,"date":"2025-12-08T11:52:12","date_gmt":"2025-12-08T11:52:12","guid":{"rendered":"https:\/\/www.europesays.com\/es\/277591\/"},"modified":"2025-12-08T11:52:12","modified_gmt":"2025-12-08T11:52:12","slug":"antonia-san-juan-actualiza-su-estado-de-salud-esta-enfermedad-te-ubica-en-todos-los-aspectos","status":"publish","type":"post","link":"https:\/\/www.europesays.com\/es\/277591\/","title":{"rendered":"Antonia San Juan actualiza su estado de salud: \u201cEsta enfermedad te ubica en todos los aspectos\u201d"},"content":{"rendered":"<p class=\"\">Antonia San Juan, de 64 a\u00f1os, ha publicado un nuevo v\u00eddeo en su cuenta de Instagram donde <b>actualiza su estado de salud tras ser diagnosticada de c\u00e1ncer <\/b>y cuenta c\u00f3mo evoluciona su tratamiento. En plena recta final de quimioterapia, la actriz confirma que este martes 9 de diciembre se dar\u00e1 la quinta sesi\u00f3n y dice que no tiene \u201cni idea\u201d de c\u00f3mo ser\u00e1 su seguimiento m\u00e9dico una vez cierre esa etapa. <\/p>\n<p class=\"\">Respecto a la manera en la que afronta su d\u00eda a d\u00eda, Antonia San Juan pone el foco en los cambios f\u00edsicos que ha ido experimentando en los \u00faltimos meses. \u201cEl fondo que ten\u00eda antes de ponerme mala y el de ahora no es el mismo (&#8230;) <b>Me hac\u00eda 20.000 pasos y hay d\u00edas que hago 10.000 y es costoso<\/b>\u201d, comenta. Adem\u00e1s, est\u00e1 incorporando poco a poco distintos ejercicios de fuerza para ir mejorando su condici\u00f3n f\u00edsica.<\/p>\n<p class=\"\">\u201cCada cuerpo responder\u00e1 de una manera&#8230; <b>Uno no puede pasar por encima de esta experiencia, te da muchas cosas, te ubica<\/b>\u201d, insiste desde sus redes sociales. La int\u00e9rprete reconoce que el c\u00e1ncer le ha cambiado manera de entender tanto los v\u00ednculos familiares como amistosos: \u201cCuando tienes una enfermedad de este calibre te ubica en todos los aspectos, en lo laboral, con tu familia&#8230; Sabes qui\u00e9nes son tu familia\u201d. Seg\u00fan ella, \u201chay familiares que se alegran de tus \u00e9xitos y otros que no te lo mencionan. Cuando te enfermes, igual. Algunos no te preguntan ni les interesa, es aceptable\u201d.<\/p>\n<p>Antonia San Juan y sus ganas de vivir<\/p>\n<p class=\"\">La actriz explica en su v\u00eddeo de Instagram que esta etapa le ha permitido darse cuenta de lo fr\u00e1gil que es la vida, \u201cy de lo simple que es todo cuando aparece la enfermedad\u201d: \u201cTodos somos vulnerables\u201d.<b> \u201cEl martes, la quinta quimio, estamos en la recta final&#8230; Hay m\u00e1s ganas de vivir que nunca\u201d<\/b>, manifiesta.<\/p>\n<p>Noticias relacionadas<a href=\"https:\/\/as.com\/tikitakas\/television\/dana-ganadora-de-eurovision-con-israel-estalla-contra-espana-y-rtve-violenta-e-insultante-f202512-n\/\" class=\"s_m_w\" title=\"La cantante, ganadora de la edici\u00f3n de 1998, lanza un mensaje contra nuestro pa\u00eds despu\u00e9s de confirmarse la no participaci\u00f3n de Espa\u00f1a en el certamen.\" data-tb-link=\"\" rel=\"nofollow noopener\" target=\"_blank\"><img decoding=\"async\" src=\"https:\/\/www.europesays.com\/es\/wp-content\/uploads\/2025\/12\/1765194731_984_VB6AB373UFGUZDIYWFLPA7YTDA.png\" alt=\"Dana, ganadora de Eurovisi\u00f3n con Israel, estalla contra Espa\u00f1a y RTVE: \u201cViolenta e insultante\u201d\" class=\"\" height=\"9\" width=\"16\"   loading=\"lazy\" data-tb-thumbnail=\"\"\/><\/a><a href=\"https:\/\/as.com\/tikitakas\/television\/reaparece-ines-hernand-tras-su-polemico-discurso-sobre-eta-en-operacion-triunfo-me-amenazan-de-muerte-f202512-n\/\" class=\"s_m_w\" title=\"La comunicadora aclara a trav\u00e9s de sus redes sociales sus controvertidas palabras durante su visita a la Academia de \u2018OT 2025\u2032.\" data-tb-link=\"\" rel=\"nofollow noopener\" target=\"_blank\"><img decoding=\"async\" src=\"https:\/\/www.europesays.com\/es\/wp-content\/uploads\/2025\/12\/1765194732_138_WU23QWBPHJH45COIBTOMXY2EHM.png\" alt=\"Reaparece In\u00e9s Hernand tras su pol\u00e9mico discurso sobre ETA en \u2018Operaci\u00f3n Triunfo\u2019: \u201cMe amenazan de muerte\u201d\" class=\"\" height=\"9\" width=\"16\"   loading=\"lazy\" data-tb-thumbnail=\"\"\/><\/a><\/p>\n<p class=\"\">Tras una revisi\u00f3n con el inmunol\u00f3gico, Antonia San Juan se muestra muy tranquila y dejando claro que \u201ctodo va muy bien\u201d, a pesar de varios d\u00edas con fiebre. En cuanto a lo profesional, cuenta los d\u00edas para el pr\u00f3ximo 9 de enero que estrenar\u00e1 \u2018La ropa vieja de Cuca\u2019.<\/p>\n<p class=\"\"><b>\u00a1Tus opiniones importan!<\/b> Comenta en los art\u00edculos y suscr\u00edbete gratis a nuestra <a href=\"https:\/\/asfan.as.com\/newsletters\/\" target=\"_blank\" rel=\"nofollow noopener\" title=\"https:\/\/asfan.as.com\/newsletters\/\">newsletter<\/a> y a las alertas informativas en la <a href=\"https:\/\/as.com\/aplicacion-de-as-n\/\" target=\"_blank\" rel=\"nofollow noopener\" title=\"https:\/\/as.com\/aplicacion-de-as-n\/\">App<\/a> o el canal de <a href=\"https:\/\/www.whatsapp.com\/channel\/0029VaAasdA7j6g745nz9M10\" target=\"_blank\" rel=\"nofollow noopener\" title=\"https:\/\/www.whatsapp.com\/channel\/0029VaAasdA7j6g745nz9M10\">WhatsApp<\/a>. \u00bfBuscas licenciar contenido? Haz clic <a href=\"https:\/\/profesional.elpais.com\/soluciones-sindicacion?utm_medium=interno&amp;utm_source=crosslinking&amp;utm_campaign=sindicacion_as_pie_articulos\" target=\"_blank\" rel=\"nofollow noopener\" title=\"https:\/\/profesional.elpais.com\/soluciones-sindicacion?utm_medium=interno&amp;utm_source=crosslinking&amp;utm_campaign=sindicacion_as_pie_articulos\">aqu\u00ed<\/a><\/p>\n","protected":false},"excerpt":{"rendered":"Antonia San Juan, de 64 a\u00f1os, ha publicado un nuevo v\u00eddeo en su cuenta de Instagram donde actualiza&hellip;\n","protected":false},"author":2,"featured_media":277592,"comment_status":"","ping_status":"","sticky":false,"template":"","format":"standard","meta":{"footnotes":""},"categories":[174],"tags":[255,146,147,25,24,256,23],"class_list":{"0":"post-277591","1":"post","2":"type-post","3":"status-publish","4":"format-standard","5":"has-post-thumbnail","7":"category-famosos","8":"tag-celebrities","9":"tag-entertainment","10":"tag-entretenimiento","11":"tag-es","12":"tag-espana","13":"tag-famosos","14":"tag-spain"},"share_on_mastodon":{"url":"https:\/\/pubeurope.com\/@es\/115683809757802665","error":""},"_links":{"self":[{"href":"https:\/\/www.europesays.com\/es\/wp-json\/wp\/v2\/posts\/277591","targetHints":{"allow":["GET"]}}],"collection":[{"href":"https:\/\/www.europesays.com\/es\/wp-json\/wp\/v2\/posts"}],"about":[{"href":"https:\/\/www.europesays.com\/es\/wp-json\/wp\/v2\/types\/post"}],"author":[{"embeddable":true,"href":"https:\/\/www.europesays.com\/es\/wp-json\/wp\/v2\/users\/2"}],"replies":[{"embeddable":true,"href":"https:\/\/www.europesays.com\/es\/wp-json\/wp\/v2\/comments?post=277591"}],"version-history":[{"count":0,"href":"https:\/\/www.europesays.com\/es\/wp-json\/wp\/v2\/posts\/277591\/revisions"}],"wp:featuredmedia":[{"embeddable":true,"href":"https:\/\/www.europesays.com\/es\/wp-json\/wp\/v2\/media\/277592"}],"wp:attachment":[{"href":"https:\/\/www.europesays.com\/es\/wp-json\/wp\/v2\/media?parent=277591"}],"wp:term":[{"taxonomy":"category","embeddable":true,"href":"https:\/\/www.europesays.com\/es\/wp-json\/wp\/v2\/categories?post=277591"},{"taxonomy":"post_tag","embeddable":true,"href":"https:\/\/www.europesays.com\/es\/wp-json\/wp\/v2\/tags?post=277591"}],"curies":[{"name":"wp","href":"https:\/\/api.w.org\/{rel}","templated":true}]}}