{"id":277606,"date":"2025-12-08T12:03:09","date_gmt":"2025-12-08T12:03:09","guid":{"rendered":"https:\/\/www.europesays.com\/es\/277606\/"},"modified":"2025-12-08T12:03:09","modified_gmt":"2025-12-08T12:03:09","slug":"el-presidente-del-consejo-europeo-responde-a-la-estrategia-de-trump-de-impulsar-a-los-ultras-la-amenaza-de-interferencia-politica-es-inaceptable-internacional","status":"publish","type":"post","link":"https:\/\/www.europesays.com\/es\/277606\/","title":{"rendered":"El presidente del Consejo Europeo responde a la estrategia de Trump de impulsar a los ultras: \u201cLa amenaza de interferencia pol\u00edtica es inaceptable\u201d | Internacional"},"content":{"rendered":"<p class=\"\">Europa despierta a la realidad de su divorcio con Estados Unidos. El presidente del Consejo Europeo, Ant\u00f3nio Costa, ha cargado este lunes contra la nueva estrategia de seguridad nacional de la Administraci\u00f3n de Donald Trump, <a href=\"https:\/\/elpais.com\/internacional\/2025-12-05\/trump-advierte-de-que-europa-se-enfrenta-a-la-desaparicion-de-su-civilizacion.html\" target=\"_self\" rel=\"nofollow noopener\" title=\"https:\/\/elpais.com\/internacional\/2025-12-05\/trump-advierte-de-que-europa-se-enfrenta-a-la-desaparicion-de-su-civilizacion.html\">que el pasado viernes se marc\u00f3 como objetivo<\/a> apoyar a las formaciones pol\u00edticas ultras, euroesc\u00e9pticas y reaccionarias, a las que denomina como \u201cfuerzas patri\u00f3ticas\u201d. \u201cNo podemos aceptar esa amenaza de interferencia en la vida pol\u00edtica de Europa. EE UU no puede reemplazar a los ciudadanos europeos para elegir cu\u00e1les son los buenos partidos y los malos\u201d, ha remarcado Costa en una intervenci\u00f3n en una conferencia en el Instituto Jacques Delors, en Par\u00eds. Costa se refer\u00eda al documento en el que el Gobierno de EE UU se propon\u00eda \u201ccultivar la resistencia\u201d <a href=\"https:\/\/elpais.com\/opinion\/2025-12-06\/por-una-revolucion-antitrumpista.html\" target=\"_self\" rel=\"nofollow noopener\" title=\"https:\/\/elpais.com\/opinion\/2025-12-06\/por-una-revolucion-antitrumpista.html\">para \u201cayudar a Europa a corregir su trayectoria actual\u201d<\/a>. <\/p>\n<p class=\"\">\u201cLos aliados no interfieren en la vida pol\u00edtica ni en las decisiones pol\u00edticas de sus aliados, respetan su soberan\u00eda\u201d, ha zanjado el presidente del Consejo Europeo, el primero de la c\u00fapula europea en pronunciarse \u2014y muy claramente\u2014 <a href=\"https:\/\/elpais.com\/opinion\/2025-12-07\/la-doctrina-trump-contra-europa.html\" target=\"_self\" rel=\"nofollow noopener\" title=\"https:\/\/elpais.com\/opinion\/2025-12-07\/la-doctrina-trump-contra-europa.html\">sobre los embates de Washington a la Uni\u00f3n Europea<\/a>. El lugar elegido tampoco parece casual. Jacques Delors, presidente de la Comisi\u00f3n Europea entre 1985 y 1995, jug\u00f3 un papel clave en la creaci\u00f3n del mercado interior, el euro y fue un ardiente defensor de la integraci\u00f3n europea de la posguerra y arquitecto de la Uni\u00f3n Europea como la conocemos hoy.<\/p>\n<p class=\"\">Las palabras de Costa -antiguo primer ministro portugu\u00e9s y ahora presidente del Consejo Europeo, el \u00f3rgano que define las prioridades pol\u00edticas y la orientaci\u00f3n estrat\u00e9gica de la UE al reunir a los jefes de Estado y de Gobierno de los Estados miembros- llegan tras un intenso fin de semana, en el que figuras pol\u00edticas como los ministros de Exteriores de Francia, Jean-No\u00ebl Barrot, y de Polonia, Radoslaw Sikorski, eurodiputados o el ex primer ministro italiano Enrico Letta <a href=\"https:\/\/elpais.com\/internacional\/2025-12-07\/trump-pone-a-la-ue-ante-su-mayor-temor-la-injerencia-politica-de-su-gran-aliado.html\" target=\"_self\" rel=\"nofollow noopener\" title=\"https:\/\/elpais.com\/internacional\/2025-12-07\/trump-pone-a-la-ue-ante-su-mayor-temor-la-injerencia-politica-de-su-gran-aliado.html\">han defendido a la UE de los ataques de Washington<\/a>. <\/p>\n<p class=\"\">Poco a poco, los l\u00edderes europeos que no lo hab\u00edan hecho ya empiezan a digerir que, aunque en la teor\u00eda EE UU sigue considerando a la UE como aliado, <a href=\"https:\/\/elpais.com\/internacional\/2025-12-07\/trump-pone-a-la-ue-ante-su-mayor-temor-la-injerencia-politica-de-su-gran-aliado.html\" target=\"_self\" rel=\"nofollow noopener\" title=\"https:\/\/elpais.com\/internacional\/2025-12-07\/trump-pone-a-la-ue-ante-su-mayor-temor-la-injerencia-politica-de-su-gran-aliado.html\">su ret\u00f3rica y sus actos env\u00edan otro mensaje.<\/a> \u201cAhora est\u00e1 claro. Los discursos del [vicepresidente] J. D. Vance en M\u00fanich y los numerosos tuits del presidente Trump se han convertido oficialmente en la doctrina de EE UU. Y, por tanto, debemos actuar de manera acorde\u201d, ha se\u00f1alado Costa, que ha reclamado un compromiso reforzado con la construcci\u00f3n de una Europa que comprenda que <a href=\"https:\/\/elpais.com\/internacional\/2025-11-30\/la-ue-pierde-peso-geopolitico-por-miedo-a-enfrentarse-a-trump.html\" target=\"_self\" rel=\"nofollow noopener\" title=\"https:\/\/elpais.com\/internacional\/2025-11-30\/la-ue-pierde-peso-geopolitico-por-miedo-a-enfrentarse-a-trump.html\">las relaciones entre los aliados y las alianzas forjadas tras la II Guerra Mundial han cambiado<\/a>. <\/p>\n<p class=\"\">El presidente del Consejo Europeo ha llamado a impulsar el mercado \u00fanico y a abordar todas las preocupaciones de la ciudadan\u00eda europea, como la falta de una vivienda asequible. Tambi\u00e9n a no quedarse replegada sobre s\u00ed misma y aprovechar la capacidad comercial que le da estar formado por 27 pa\u00edses y un potencial de 450 millones de ciudadanos que pueden ayudar a la Uni\u00f3n a forjar nuevas alianzas y mirar hacia otras zonas, como lo est\u00e1 haciendo al rubricar nuevos acuerdos comerciales con pa\u00edses como Indonesia o M\u00e9xico. Si todo va seg\u00fan lo previsto, tambi\u00e9n lo har\u00e1 con los pa\u00edses de Mercosur antes de final de a\u00f1o. Este pacto crear\u00eda la mayor zona de libre comercio del mundo.<\/p>\n<p class=\"\">Tambi\u00e9n, ha zanjado Costa, debe asumir la necesidad de acelerar el paso para hacerse cargo de su propia seguridad, que ahora tiene externalizada a Estados Unidos. Esa dependencia de Washington debe reducirse. \u201cLo que est\u00e1 sucediendo tambi\u00e9n tiene consecuencias para nuestra seguridad y el correcto funcionamiento de nuestras Fuerzas Armadas\u201d, ha dicho el mandatario, que ha remarcado que <a href=\"https:\/\/elpais.com\/opinion\/2025-12-08\/la-gran-campana-coordinada-contra-la-ue.html\" target=\"_self\" rel=\"nofollow noopener\" title=\"https:\/\/elpais.com\/opinion\/2025-12-08\/la-gran-campana-coordinada-contra-la-ue.html\">si Rusia comparte las doctrinas de la estrategia de seguridad de EE UU en lo relativo a Europa<\/a>, como ha reconocido el Kremlin, eso ya deber\u00eda dar una pista.<\/p>\n<p class=\"\">\u201cYa sabemos que Europa y Estados Unidos no comparten la misma visi\u00f3n del orden internacional. En Europa seguimos siendo defensores del multilateralismo, creemos en un orden internacional basado en normas, creemos en la ciencia, creemos en la libertad cient\u00edfica y no ignoramos desaf\u00edos globales como el cambio clim\u00e1tico. Estados Unidos ya no cree en el multilateralismo, ni siquiera cree en el orden internacional basado en reglas y cree que el cambio clim\u00e1tico es un enga\u00f1o\u201d, ha se\u00f1alado Costa. \u201cTenemos diferentes visiones del mundo. Esta estrategia sigue considerando a Europa como un aliado, pero si somos aliados, debemos actuar como aliados\u201d, ha dicho Costa, que ha pedido respeto a la vida pol\u00edtica europea.<\/p>\n<p class=\"\">La <a href=\"https:\/\/www.whitehouse.gov\/wp-content\/uploads\/2025\/12\/2025-National-Security-Strategy.pdf\" target=\"_self\" rel=\"nofollow noopener\" title=\"https:\/\/www.whitehouse.gov\/wp-content\/uploads\/2025\/12\/2025-National-Security-Strategy.pdf\">nueva estrategia de seguridad nacional de Trump<\/a>, que asegura que Europa, por su diversidad y pol\u00edticas migratorias \u201cse enfrenta a la desaparici\u00f3n de su civilizaci\u00f3n\u201d, ha llegado acompa\u00f1ada de una intensa campa\u00f1a anti-UE por parte de los tecnooligarcas del c\u00edrculo del presidente de Estados Unidos, como Elon Musk, que han llamado directamente a abolirla despu\u00e9s de que <a href=\"https:\/\/elpais.com\/tecnologia\/2025-12-05\/bruselas-multa-con-120-millones-a-x-por-falta-de-transparencia-con-la-publicidad-y-el-diseno-enganoso-de-su-blue-check.html\" target=\"_self\" rel=\"nofollow noopener\" title=\"https:\/\/elpais.com\/tecnologia\/2025-12-05\/bruselas-multa-con-120-millones-a-x-por-falta-de-transparencia-con-la-publicidad-y-el-diseno-enganoso-de-su-blue-check.html\">la Comisi\u00f3n Europea le multase con 120 millones de euros por falta de transparencia<\/a> con la publicidad en la red social X (antes Twitter). El domingo, el due\u00f1o de X y de Tesla retir\u00f3 a la Comisi\u00f3n Europea \u2014que usa esa red social muy activamente para sus anuncios e incluso para difundir sus intervenciones en directo\u2014la capacidad de gestionar su panel de control para la compra y seguimiento de anuncios.<\/p>\n<p class=\"\">Los mensajes de Musk, alabados adem\u00e1s por rivales de la UE, como Rusia, siguen a un serio intento de chantaje de la Administraci\u00f3n estadounidense, que ha reclamado a la UE que rebaje sus reglas tecnol\u00f3gicas y de protecci\u00f3n de datos a cambio de revisar su pol\u00edtica arancelaria. \u201cEstados Unidos no puede reemplazar a Europa en su visi\u00f3n de la libertad de expresi\u00f3n\u201d, ha dicho Costa. \u201cNuestra historia nos ha ense\u00f1ado que no hay libertad de expresi\u00f3n sin libertad de informaci\u00f3n. Y la libertad de informaci\u00f3n requiere el m\u00e1ximo respeto al pluralismo. Y, por tanto, no habr\u00e1 libertad de informaci\u00f3n si alguien tiene el monopolio del software. No habr\u00e1 libertad de expresi\u00f3n si se sacrifica la libertad de informaci\u00f3n de los ciudadanos para defender a los oligarcas tecnol\u00f3gicos de Estados Unidos\u201d, ha zanjado el presidente del Consejo Europeo.<\/p>\n","protected":false},"excerpt":{"rendered":"Europa despierta a la realidad de su divorcio con Estados Unidos. El presidente del Consejo Europeo, Ant\u00f3nio Costa,&hellip;\n","protected":false},"author":2,"featured_media":277607,"comment_status":"","ping_status":"","sticky":false,"template":"","format":"standard","meta":{"footnotes":""},"categories":[42],"tags":[8738,17,18,70,71,72,700,13,14,69,7082,11,61,62,63,64,19,20,9,10,15,16,1613,1614,12,7081,21,22,1617,65,66,67],"class_list":{"0":"post-277606","1":"post","2":"type-post","3":"status-publish","4":"format-standard","5":"has-post-thumbnail","7":"category-internacional","8":"tag-ataques-militares","9":"tag-breaking-news","10":"tag-breakingnews","11":"tag-conflictos","12":"tag-conflictos-armados","13":"tag-conflictos-internacionales","14":"tag-europa","15":"tag-featured-news","16":"tag-featurednews","17":"tag-guerra","18":"tag-guerra-de-rusia-en-ucrania","19":"tag-headlines","20":"tag-internacional","21":"tag-international","22":"tag-international-news","23":"tag-internationalnews","24":"tag-latest-news","25":"tag-latestnews","26":"tag-news","27":"tag-noticias","28":"tag-noticias-destacadas","29":"tag-noticiasdestacadas","30":"tag-otan","31":"tag-rusia","32":"tag-titulares","33":"tag-ucrania","34":"tag-ultimas-noticias","35":"tag-ultimasnoticias","36":"tag-union-europea","37":"tag-world","38":"tag-world-news","39":"tag-worldnews"},"share_on_mastodon":{"url":"","error":"Validation failed: Text character limit of 500 exceeded"},"_links":{"self":[{"href":"https:\/\/www.europesays.com\/es\/wp-json\/wp\/v2\/posts\/277606","targetHints":{"allow":["GET"]}}],"collection":[{"href":"https:\/\/www.europesays.com\/es\/wp-json\/wp\/v2\/posts"}],"about":[{"href":"https:\/\/www.europesays.com\/es\/wp-json\/wp\/v2\/types\/post"}],"author":[{"embeddable":true,"href":"https:\/\/www.europesays.com\/es\/wp-json\/wp\/v2\/users\/2"}],"replies":[{"embeddable":true,"href":"https:\/\/www.europesays.com\/es\/wp-json\/wp\/v2\/comments?post=277606"}],"version-history":[{"count":0,"href":"https:\/\/www.europesays.com\/es\/wp-json\/wp\/v2\/posts\/277606\/revisions"}],"wp:featuredmedia":[{"embeddable":true,"href":"https:\/\/www.europesays.com\/es\/wp-json\/wp\/v2\/media\/277607"}],"wp:attachment":[{"href":"https:\/\/www.europesays.com\/es\/wp-json\/wp\/v2\/media?parent=277606"}],"wp:term":[{"taxonomy":"category","embeddable":true,"href":"https:\/\/www.europesays.com\/es\/wp-json\/wp\/v2\/categories?post=277606"},{"taxonomy":"post_tag","embeddable":true,"href":"https:\/\/www.europesays.com\/es\/wp-json\/wp\/v2\/tags?post=277606"}],"curies":[{"name":"wp","href":"https:\/\/api.w.org\/{rel}","templated":true}]}}