{"id":277614,"date":"2025-12-08T12:13:13","date_gmt":"2025-12-08T12:13:13","guid":{"rendered":"https:\/\/www.europesays.com\/es\/277614\/"},"modified":"2025-12-08T12:13:13","modified_gmt":"2025-12-08T12:13:13","slug":"como-les-ha-ido-a-los-8-debutantes","status":"publish","type":"post","link":"https:\/\/www.europesays.com\/es\/277614\/","title":{"rendered":"c\u00f3mo les ha ido a los 8 debutantes"},"content":{"rendered":"<p>La jornada posterior a las Ventanas FIBA de noviembre han removido el mercado, con los equipos en busca de mejorar sus plantillas de cara al resto de la temporada. Este fin de semana nos ha dejado con un buen n\u00famero de nuevos jugadores que se han incorporado a la competici\u00f3n.<\/p>\n<p>M\u00e1s |\u00a0<a href=\"https:\/\/www.gigantes.com\/liga-endesa\/jornada-9-acb-resultados-resumen\/\" rel=\"nofollow noopener\" target=\"_blank\">Qu\u00e9 ha pasado hoy en la Liga Endesa: Resumen, resultados y claves de la jornada 9<\/a><\/p>\n<p>A continuaci\u00f3n, en <a href=\"https:\/\/www.gigantes.com\/\" rel=\"nofollow noopener\" target=\"_blank\">Gigantes del Basket<\/a> repasamos c\u00f3mo han sido los estrenos de cada jugador.<\/p>\n<p>Gytis Radzevicius \u2013 Baskonia<\/p>\n<p>El alero lituano firm\u00f3 con el Baskonia tras la salida de Hamidou Diallo, y aunque no cubre su hueco en el mismo rol, ha tenido su espacio nada m\u00e1s llegar al equipo. El ex de Rytas Vilnius ya fue titular en su primera aparici\u00f3n en la Euroliga, con apenas un entrenamiento, y repiti\u00f3 quinteto titular <a href=\"https:\/\/www.gigantes.com\/liga-endesa\/baskonia-valencia-basket-resultado-resumen-cronica\/\" rel=\"nofollow noopener\" target=\"_blank\">ante el Valencia Basket<\/a>. De todos los debutantes, Radzevicius fue quien m\u00e1s minutos tuvo (25), aportando 5 puntos, 4 rebotes y 1 asistencia, aunque Paolo Galbiati enfatiz\u00f3 tras el encuentro que su valor est\u00e1 en los intangibles.<\/p>\n<p>Christ Koumadje \u2013 Casademont Zaragoza<\/p>\n<p>El nuevo techo de la Liga Endesa (2,24 metros) se estren\u00f3 con victoria y una producci\u00f3n anotadora sobresaliente en lo estad\u00edstico en relaci\u00f3n a su minutaje. Koumadje firm\u00f3 9 puntos sin fallo en sus tiros de campo (4\/4) en apenas 9 minutos, a pesar de que desde el tiro libre solamente anot\u00f3 uno de sus cinco intentos. El p\u00edvot tambi\u00e9n capturo seis rebotes, recuper\u00f3 un bal\u00f3n y coloc\u00f3 un tap\u00f3n, pero cometi\u00f3 tres p\u00e9rdidas. <\/p>\n<blockquote class=\"twitter-tweet\">\n<p lang=\"es\" dir=\"ltr\">\u00a1Koumadjeeee!<\/p>\n<p>La hunde <a href=\"https:\/\/twitter.com\/trayway312?ref_src=twsrc%5Etfw\" rel=\"nofollow noopener\" target=\"_blank\">@trayway312<\/a> para cerrar la primera parte \ud83d\udea8\ud83d\ude2c<\/p>\n<p><a href=\"https:\/\/t.co\/49mwhvrf5h\" rel=\"nofollow\">pic.twitter.com\/49mwhvrf5h<\/a><\/p>\n<p>\u2014 Gigantes del Basket (@GIGANTESbasket) <a href=\"https:\/\/twitter.com\/GIGANTESbasket\/status\/1997398613274595690?ref_src=twsrc%5Etfw\" rel=\"nofollow noopener\" target=\"_blank\">December 6, 2025<\/a><\/p><\/blockquote>\n<p><a href=\"https:\/\/www.gigantes.com\/liga-endesa\/quien-chase-audige-fichaje-unicaja\/\" rel=\"nofollow noopener\" target=\"_blank\">Chase Audige<\/a> \u2013 Unicaja<\/p>\n<p>El escolta fue el \u00fanico de los dos fichajes (Augustine Rubit no fue convocado por enfermedad) en debutar con Ibon Navarro. El estadounidense, a\u00fan por entrar completamente en din\u00e1mica, solo tuvo una rotaci\u00f3n de 3:39 minutos sin anotaci\u00f3n en un partido marcado por la igualdad final ante el Hiopos Lleida.<\/p>\n<p>William Howard y Amida Brimah \u2013 Coviran Granada<\/p>\n<p>Ram\u00f3n D\u00edaz, quien no podr\u00e1 contar en un tiempo con Elias Valtonen ni Jovan Kljaji\u0107, sac\u00f3 a pista a sus dos nuevas piezas, aunque por tiempo reducido: William Howard, quien pudo suma sus primeros puntos con un mate, disput\u00f3 casi 10 minutos, mientras que Amida Brimah tuco dos minutos.<\/p>\n<p>Ethan Happ \u2013 Recoletas Salud San Pablo Burgos<\/p>\n<p>Ethan Happ volvi\u00f3 a competir en un partido oficial desde octubre de 2024. El p\u00edvot, en un partido en el que el equipo burgal\u00e9s fue a remolque desde el primer cuarto, cont\u00f3 con 18:44 minutos para sumar 6 puntos (1\/6 tiros de campo), 2 rebotes y 3 asistencias. Una primera toma de contacto que evidencia que el jugador ir\u00e1 de menos a m\u00e1s tras su inactividad.<\/p>\n<p>Dylan Bord\u00f3n \u2013 La Laguna Tenerife<\/p>\n<p>El exterior uruguayo fue incorporado el verano pasado a la disciplina de La Laguna Tenerife con miras de poder sumarse poco a poco al primer equipo. Sin Marcelinho Huertas en la convocatoria, Txus Vidorreta le dio la primera oportunidad a la estrella de la Liga U, que dej\u00f3 alguna acci\u00f3n ilusionante <a href=\"https:\/\/www.gigantes.com\/liga-endesa\/laguna-tenerife-real-madrid-resultado-resumen-cronica\/\" rel=\"nofollow noopener\" target=\"_blank\">ante un rival de lo m\u00e1s exigente<\/a> como es el Real Madrid. En 10 minutos, a Bord\u00f3n le dio tiempo a anotar su primera canasta en la competici\u00f3n y recuperar tres balones.<\/p>\n<p>Gerard Fern\u00e1ndez \u2013 BAXI Manresa<\/p>\n<p>El joven de 17 a\u00f1os no olvidar\u00e1 su primera canasta a nivel profesional. Gerard Fern\u00e1ndez, canterano del BAXI Manresa, fue llamado por Diego Ocampo y dio una buena muestra de personalidad en su primera acci\u00f3n del partido: recibi\u00f3 en contraataque y no se lo pens\u00f3 dos veces para anotar el triple.<\/p>\n<blockquote class=\"twitter-tweet\">\n<p lang=\"es\" dir=\"ltr\">\u00bfRecuerdas este triple de Gerard Fern\u00e1ndez desde media cancha en pretemporada para ganar al Hiopos Lleida? Hoy ha debutado en la <a href=\"https:\/\/twitter.com\/ACBCOM?ref_src=twsrc%5Etfw\" rel=\"nofollow noopener\" target=\"_blank\">@ACBCOM<\/a> con el <a href=\"https:\/\/twitter.com\/BasquetManresa?ref_src=twsrc%5Etfw\" rel=\"nofollow noopener\" target=\"_blank\">@BasquetManresa<\/a>. <\/p>\n<p>\u00bfEl primer bal\u00f3n que ha tocado? \ud83c\udfaf\ud83c\udfaf\ud83c\udfaf<a href=\"https:\/\/t.co\/RiV1Vqa1AI\" rel=\"nofollow\">pic.twitter.com\/RiV1Vqa1AI<\/a> <a href=\"https:\/\/t.co\/TuY3U0Cw03\" rel=\"nofollow\">https:\/\/t.co\/TuY3U0Cw03<\/a><\/p>\n<p>\u2014 Gigantes del Basket (@GIGANTESbasket) <a href=\"https:\/\/twitter.com\/GIGANTESbasket\/status\/1997635860246720533?ref_src=twsrc%5Etfw\" rel=\"nofollow noopener\" target=\"_blank\">December 7, 2025<\/a><\/p><\/blockquote>\n<p class=\"has-text-align-right\">Foto: acb Photo<\/p>\n<p><img decoding=\"async\" src=\"https:\/\/www.europesays.com\/es\/wp-content\/uploads\/2025\/09\/1757543349_382_mtracking.gif\" alt=\"Etiquetas de Mautic\" style=\"display:none;\"\/><br \/>\n\t\t\t\t\t<script async src=\"https:\/\/platform.twitter.com\/widgets.js\" charset=\"utf-8\"><\/script><\/p>\n","protected":false},"excerpt":{"rendered":"La jornada posterior a las Ventanas FIBA de noviembre han removido el mercado, con los equipos en busca&hellip;\n","protected":false},"author":2,"featured_media":277615,"comment_status":"","ping_status":"","sticky":false,"template":"","format":"standard","meta":{"footnotes":""},"categories":[269],"tags":[299,298,168,25,24,665,23,167],"class_list":{"0":"post-277614","1":"post","2":"type-post","3":"status-publish","4":"format-standard","5":"has-post-thumbnail","7":"category-baloncesto","8":"tag-baloncesto","9":"tag-basketball","10":"tag-deportes","11":"tag-es","12":"tag-espana","13":"tag-liga-endesa","14":"tag-spain","15":"tag-sports"},"share_on_mastodon":{"url":"https:\/\/pubeurope.com\/@es\/115683892751802159","error":""},"_links":{"self":[{"href":"https:\/\/www.europesays.com\/es\/wp-json\/wp\/v2\/posts\/277614","targetHints":{"allow":["GET"]}}],"collection":[{"href":"https:\/\/www.europesays.com\/es\/wp-json\/wp\/v2\/posts"}],"about":[{"href":"https:\/\/www.europesays.com\/es\/wp-json\/wp\/v2\/types\/post"}],"author":[{"embeddable":true,"href":"https:\/\/www.europesays.com\/es\/wp-json\/wp\/v2\/users\/2"}],"replies":[{"embeddable":true,"href":"https:\/\/www.europesays.com\/es\/wp-json\/wp\/v2\/comments?post=277614"}],"version-history":[{"count":0,"href":"https:\/\/www.europesays.com\/es\/wp-json\/wp\/v2\/posts\/277614\/revisions"}],"wp:featuredmedia":[{"embeddable":true,"href":"https:\/\/www.europesays.com\/es\/wp-json\/wp\/v2\/media\/277615"}],"wp:attachment":[{"href":"https:\/\/www.europesays.com\/es\/wp-json\/wp\/v2\/media?parent=277614"}],"wp:term":[{"taxonomy":"category","embeddable":true,"href":"https:\/\/www.europesays.com\/es\/wp-json\/wp\/v2\/categories?post=277614"},{"taxonomy":"post_tag","embeddable":true,"href":"https:\/\/www.europesays.com\/es\/wp-json\/wp\/v2\/tags?post=277614"}],"curies":[{"name":"wp","href":"https:\/\/api.w.org\/{rel}","templated":true}]}}