{"id":277646,"date":"2025-12-08T12:40:25","date_gmt":"2025-12-08T12:40:25","guid":{"rendered":"https:\/\/www.europesays.com\/es\/277646\/"},"modified":"2025-12-08T12:40:25","modified_gmt":"2025-12-08T12:40:25","slug":"entre-el-minimalismo-y-el-aburrimiento-por-que-la-eleccion-del-blanco-como-color-del-ano-despierta-debates","status":"publish","type":"post","link":"https:\/\/www.europesays.com\/es\/277646\/","title":{"rendered":"\u00bfEntre el minimalismo y el aburrimiento?: por qu\u00e9 la elecci\u00f3n del blanco como color del a\u00f1o despierta debates"},"content":{"rendered":"<p><img alt=\"La elecci\u00f3n de Cloud Dancer\" class=\"global-image\" decoding=\"async\" fetchpriority=\"high\" height=\"816\" loading=\"eager\" src=\"https:\/\/www.europesays.com\/es\/wp-content\/uploads\/2025\/12\/KMR3C23P6FGWPN7F5BNE3XWW2I.jpg\" width=\"1456\"\/>La elecci\u00f3n de Cloud Dancer como color del a\u00f1o 2026 por Pantone reaviva el debate sobre la p\u00e9rdida de diversidad crom\u00e1tica en la sociedad &#8211; (Imagen Ilustrativa Infobae)<\/p>\n<p class=\"paragraph\">La elecci\u00f3n de <b>Cloud Dancer<\/b> \u2014un blanco et\u00e9reo\u2014 como<a href=\"https:\/\/www.infobae.com\/tag\/color\/\" target=\"_blank\" rel=\"noreferrer nofollow noopener\" title=\"https:\/\/www.infobae.com\/tag\/color\/\"> color<\/a> del a\u00f1o<a href=\"https:\/\/www.infobae.com\/tag\/-2026\/\" target=\"_blank\" rel=\"noreferrer nofollow noopener\" title=\"https:\/\/www.infobae.com\/tag\/-2026\/\"> 2026 <\/a>por parte de <b>Pantone<\/b> reabre un debate inquietante: \u00bfla sociedad est\u00e1 perdiendo, poco a poco, el gusto y la diversidad crom\u00e1tica en su entorno cotidiano? <\/p>\n<p class=\"paragraph\">El anuncio, realizado en diciembre de 2025, coincide con investigaciones que detectan un desplazamiento progresivo hacia tonos neutros y grises en diversidad de objetos, espacios y branding, alimentando la percepci\u00f3n de que el mundo se viste, cada vez m\u00e1s, de uniformidad visual. En tanto, <b>Pantone<\/b>, autoridad internacional en materia crom\u00e1tica, defini\u00f3 esta elecci\u00f3n apelando a la necesidad de serenidad y claridad en un periodo de transformaciones. <\/p>\n<p class=\"paragraph\"><b>Leatrice Eiseman<\/b>, directora ejecutiva del Pantone Color Institute, afirm\u00f3: \u201cCloud Dancer promete claridad y simboliza una declaraci\u00f3n consciente de simplificaci\u00f3n; favorece la concentraci\u00f3n y ayuda a liberarse de distracciones\u201d. En la misma l\u00ednea, <b>Laurie Pressman<\/b>, vicepresidenta del instituto, inst\u00f3 a \u201cutilizar la imaginaci\u00f3n para adaptar el blanco a la identidad de cada persona\u201d.<\/p>\n<p><img alt=\"El predominio de tonos neutros\" class=\"global-image\" decoding=\"async\" fetchpriority=\"low\" height=\"816\" loading=\"lazy\" src=\"https:\/\/www.europesays.com\/es\/wp-content\/uploads\/2025\/12\/BK44KCKVY5BMNGSVDRVPKJIB2M.jpg\" width=\"1456\"\/>El predominio de tonos neutros y grises en objetos y espacios refleja una tendencia global hacia la uniformidad visual y el minimalismo &#8211; (Imagen Ilustrativa Infobae)<\/p>\n<p class=\"paragraph\">Sin embargo, la neutralidad del blanco genera cuestionamientos. En momentos donde el significado pol\u00edtico y social de la blancura permea los debates en <b>Estados Unidos<\/b> y Europa, la decisi\u00f3n fue interpretada por algunos sectores como una manera de eludir discusiones complejas. Medios como ARTnews se\u00f1alan que Pantone opt\u00f3 intencionalmente por una postura menos pol\u00edtica, aunque existen quienes advierten sobre riesgos de <b>homogeneizaci\u00f3n y daltonismo social<\/b>.<\/p>\n<p class=\"paragraph\">La preponderancia de los tonos grises y neutros se sustenta en evidencia concreta. <a href=\"https:\/\/lab.sciencemuseum.org.uk\/colour-shape-using-computer-vision-to-explore-the-science-museum-c4b4f1cbd72c\" target=\"_blank\" rel=\"noreferrer nofollow noopener\" title=\"https:\/\/lab.sciencemuseum.org.uk\/colour-shape-using-computer-vision-to-explore-the-science-museum-c4b4f1cbd72c\">Un estudio<\/a> del <b>Science Museum Group<\/b>, revisado por <b>Cath Sleeman<\/b>, analiz\u00f3 m\u00e1s de 7.000 objetos de uso cotidiano desde el siglo XIX. Mientras en el pasado los objetos monocrom\u00e1ticos representaban solo el 15%, hoy cerca del 60% de los art\u00edculos fabricados \u2014ya sean materiales, muebles o dispositivos\u2014 son negros, blancos o grises. <\/p>\n<p class=\"paragraph\">El gris carb\u00f3n oscuro es, de hecho, el color m\u00e1s recurrente, presente en m\u00e1s del 80% de las fotograf\u00edas del muestreo, aunque en proporciones discretas en cada imagen. Sectores clave ilustran este fen\u00f3meno: en la industria automotriz, casi tres de cada cuatro veh\u00edculos nuevos exhiben carrocer\u00edas en escala de grises. <\/p>\n<p class=\"paragraph\">En decoraci\u00f3n, colores como alabastro, lino o niebla lideran las ventas de pinturas. Sleeman se\u00f1ala que esta expansi\u00f3n del gris est\u00e1 acompa\u00f1ada por un descenso en la presencia de marrones y amarillos, efecto derivado del abandono de la madera \u2014material c\u00e1lido y colorido\u2014 en beneficio de pl\u00e1sticos y metales.<\/p>\n<p><img alt=\"Estudios del Science Museum Group\" class=\"global-image\" decoding=\"async\" fetchpriority=\"low\" height=\"816\" loading=\"lazy\" src=\"https:\/\/www.europesays.com\/es\/wp-content\/uploads\/2025\/12\/VXCGAF3FDNGSFBIMSAGG23CE7M.jpg\" width=\"1456\"\/>Estudios del Science Museum Group muestran que el 60% de los art\u00edculos actuales son negros, blancos o grises, frente al 15% en el siglo XIX  &#8211; (Imagen Ilustrativa Infobae)<\/p>\n<p class=\"paragraph\">Para la analista de tendencias <b>Aleksandra P\u0119kala<\/b>, \u201cel mundo parece desaparecer en una versi\u00f3n gris de s\u00ed mismo\u201d. Advierte que esta homogeneizaci\u00f3n afecta tanto a los productos como a la identidad de las marcas. <\/p>\n<p class=\"paragraph\">El auge de los neutros responde a la convergencia de factores materiales, estil\u00edsticos y sociales: la transici\u00f3n de materiales, sumada al minimalismo y el modernismo, foment\u00f3 una preferencia por formas puras y tonos apagados, en b\u00fasqueda de <b>armon\u00eda y orden<\/b> en los ambientes.<\/p>\n<p class=\"paragraph\">La practicidad y el bajo costo de los materiales industriales, combinados con el influjo de las modas, consolidaron los tonos neutros. P\u0119kala apunta que podr\u00eda existir <b>un deseo inconsciente de simplicidad en un entorno sobrecargado de est\u00edmulos e informaci\u00f3n<\/b>, favoreciendo espacios visualmente tranquilos.<\/p>\n<p class=\"paragraph\">Desde la neuroest\u00e9tica, est\u00e1 demostrado que el color influye en el \u00e1nimo y la cognici\u00f3n. El rojo eleva la frecuencia card\u00edaca; el azul, asociado a la tranquilidad; el verde potencia la concentraci\u00f3n; el amarillo se vincula a la felicidad. <b>Parad\u00f3jicamente, el blanco \u2014abundante en escuelas y oficinas\u2014 puede incrementar el estr\u00e9s y disminuir la concentraci\u00f3n<\/b>.<\/p>\n<p><img alt=\"La industria automotriz y la\" class=\"global-image\" decoding=\"async\" fetchpriority=\"low\" height=\"768\" loading=\"lazy\" src=\"https:\/\/www.europesays.com\/es\/wp-content\/uploads\/2025\/12\/XWFI5EU7WFEOVDIPCC4IJMBTZA.jpg\" width=\"1366\"\/>La industria automotriz y la decoraci\u00f3n lideran la preferencia por colores neutros, desplazando marrones y amarillos tradicionales &#8211; (Im\u00e1gen Ilustrativa Infobae)<\/p>\n<p class=\"paragraph\">Las preferencias del color var\u00edan seg\u00fan la edad y la cultura. P\u0119kala recoge estudios que revelan que los ni\u00f1os de tres a seis a\u00f1os muestran predilecci\u00f3n por colores brillantes y perciben emociones positivas en ellos. En contraste, la adultez en la cultura occidental se asocia a tonos opacos \u2014s\u00edmbolo de sofisticaci\u00f3n y profesionalismo\u2014 aunque esta regla no aplica en otras sociedades, como la india, donde los colores intensos mantienen su valor a lo largo de la vida.<\/p>\n<p class=\"paragraph\">La designaci\u00f3n de Cloud Dancer motiv\u00f3 reacciones diversas. Mientras publicaciones como Vogue lo defienden como un color que \u201cno perturba ni agita\u201d, voces cr\u00edticas alertan sobre los riesgos de presentar la blancura como paradigma universal. <\/p>\n<p class=\"paragraph\"><b>Vanessa Friedman<\/b>, de The New York Times, se\u00f1al\u00f3 que la selecci\u00f3n evocaba \u201casociaciones menos saludables\u201d, percepci\u00f3n que <b>Laurie Pressman<\/b>, de Pantone, rechaza asegurando la independencia respecto a los tonos de piel.<\/p>\n<p class=\"paragraph\">El debate cobra fuerza en el plano pol\u00edtico, donde la preferencia por tonos neutros puede interpretarse como una postura ante los dilemas de diversidad e inclusi\u00f3n. La exposici\u00f3n \u201cOn Whiteness\u201d, mencionada por <b>Alex Greenberger<\/b> en ARTnews, invita a profundizar en el significado y las implicancias del predominio de la blancura en la cultura visual actual.<\/p>\n<p><img alt=\"Expertos advierten que la homogeneizaci\u00f3n\" class=\"global-image\" decoding=\"async\" fetchpriority=\"low\" height=\"816\" loading=\"lazy\" src=\"https:\/\/www.europesays.com\/es\/wp-content\/uploads\/2025\/12\/5JLIYLNM4RDZ7KPOUHSOKHRD6U.jpg\" width=\"1456\"\/>Expertos advierten que la homogeneizaci\u00f3n crom\u00e1tica afecta la identidad de marcas y productos, impulsada por el auge del minimalismo y materiales industriales &#8211; (Imagen Ilustrativa Infobae)<\/p>\n<p class=\"paragraph\">En este panorama, emergen movimientos de resistencia. La <b>generaci\u00f3n Z<\/b> impulsa tendencias como el dopamine dressing, caracterizado por prendas y accesorios de colores intensos \u2014especialmente notorio durante la pandemia de COVID-19. <\/p>\n<p class=\"paragraph\">Las b\u00fasquedas de moda colorida en Pinterest aumentaron diecis\u00e9is veces en esa etapa, reflejando un deseo de <b>expresi\u00f3n individual y energ\u00eda<\/b>.<\/p>\n<p class=\"paragraph\">En branding, algunas marcas recuperan su identidad crom\u00e1tica para distinguirse en un mar de logotipos gris\u00e1ceos. P\u0119kala se\u00f1ala que la comprensi\u00f3n del impacto psicol\u00f3gico del color permite a las marcas diferenciarse, sobre todo al dirigirse a audiencias j\u00f3venes y diversas.<\/p>\n<p class=\"paragraph\">La tendencia hacia la neutralidad plantea una encrucijada: <b>\u00bfser\u00e1 el mundo un espacio cada vez m\u00e1s gris, o los consumidores y creadores recuperar\u00e1n el valor del color como se\u00f1as de identidad y diversidad?<\/b> Incorporar el color conscientemente en objetos, vestimenta, espacios y marcas permite desafiar la homogeneizaci\u00f3n visual, fomentando entornos donde la expresi\u00f3n y la diversidad prosperen.<\/p>\n","protected":false},"excerpt":{"rendered":"La elecci\u00f3n de Cloud Dancer como color del a\u00f1o 2026 por Pantone reaviva el debate sobre la p\u00e9rdida&hellip;\n","protected":false},"author":2,"featured_media":277647,"comment_status":"","ping_status":"","sticky":false,"template":"","format":"standard","meta":{"footnotes":""},"categories":[173],"tags":[229,233,231,230,232,234,146,147,25,24,23],"class_list":{"0":"post-277646","1":"post","2":"type-post","3":"status-publish","4":"format-standard","5":"has-post-thumbnail","7":"category-arte-y-diseno","8":"tag-arte","9":"tag-arte-y-diseno","10":"tag-arts","11":"tag-arts-and-design","12":"tag-design","13":"tag-diseno","14":"tag-entertainment","15":"tag-entretenimiento","16":"tag-es","17":"tag-espana","18":"tag-spain"},"share_on_mastodon":{"url":"https:\/\/pubeurope.com\/@es\/115683998289433888","error":""},"_links":{"self":[{"href":"https:\/\/www.europesays.com\/es\/wp-json\/wp\/v2\/posts\/277646","targetHints":{"allow":["GET"]}}],"collection":[{"href":"https:\/\/www.europesays.com\/es\/wp-json\/wp\/v2\/posts"}],"about":[{"href":"https:\/\/www.europesays.com\/es\/wp-json\/wp\/v2\/types\/post"}],"author":[{"embeddable":true,"href":"https:\/\/www.europesays.com\/es\/wp-json\/wp\/v2\/users\/2"}],"replies":[{"embeddable":true,"href":"https:\/\/www.europesays.com\/es\/wp-json\/wp\/v2\/comments?post=277646"}],"version-history":[{"count":0,"href":"https:\/\/www.europesays.com\/es\/wp-json\/wp\/v2\/posts\/277646\/revisions"}],"wp:featuredmedia":[{"embeddable":true,"href":"https:\/\/www.europesays.com\/es\/wp-json\/wp\/v2\/media\/277647"}],"wp:attachment":[{"href":"https:\/\/www.europesays.com\/es\/wp-json\/wp\/v2\/media?parent=277646"}],"wp:term":[{"taxonomy":"category","embeddable":true,"href":"https:\/\/www.europesays.com\/es\/wp-json\/wp\/v2\/categories?post=277646"},{"taxonomy":"post_tag","embeddable":true,"href":"https:\/\/www.europesays.com\/es\/wp-json\/wp\/v2\/tags?post=277646"}],"curies":[{"name":"wp","href":"https:\/\/api.w.org\/{rel}","templated":true}]}}